{"id":65109,"date":"2022-05-18T09:26:12","date_gmt":"2022-05-18T12:26:12","guid":{"rendered":"http:\/\/blogdoeloiltoncajuhy.com.br\/site\/?p=65109"},"modified":"2022-05-18T09:26:14","modified_gmt":"2022-05-18T12:26:14","slug":"sao-joao-de-bonfim-o-comeco","status":"publish","type":"post","link":"https:\/\/blogdoeloiltoncajuhy.com.br\/site\/sao-joao-de-bonfim-o-comeco\/","title":{"rendered":"S\u00e3o Jo\u00e3o de Bonfim: O come\u00e7o&#8230;"},"content":{"rendered":"\n<div class=\"wp-block-image\"><figure class=\"aligncenter size-large is-resized\"><a href=\"https:\/\/i0.wp.com\/blogdoeloiltoncajuhy.com.br\/site\/wp-content\/uploads\/2022\/05\/MC_Comeco-do-Sao-Joao.jpg\"><img data-recalc-dims=\"1\" fetchpriority=\"high\" decoding=\"async\" src=\"https:\/\/i0.wp.com\/blogdoeloiltoncajuhy.com.br\/site\/wp-content\/uploads\/2022\/05\/MC_Comeco-do-Sao-Joao.jpg?resize=768%2C539\" alt=\"\" class=\"wp-image-65110\" width=\"768\" height=\"539\" srcset=\"https:\/\/i0.wp.com\/blogdoeloiltoncajuhy.com.br\/site\/wp-content\/uploads\/2022\/05\/MC_Comeco-do-Sao-Joao.jpg?resize=1024%2C718&amp;ssl=1 1024w, https:\/\/i0.wp.com\/blogdoeloiltoncajuhy.com.br\/site\/wp-content\/uploads\/2022\/05\/MC_Comeco-do-Sao-Joao.jpg?resize=300%2C210&amp;ssl=1 300w, https:\/\/i0.wp.com\/blogdoeloiltoncajuhy.com.br\/site\/wp-content\/uploads\/2022\/05\/MC_Comeco-do-Sao-Joao.jpg?resize=768%2C538&amp;ssl=1 768w, https:\/\/i0.wp.com\/blogdoeloiltoncajuhy.com.br\/site\/wp-content\/uploads\/2022\/05\/MC_Comeco-do-Sao-Joao.jpg?w=1080&amp;ssl=1 1080w\" sizes=\"(max-width: 768px) 100vw, 768px\" \/><\/a><\/figure><\/div>\n\n\n\n<p>O S\u00e3o Jo\u00e3o na Pra\u00e7a Nova do Congresso teve in\u00edcio em 1968, quando um grupo de amigos, liderado por Caio Martins, armou uma barraca de palha em frente a 25 de Janeiro, mais animado clube social da \u00e9poca, localizado nos arredores da pra\u00e7a. Nesta, a turma de jovens passaria o dia ouvindo sanfoneiros e calumbis enquanto o forr\u00f3 interno n\u00e3o come\u00e7ava.<\/p>\n\n\n\n<p>O sucesso foi tamanho que no ano seguinte, mais barracas foram montadas e dois anos depois, em 1970, o ent\u00e3o prefeito Atahualpa Menezes, autorizou a instala\u00e7\u00e3o de um pequeno palco de madeira na pra\u00e7a.<\/p>\n\n\n\n<p>Contudo, a Prefeitura Municipal s\u00f3 assumiu a organiza\u00e7\u00e3o da festa a partir do governo de Miguel Abr\u00e3o Fahiel Filho, com a participa\u00e7\u00e3o direta de entidades representativas da sociedade bonfinense. Neste per\u00edodo, foi criado o \u201cArrai\u00e1 da Tapera\u201d e aconteceram as primeiras atra\u00e7\u00f5es musicais de renome nacional.<\/p>\n\n\n\n<p>Na gest\u00e3o de Antoninho Carvalho, o espa\u00e7o passou a contar com decora\u00e7\u00f5es tem\u00e1ticas e as manifesta\u00e7\u00f5es culturais locais ganharam maior destaque. A festa foi ganhando fama e, durante a administra\u00e7\u00e3o de C\u00e2ndido Augusto Martins, passou a ter maior divulga\u00e7\u00e3o nacional, padr\u00e3o que continuou sendo seguido pelos prefeitos Jos\u00e9 Leite, Jonas Costa e Alberto Ot\u00e1vio.<\/p>\n\n\n\n<p>Na gest\u00e3o de Carlos Brasileiro foi criado o slogan \u201cCapital Baiana do Forr\u00f3\u201d e, em 2008, o S\u00e3o Jo\u00e3o foi deslocado para o Parque da Cidade, j\u00e1 que o espa\u00e7o em torno da Pra\u00e7a Nova n\u00e3o suportava o p\u00fablico de milhares de pessoas presentes aos shows.<\/p>\n\n\n\n<p>Desde ent\u00e3o, a festa \u00e9 realizada no \u201cEspa\u00e7o Gonzag\u00e3o\u201d, passando pela organiza\u00e7\u00e3o dos prefeitos Paulo Machado e Edvaldo Martins Correia e, novamente Carlos Brasileiro, mantendo a tradi\u00e7\u00e3o de apresenta\u00e7\u00f5es culturais regionais e nacionais, hoje mesclando ritmo de forr\u00f3 p\u00e9 de serra, forr\u00f3 universit\u00e1rio, sertanejo, entre outros, com o intuito de atrair e agradar bonfinenses e turistas de todos os cantos do Brasil.<\/p>\n\n\n\n<p class=\"has-black-color has-text-color\"><strong><em>Fonte: Tito Rocha<\/em><\/strong><\/p>\n","protected":false},"excerpt":{"rendered":"<p>O S\u00e3o Jo\u00e3o na Pra\u00e7a Nova do Congresso teve in\u00edcio em 1968, quando um grupo de amigos, liderado por Caio Martins, armou uma barraca de palha em frente a 25 de Janeiro, mais animado clube social da \u00e9poca, localizado nos arredores da pra\u00e7a. Nesta, a turma de jovens passaria o dia ouvindo sanfoneiros e calumbis [&hellip;]<\/p>\n","protected":false},"author":2,"featured_media":65110,"comment_status":"open","ping_status":"open","sticky":false,"template":"","format":"standard","meta":{"_acf_changed":false,"_monsterinsights_skip_tracking":false,"_monsterinsights_sitenote_active":false,"_monsterinsights_sitenote_note":"","_monsterinsights_sitenote_category":0,"_jetpack_memberships_contains_paid_content":false,"footnotes":"","jetpack_publicize_message":"","jetpack_publicize_feature_enabled":true,"jetpack_social_post_already_shared":true,"jetpack_social_options":{"image_generator_settings":{"template":"highway","default_image_id":0,"font":"","enabled":false},"version":2}},"categories":[4],"tags":[],"class_list":["post-65109","post","type-post","status-publish","format-standard","has-post-thumbnail","hentry","category-local"],"acf":[],"jetpack_publicize_connections":[],"jetpack_featured_media_url":"https:\/\/i0.wp.com\/blogdoeloiltoncajuhy.com.br\/site\/wp-content\/uploads\/2022\/05\/MC_Comeco-do-Sao-Joao.jpg?fit=1080%2C757&ssl=1","jetpack_sharing_enabled":true,"publishpress_future_workflow_manual_trigger":{"enabledWorkflows":[]},"_links":{"self":[{"href":"https:\/\/blogdoeloiltoncajuhy.com.br\/site\/wp-json\/wp\/v2\/posts\/65109","targetHints":{"allow":["GET"]}}],"collection":[{"href":"https:\/\/blogdoeloiltoncajuhy.com.br\/site\/wp-json\/wp\/v2\/posts"}],"about":[{"href":"https:\/\/blogdoeloiltoncajuhy.com.br\/site\/wp-json\/wp\/v2\/types\/post"}],"author":[{"embeddable":true,"href":"https:\/\/blogdoeloiltoncajuhy.com.br\/site\/wp-json\/wp\/v2\/users\/2"}],"replies":[{"embeddable":true,"href":"https:\/\/blogdoeloiltoncajuhy.com.br\/site\/wp-json\/wp\/v2\/comments?post=65109"}],"version-history":[{"count":2,"href":"https:\/\/blogdoeloiltoncajuhy.com.br\/site\/wp-json\/wp\/v2\/posts\/65109\/revisions"}],"predecessor-version":[{"id":65112,"href":"https:\/\/blogdoeloiltoncajuhy.com.br\/site\/wp-json\/wp\/v2\/posts\/65109\/revisions\/65112"}],"wp:featuredmedia":[{"embeddable":true,"href":"https:\/\/blogdoeloiltoncajuhy.com.br\/site\/wp-json\/wp\/v2\/media\/65110"}],"wp:attachment":[{"href":"https:\/\/blogdoeloiltoncajuhy.com.br\/site\/wp-json\/wp\/v2\/media?parent=65109"}],"wp:term":[{"taxonomy":"category","embeddable":true,"href":"https:\/\/blogdoeloiltoncajuhy.com.br\/site\/wp-json\/wp\/v2\/categories?post=65109"},{"taxonomy":"post_tag","embeddable":true,"href":"https:\/\/blogdoeloiltoncajuhy.com.br\/site\/wp-json\/wp\/v2\/tags?post=65109"}],"curies":[{"name":"wp","href":"https:\/\/api.w.org\/{rel}","templated":true}]}}