{"id":65088,"date":"2022-05-17T21:00:31","date_gmt":"2022-05-18T00:00:31","guid":{"rendered":"http:\/\/blogdoeloiltoncajuhy.com.br\/site\/?p=65088"},"modified":"2022-05-17T21:00:37","modified_gmt":"2022-05-18T00:00:37","slug":"participantes-de-sessao-solene-na-camara-dos-deputados-reforcam-luta-pelo-fim-dos-manicomios","status":"publish","type":"post","link":"https:\/\/blogdoeloiltoncajuhy.com.br\/site\/participantes-de-sessao-solene-na-camara-dos-deputados-reforcam-luta-pelo-fim-dos-manicomios\/","title":{"rendered":"Participantes de sess\u00e3o solene na C\u00e2mara dos Deputados refor\u00e7am luta pelo fim dos manic\u00f4mios"},"content":{"rendered":"\n<p class=\"has-text-align-center has-medium-font-size\"><em>18 de maio e Dia Nacional da Luta Antimanicomial<\/em><\/p>\n\n\n\n<div class=\"wp-block-image\"><figure class=\"aligncenter size-full\"><a href=\"https:\/\/i0.wp.com\/blogdoeloiltoncajuhy.com.br\/site\/wp-content\/uploads\/2022\/05\/Camara-dos-Deputados-Sessao-solene-17052022.jpg\"><img data-recalc-dims=\"1\" fetchpriority=\"high\" decoding=\"async\" width=\"768\" height=\"512\" src=\"https:\/\/i0.wp.com\/blogdoeloiltoncajuhy.com.br\/site\/wp-content\/uploads\/2022\/05\/Camara-dos-Deputados-Sessao-solene-17052022.jpg?resize=768%2C512\" alt=\"\" class=\"wp-image-65089\" srcset=\"https:\/\/i0.wp.com\/blogdoeloiltoncajuhy.com.br\/site\/wp-content\/uploads\/2022\/05\/Camara-dos-Deputados-Sessao-solene-17052022.jpg?w=768&amp;ssl=1 768w, https:\/\/i0.wp.com\/blogdoeloiltoncajuhy.com.br\/site\/wp-content\/uploads\/2022\/05\/Camara-dos-Deputados-Sessao-solene-17052022.jpg?resize=300%2C200&amp;ssl=1 300w\" sizes=\"(max-width: 768px) 100vw, 768px\" \/><\/a><figcaption><sub>Foto: Elaine Menke\/C\u00e2mara dos Deputados<\/sub><\/figcaption><\/figure><\/div>\n\n\n\n<p>Parlamentares, representantes da sociedade civil organizada e dos usu\u00e1rios do sistema de sa\u00fade mental defenderam o fim do isolamento das pessoas que est\u00e3o em tratamento. Reunidos em sess\u00e3o solene nesta ter\u00e7a, 17, para celebrar o 18 de maio, <strong>Dia Nacional da Luta Antimanicomial<\/strong>, eles pediram apoio e recursos para a Rede de Aten\u00e7\u00e3o Psicossocial (Raps) do Sistema \u00danico de Sa\u00fade, o SUS.<\/p>\n\n\n\n<p>Em mensagem encaminhada ao Plen\u00e1rio, o presidente da C\u00e2mara, Arthur Lira (PP-AL), salientou que a cr\u00edtica ao tratamento nos manic\u00f4mios e a busca por um modelo que preserve os v\u00ednculos sociais s\u00e3o uma tend\u00eancia n\u00e3o s\u00f3 no Brasil, mas em todo o mundo.<\/p>\n\n\n\n<p>O Dia Nacional da Luta Antimanicomial \u00e9 comemorado h\u00e1 35 anos. O marco inicial, em 1987, foi o chamado manifesto de Bauru, que apontava as falhas do sistema de institucionaliza\u00e7\u00e3o dos pacientes e propunha uma nova abordagem no tratamento das doen\u00e7as mentais.<\/p>\n\n\n\n<p>Durante a sess\u00e3o solene, foram feitas v\u00e1rias cr\u00edticas \u00e0 atua\u00e7\u00e3o do governo federal na promo\u00e7\u00e3o da sa\u00fade mental. A representante do Mecanismo Nacional de Preven\u00e7\u00e3o e Combate \u00e0 Tortura, Carolina Lemos, salientou que o isolamento \u00e9 preconceituoso e faz um recorte de classe, ra\u00e7a e g\u00eanero, com a maioria das interna\u00e7\u00f5es sendo de pessoas pobres, negras e mulheres.<\/p>\n\n\n\n<p>\u201cSabemos que, nos \u00faltimos anos, a reforma psiqui\u00e1trica brasileira tem sofrido com diversos ataques e retrocessos, com o corte de recursos da rede de aten\u00e7\u00e3o psicossocial, e instrumentos legais de expans\u00e3o de hospitais psiqui\u00e1tricos e comunidades terap\u00eauticas, inclusive com regulamenta\u00e7\u00e3o do uso desse \u00faltimo tipo de institui\u00e7\u00e3o para adolescentes em conflito com a lei, medida contra a qual o mecanismo publicou nota t\u00e9cnica recentemente\u201d.<\/p>\n\n\n\n<p>Fernanda Magano, secret\u00e1ria geral da Federa\u00e7\u00e3o Nacional dos Psic\u00f3logos, tamb\u00e9m criticou o modelo das comunidades terap\u00eauticas.<\/p>\n\n\n\n<p>\u201cEsses novos manic\u00f4mios s\u00e3o escoadouros de dinheiro p\u00fablico para algo que n\u00e3o \u00e9 p\u00fablico, n\u00e3o \u00e9 laico e que tem feito absurdos, viol\u00eancias, mortes, torturas. Ent\u00e3o nossa posi\u00e7\u00e3o das entidades que participam do f\u00f3rum nacional de entidades da Psicologia brasileira \u00e9 \u2018n\u00e3o \u00e0 institucionaliza\u00e7\u00e3o da loucura\u2019, pelo cuidado em liberdade, pela diversidade, pela possibilidade da conviv\u00eancia e da sa\u00fade mental na sociedade\u201d.<\/p>\n\n\n\n<div class=\"wp-block-image\"><figure class=\"aligncenter size-full\"><a href=\"https:\/\/i0.wp.com\/blogdoeloiltoncajuhy.com.br\/site\/wp-content\/uploads\/2022\/05\/Camara-dos-Deputados-Sessao-solene-17052022-02.jpg\"><img data-recalc-dims=\"1\" decoding=\"async\" width=\"768\" height=\"512\" src=\"https:\/\/i0.wp.com\/blogdoeloiltoncajuhy.com.br\/site\/wp-content\/uploads\/2022\/05\/Camara-dos-Deputados-Sessao-solene-17052022-02.jpg?resize=768%2C512\" alt=\"\" class=\"wp-image-65090\" srcset=\"https:\/\/i0.wp.com\/blogdoeloiltoncajuhy.com.br\/site\/wp-content\/uploads\/2022\/05\/Camara-dos-Deputados-Sessao-solene-17052022-02.jpg?w=768&amp;ssl=1 768w, https:\/\/i0.wp.com\/blogdoeloiltoncajuhy.com.br\/site\/wp-content\/uploads\/2022\/05\/Camara-dos-Deputados-Sessao-solene-17052022-02.jpg?resize=300%2C200&amp;ssl=1 300w\" sizes=\"(max-width: 768px) 100vw, 768px\" \/><\/a><\/figure><\/div>\n\n\n\n<p>Uma das parlamentares proponentes da sess\u00e3o, a deputada Erika Kokay (PT-DF), citou dados divulgados pela imprensa de que, em 2016, ainda havia 159 manic\u00f4mios no pa\u00eds e acrescentou que, em 2018, uma inspe\u00e7\u00e3o em v\u00e1rias institui\u00e7\u00f5es constatou v\u00e1rias viola\u00e7\u00f5es de direitos.<\/p>\n\n\n\n<p>\u201cN\u00f3s vimos estruturas inadequadas, uso excessivo de conten\u00e7\u00f5es f\u00edsicas, pessoas submetidas a castigos, relatos de trabalhos for\u00e7ados, den\u00fancias de estupros, entre outros graves atentados aos direitos humanos. E \u00e9 preciso lembrar que dados do Minist\u00e9rio da Sa\u00fade apontam que temos em apenas 33% dos munic\u00edpios brasileiros institui\u00e7\u00f5es como os CAPS (Centros de Aten\u00e7\u00e3o Psicossocial) que anunciam como um servi\u00e7o substitutivo \u00e0 l\u00f3gica manicomial\u201d.<\/p>\n\n\n\n<p>Apresenta\u00e7\u00f5es de teatro e m\u00fasica fizeram parte da sess\u00e3o solene, confirmando a fala de um participante de que a arte colabora para o tratamento das doen\u00e7as mentais. Os frequentadores dos servi\u00e7os de atendimento tamb\u00e9m se manifestaram, em discursos, sobre a necessidade de mudan\u00e7a do modelo manicomial.<\/p>\n\n\n\n<p class=\"has-black-color has-text-color\"><strong><em>Fala usu\u00e1ria<\/em><\/strong><\/p>\n\n\n\n<p>\u201cExiste em nosso pa\u00eds cada vez menos lugar para a diferen\u00e7a e cada vez mais lugar para a intoler\u00e2ncia. Existe cada vez menos empatia com o outro que sofre. Querem que o nosso lugar volte a ser a margem, o n\u00e3o lugar\u201d.<\/p>\n\n\n\n<p class=\"has-black-color has-text-color\"><strong><em>Fala usu\u00e1ria<\/em><\/strong><\/p>\n\n\n\n<p>\u201cA gente n\u00e3o pode ser marginalizada, nem jogado nas ruas, nem largado em manic\u00f4mio, nem ser aprisionado, nem ser tratado como louco, como doente, como uma coisa feia ou horr\u00edvel ou ofensa para a sociedade. A gente \u00e9 ser humano e merece ser bem tratada hoje e sempre\u201d.<\/p>\n\n\n\n<p class=\"has-black-color has-text-color\"><strong><em>Fala usu\u00e1rio<\/em><\/strong><\/p>\n\n\n\n<p>\u201cMeu sonho \u00e9 ser reconhecido n\u00e3o somente como usu\u00e1rio, mas como um cidad\u00e3o, um artista comum, sem o descaso e o destrato da sociedade\u201d.<\/p>\n\n\n\n<p>V\u00e1rios convidados da sess\u00e3o solene em comemora\u00e7\u00e3o ao 18 de Maio, Dia Nacional de Luta Antimanicomial, ressaltaram a import\u00e2ncia da realiza\u00e7\u00e3o da 5\u00aa Confer\u00eancia Nacional de Sa\u00fade Mental, programada para o segundo semestre deste ano.<\/p>\n","protected":false},"excerpt":{"rendered":"<p>18 de maio e Dia Nacional da Luta Antimanicomial Parlamentares, representantes da sociedade civil organizada e dos usu\u00e1rios do sistema de sa\u00fade mental defenderam o fim do isolamento das pessoas que est\u00e3o em tratamento. Reunidos em sess\u00e3o solene nesta ter\u00e7a, 17, para celebrar o 18 de maio, Dia Nacional da Luta Antimanicomial, eles pediram apoio [&hellip;]<\/p>\n","protected":false},"author":2,"featured_media":65090,"comment_status":"open","ping_status":"open","sticky":false,"template":"","format":"standard","meta":{"_acf_changed":false,"_monsterinsights_skip_tracking":false,"_monsterinsights_sitenote_active":false,"_monsterinsights_sitenote_note":"","_monsterinsights_sitenote_category":0,"_jetpack_memberships_contains_paid_content":false,"footnotes":"","jetpack_publicize_message":"","jetpack_publicize_feature_enabled":true,"jetpack_social_post_already_shared":true,"jetpack_social_options":{"image_generator_settings":{"template":"highway","default_image_id":0,"font":"","enabled":false},"version":2}},"categories":[1],"tags":[],"class_list":["post-65088","post","type-post","status-publish","format-standard","has-post-thumbnail","hentry","category-noticias"],"acf":[],"jetpack_publicize_connections":[],"jetpack_featured_media_url":"https:\/\/i0.wp.com\/blogdoeloiltoncajuhy.com.br\/site\/wp-content\/uploads\/2022\/05\/Camara-dos-Deputados-Sessao-solene-17052022-02.jpg?fit=768%2C512&ssl=1","jetpack_sharing_enabled":true,"publishpress_future_workflow_manual_trigger":{"enabledWorkflows":[]},"_links":{"self":[{"href":"https:\/\/blogdoeloiltoncajuhy.com.br\/site\/wp-json\/wp\/v2\/posts\/65088","targetHints":{"allow":["GET"]}}],"collection":[{"href":"https:\/\/blogdoeloiltoncajuhy.com.br\/site\/wp-json\/wp\/v2\/posts"}],"about":[{"href":"https:\/\/blogdoeloiltoncajuhy.com.br\/site\/wp-json\/wp\/v2\/types\/post"}],"author":[{"embeddable":true,"href":"https:\/\/blogdoeloiltoncajuhy.com.br\/site\/wp-json\/wp\/v2\/users\/2"}],"replies":[{"embeddable":true,"href":"https:\/\/blogdoeloiltoncajuhy.com.br\/site\/wp-json\/wp\/v2\/comments?post=65088"}],"version-history":[{"count":2,"href":"https:\/\/blogdoeloiltoncajuhy.com.br\/site\/wp-json\/wp\/v2\/posts\/65088\/revisions"}],"predecessor-version":[{"id":65092,"href":"https:\/\/blogdoeloiltoncajuhy.com.br\/site\/wp-json\/wp\/v2\/posts\/65088\/revisions\/65092"}],"wp:featuredmedia":[{"embeddable":true,"href":"https:\/\/blogdoeloiltoncajuhy.com.br\/site\/wp-json\/wp\/v2\/media\/65090"}],"wp:attachment":[{"href":"https:\/\/blogdoeloiltoncajuhy.com.br\/site\/wp-json\/wp\/v2\/media?parent=65088"}],"wp:term":[{"taxonomy":"category","embeddable":true,"href":"https:\/\/blogdoeloiltoncajuhy.com.br\/site\/wp-json\/wp\/v2\/categories?post=65088"},{"taxonomy":"post_tag","embeddable":true,"href":"https:\/\/blogdoeloiltoncajuhy.com.br\/site\/wp-json\/wp\/v2\/tags?post=65088"}],"curies":[{"name":"wp","href":"https:\/\/api.w.org\/{rel}","templated":true}]}}