{"id":65072,"date":"2022-05-17T10:08:55","date_gmt":"2022-05-17T13:08:55","guid":{"rendered":"http:\/\/blogdoeloiltoncajuhy.com.br\/site\/?p=65072"},"modified":"2022-05-17T10:08:56","modified_gmt":"2022-05-17T13:08:56","slug":"juazeiro-baile-das-personalidades-alem-de-glamour-vai-ter-forro","status":"publish","type":"post","link":"https:\/\/blogdoeloiltoncajuhy.com.br\/site\/juazeiro-baile-das-personalidades-alem-de-glamour-vai-ter-forro\/","title":{"rendered":"Juazeiro: Baile das Personalidades al\u00e9m de glamour vai ter forr\u00f3"},"content":{"rendered":"\n<div class=\"wp-block-image\"><figure class=\"aligncenter size-full is-resized\"><a href=\"https:\/\/i0.wp.com\/blogdoeloiltoncajuhy.com.br\/site\/wp-content\/uploads\/2022\/05\/Elisson-Castro-17052022-01.jpeg\"><img data-recalc-dims=\"1\" fetchpriority=\"high\" decoding=\"async\" src=\"https:\/\/i0.wp.com\/blogdoeloiltoncajuhy.com.br\/site\/wp-content\/uploads\/2022\/05\/Elisson-Castro-17052022-01.jpeg?resize=494%2C750\" alt=\"\" class=\"wp-image-65073\" width=\"494\" height=\"750\" srcset=\"https:\/\/i0.wp.com\/blogdoeloiltoncajuhy.com.br\/site\/wp-content\/uploads\/2022\/05\/Elisson-Castro-17052022-01.jpeg?w=659&amp;ssl=1 659w, https:\/\/i0.wp.com\/blogdoeloiltoncajuhy.com.br\/site\/wp-content\/uploads\/2022\/05\/Elisson-Castro-17052022-01.jpeg?resize=198%2C300&amp;ssl=1 198w\" sizes=\"(max-width: 494px) 100vw, 494px\" \/><\/a><\/figure><\/div>\n\n\n\n<p>O Baile das Personalidades, tradicionalmente conhecido pela musicalidade de hits como &#8216;New York, New York&#8217;, &#8216;Besame Mucho&#8217;, &#8216;La bamba&#8217; e &#8216;Mambo n\u00ba 5&#8217;, vai abrir espa\u00e7o tamb\u00e9m para o forr\u00f3 p\u00e9 de serra na noite da pr\u00f3xima sexta-feira (20), durante a 17\u00aa edi\u00e7\u00e3o.<\/p>\n\n\n\n<p>Animado pela Orquestra Fernando J\u00fanior, o baile, que come\u00e7a \u00e0s 21h nos sal\u00f5es da Ch\u00e1cara Bougainville, em Juazeiro \u2013 BA, esse ano ter\u00e1 uma participa\u00e7\u00e3o especial do cantor, compositor e acordeonista Elisson Castro. Homenageado por uma trajet\u00f3ria constru\u00edda ao longo de 21 anos de muito forr\u00f3 e sucessos, Elisson vai animar o p\u00fablico com composi\u00e7\u00f5es autorais a exemplo de &#8216;Apaixonado por voc\u00ea&#8217;, &#8216;Magia de pele&#8217; e &#8216;Sentimento acabado&#8217;.<\/p>\n\n\n\n<p>Misturando glamour com o clima &#8216;Vai ter S\u00e3o Jo\u00e3o&#8217;, o Baile das Personalidades ir\u00e1 premiar as pessoas que mais se destacaram e influenciaram o dia a dia do Vale do S\u00e3o Francisco em 2022. De acordo com o realizador do evento, o colunista social e promoter, Gileno Dias, o baile \u00e9 um grande encontro de integra\u00e7\u00e3o social entre as cidades de Juazeiro e Petrolina.<\/p>\n\n\n\n<p>&#8220;Os homens chegam em seus trajes esporte fino de bom gosto e as mulheres desfilam charme e frisson com muita eleg\u00e2ncia, brilho e criatividade&#8221;, ressalta. Os destaques ser\u00e3o revelados ap\u00f3s a leitura de um breve curr\u00edculo pela cerimonialista e radialista N\u00e9lia Lino e pelo jornalista Kris de Lima. A assessoria de imprensa leva a assinatura da Clas Comunica\u00e7\u00e3o e Marketing.<\/p>\n","protected":false},"excerpt":{"rendered":"<p>O Baile das Personalidades, tradicionalmente conhecido pela musicalidade de hits como &#8216;New York, New York&#8217;, &#8216;Besame Mucho&#8217;, &#8216;La bamba&#8217; e &#8216;Mambo n\u00ba 5&#8217;, vai abrir espa\u00e7o tamb\u00e9m para o forr\u00f3 p\u00e9 de serra na noite da pr\u00f3xima sexta-feira (20), durante a 17\u00aa edi\u00e7\u00e3o. Animado pela Orquestra Fernando J\u00fanior, o baile, que come\u00e7a \u00e0s 21h nos [&hellip;]<\/p>\n","protected":false},"author":2,"featured_media":65074,"comment_status":"open","ping_status":"open","sticky":false,"template":"","format":"standard","meta":{"_acf_changed":false,"_monsterinsights_skip_tracking":false,"_monsterinsights_sitenote_active":false,"_monsterinsights_sitenote_note":"","_monsterinsights_sitenote_category":0,"_jetpack_memberships_contains_paid_content":false,"footnotes":"","jetpack_publicize_message":"","jetpack_publicize_feature_enabled":true,"jetpack_social_post_already_shared":true,"jetpack_social_options":{"image_generator_settings":{"template":"highway","default_image_id":0,"font":"","enabled":false},"version":2}},"categories":[11],"tags":[],"class_list":["post-65072","post","type-post","status-publish","format-standard","has-post-thumbnail","hentry","category-regional"],"acf":[],"jetpack_publicize_connections":[],"jetpack_featured_media_url":"https:\/\/i0.wp.com\/blogdoeloiltoncajuhy.com.br\/site\/wp-content\/uploads\/2022\/05\/Elisson-Castro-17052022-02.jpeg?fit=812%2C1000&ssl=1","jetpack_sharing_enabled":true,"publishpress_future_workflow_manual_trigger":{"enabledWorkflows":[]},"_links":{"self":[{"href":"https:\/\/blogdoeloiltoncajuhy.com.br\/site\/wp-json\/wp\/v2\/posts\/65072","targetHints":{"allow":["GET"]}}],"collection":[{"href":"https:\/\/blogdoeloiltoncajuhy.com.br\/site\/wp-json\/wp\/v2\/posts"}],"about":[{"href":"https:\/\/blogdoeloiltoncajuhy.com.br\/site\/wp-json\/wp\/v2\/types\/post"}],"author":[{"embeddable":true,"href":"https:\/\/blogdoeloiltoncajuhy.com.br\/site\/wp-json\/wp\/v2\/users\/2"}],"replies":[{"embeddable":true,"href":"https:\/\/blogdoeloiltoncajuhy.com.br\/site\/wp-json\/wp\/v2\/comments?post=65072"}],"version-history":[{"count":2,"href":"https:\/\/blogdoeloiltoncajuhy.com.br\/site\/wp-json\/wp\/v2\/posts\/65072\/revisions"}],"predecessor-version":[{"id":65076,"href":"https:\/\/blogdoeloiltoncajuhy.com.br\/site\/wp-json\/wp\/v2\/posts\/65072\/revisions\/65076"}],"wp:featuredmedia":[{"embeddable":true,"href":"https:\/\/blogdoeloiltoncajuhy.com.br\/site\/wp-json\/wp\/v2\/media\/65074"}],"wp:attachment":[{"href":"https:\/\/blogdoeloiltoncajuhy.com.br\/site\/wp-json\/wp\/v2\/media?parent=65072"}],"wp:term":[{"taxonomy":"category","embeddable":true,"href":"https:\/\/blogdoeloiltoncajuhy.com.br\/site\/wp-json\/wp\/v2\/categories?post=65072"},{"taxonomy":"post_tag","embeddable":true,"href":"https:\/\/blogdoeloiltoncajuhy.com.br\/site\/wp-json\/wp\/v2\/tags?post=65072"}],"curies":[{"name":"wp","href":"https:\/\/api.w.org\/{rel}","templated":true}]}}