{"id":65023,"date":"2022-05-15T20:39:10","date_gmt":"2022-05-15T23:39:10","guid":{"rendered":"http:\/\/blogdoeloiltoncajuhy.com.br\/site\/?p=65023"},"modified":"2022-05-15T20:39:12","modified_gmt":"2022-05-15T23:39:12","slug":"milton-nascimento-anuncia-ultima-tour-da-carreira-com-derradeiro-show-em-bh","status":"publish","type":"post","link":"https:\/\/blogdoeloiltoncajuhy.com.br\/site\/milton-nascimento-anuncia-ultima-tour-da-carreira-com-derradeiro-show-em-bh\/","title":{"rendered":"Milton Nascimento anuncia \u00faltima tour da carreira, com derradeiro show em BH"},"content":{"rendered":"\n<p>&#8216;<em>De shows, quero parar. Mas quero continuar compondo e cantando<\/em>&#8216;.<\/p>\n\n\n\n<div class=\"wp-block-image\"><figure class=\"aligncenter size-full\"><a href=\"https:\/\/i0.wp.com\/blogdoeloiltoncajuhy.com.br\/site\/wp-content\/uploads\/2022\/05\/99025325-sc-rio-de-janeiro-rj-10-05-2022-milton-nascimento-cantor-foto-marcos-hermes.jpg\"><img data-recalc-dims=\"1\" fetchpriority=\"high\" decoding=\"async\" width=\"800\" height=\"533\" src=\"https:\/\/i0.wp.com\/blogdoeloiltoncajuhy.com.br\/site\/wp-content\/uploads\/2022\/05\/99025325-sc-rio-de-janeiro-rj-10-05-2022-milton-nascimento-cantor-foto-marcos-hermes.jpg?resize=800%2C533\" alt=\"\" class=\"wp-image-65024\" srcset=\"https:\/\/i0.wp.com\/blogdoeloiltoncajuhy.com.br\/site\/wp-content\/uploads\/2022\/05\/99025325-sc-rio-de-janeiro-rj-10-05-2022-milton-nascimento-cantor-foto-marcos-hermes.jpg?w=984&amp;ssl=1 984w, https:\/\/i0.wp.com\/blogdoeloiltoncajuhy.com.br\/site\/wp-content\/uploads\/2022\/05\/99025325-sc-rio-de-janeiro-rj-10-05-2022-milton-nascimento-cantor-foto-marcos-hermes.jpg?resize=300%2C200&amp;ssl=1 300w, https:\/\/i0.wp.com\/blogdoeloiltoncajuhy.com.br\/site\/wp-content\/uploads\/2022\/05\/99025325-sc-rio-de-janeiro-rj-10-05-2022-milton-nascimento-cantor-foto-marcos-hermes.jpg?resize=768%2C511&amp;ssl=1 768w\" sizes=\"(max-width: 800px) 100vw, 800px\" \/><\/a><figcaption><sub>Milton Nascimento far\u00e1 sua \u00faltima turn\u00ea \u2014 Foto: Divulga\u00e7\u00e3o\/Marcos Hermes<\/sub><\/figcaption><\/figure><\/div>\n\n\n\n<p>Ao ouvir Milton Nascimento cantando \u201cPonta de areia\u201d e tocando sua pequena sanfona, o p\u00fablico dos pr\u00f3ximos shows do artista come\u00e7ar\u00e1 a viver um encontro que \u00e9 tamb\u00e9m uma despedida. \u201cA \u00faltima sess\u00e3o de m\u00fasica\u201d \u00e9 a turn\u00ea final de Milton. Poder\u00e1 ainda fazer grava\u00e7\u00f5es, mas n\u00e3o subir\u00e1 mais em palcos.<\/p>\n\n\n\n<p>\u2014 De shows, eu quero parar. Mas quero continuar compondo e cantando. N\u00e3o vou deixar de mexer com m\u00fasica \u2014 afirma ele, que completar\u00e1 80 anos em 26 de outubro.<\/p>\n\n\n\n<p>A s\u00e9rie de apresenta\u00e7\u00f5es ganhar\u00e1 um site pr\u00f3prio: www.aultimasessaodemusica.com. Na quarta-feira, dia 18, come\u00e7ar\u00e1 a venda de ingressos para as noites j\u00e1 confirmadas: 5 e 6 de agosto no Rio (Jeunesse Arena); 26 e 27 de agosto em S\u00e3o Paulo (Espa\u00e7o das Am\u00e9ricas); 13 de novembro em Belo Horizonte (est\u00e1dio Mineir\u00e3o).<\/p>\n\n\n\n<p>A pr\u00e9-estreia \u2014 antes de uma viagem para se despedir de palcos europeus \u2014 ser\u00e1 em 11 de junho, na Cidade das Artes, na Barra. Haver\u00e1 apenas 400 pessoas na plateia, al\u00e9m de convidados.<\/p>\n\n\n\n<p>Augusto Nascimento, filho adotivo, empres\u00e1rio e diretor art\u00edstico de Milton, adianta que o roteiro dos shows ser\u00e1 quase todo cronol\u00f3gico. Logo na primeira parte estar\u00e1 \u201cTravessia\u201d, a m\u00fasica que ficou com o segundo lugar no Festival Internacional da Can\u00e7\u00e3o de 1967 e impulsionou a carreira do artista. Foi a primeira parceria com Fernando Brant, que nem se imaginava letrista. \u201cOutubro\u201d, a segunda parceria, tamb\u00e9m estar\u00e1 no repert\u00f3rio.<\/p>\n\n\n\n<p>Em seguida, vir\u00e3o na ordem can\u00e7\u00f5es de v\u00e1rios discos, de \u201cMilton\u201d (1970) at\u00e9 \u201cPiet\u00e1\u201d (2002). No final, entrar\u00e1 \u201cEncontros e despedidas\u201d, faixa-t\u00edtulo do LP de 1986.\u2014 Ela \u00e9 o conceito do show \u2014 explica Augusto.<\/p>\n","protected":false},"excerpt":{"rendered":"<p>&#8216;De shows, quero parar. Mas quero continuar compondo e cantando&#8216;. Ao ouvir Milton Nascimento cantando \u201cPonta de areia\u201d e tocando sua pequena sanfona, o p\u00fablico dos pr\u00f3ximos shows do artista come\u00e7ar\u00e1 a viver um encontro que \u00e9 tamb\u00e9m uma despedida. \u201cA \u00faltima sess\u00e3o de m\u00fasica\u201d \u00e9 a turn\u00ea final de Milton. Poder\u00e1 ainda fazer grava\u00e7\u00f5es, [&hellip;]<\/p>\n","protected":false},"author":2,"featured_media":65024,"comment_status":"open","ping_status":"open","sticky":false,"template":"","format":"standard","meta":{"_acf_changed":false,"_monsterinsights_skip_tracking":false,"_monsterinsights_sitenote_active":false,"_monsterinsights_sitenote_note":"","_monsterinsights_sitenote_category":0,"_jetpack_memberships_contains_paid_content":false,"footnotes":"","jetpack_publicize_message":"","jetpack_publicize_feature_enabled":true,"jetpack_social_post_already_shared":true,"jetpack_social_options":{"image_generator_settings":{"template":"highway","default_image_id":0,"font":"","enabled":false},"version":2}},"categories":[8],"tags":[],"class_list":["post-65023","post","type-post","status-publish","format-standard","has-post-thumbnail","hentry","category-cultura"],"acf":[],"jetpack_publicize_connections":[],"jetpack_featured_media_url":"https:\/\/i0.wp.com\/blogdoeloiltoncajuhy.com.br\/site\/wp-content\/uploads\/2022\/05\/99025325-sc-rio-de-janeiro-rj-10-05-2022-milton-nascimento-cantor-foto-marcos-hermes.jpg?fit=984%2C655&ssl=1","jetpack_sharing_enabled":true,"publishpress_future_workflow_manual_trigger":{"enabledWorkflows":[]},"_links":{"self":[{"href":"https:\/\/blogdoeloiltoncajuhy.com.br\/site\/wp-json\/wp\/v2\/posts\/65023","targetHints":{"allow":["GET"]}}],"collection":[{"href":"https:\/\/blogdoeloiltoncajuhy.com.br\/site\/wp-json\/wp\/v2\/posts"}],"about":[{"href":"https:\/\/blogdoeloiltoncajuhy.com.br\/site\/wp-json\/wp\/v2\/types\/post"}],"author":[{"embeddable":true,"href":"https:\/\/blogdoeloiltoncajuhy.com.br\/site\/wp-json\/wp\/v2\/users\/2"}],"replies":[{"embeddable":true,"href":"https:\/\/blogdoeloiltoncajuhy.com.br\/site\/wp-json\/wp\/v2\/comments?post=65023"}],"version-history":[{"count":2,"href":"https:\/\/blogdoeloiltoncajuhy.com.br\/site\/wp-json\/wp\/v2\/posts\/65023\/revisions"}],"predecessor-version":[{"id":65026,"href":"https:\/\/blogdoeloiltoncajuhy.com.br\/site\/wp-json\/wp\/v2\/posts\/65023\/revisions\/65026"}],"wp:featuredmedia":[{"embeddable":true,"href":"https:\/\/blogdoeloiltoncajuhy.com.br\/site\/wp-json\/wp\/v2\/media\/65024"}],"wp:attachment":[{"href":"https:\/\/blogdoeloiltoncajuhy.com.br\/site\/wp-json\/wp\/v2\/media?parent=65023"}],"wp:term":[{"taxonomy":"category","embeddable":true,"href":"https:\/\/blogdoeloiltoncajuhy.com.br\/site\/wp-json\/wp\/v2\/categories?post=65023"},{"taxonomy":"post_tag","embeddable":true,"href":"https:\/\/blogdoeloiltoncajuhy.com.br\/site\/wp-json\/wp\/v2\/tags?post=65023"}],"curies":[{"name":"wp","href":"https:\/\/api.w.org\/{rel}","templated":true}]}}