{"id":65019,"date":"2022-05-15T20:46:59","date_gmt":"2022-05-15T23:46:59","guid":{"rendered":"http:\/\/blogdoeloiltoncajuhy.com.br\/site\/?p=65019"},"modified":"2022-05-15T20:48:26","modified_gmt":"2022-05-15T23:48:26","slug":"oito-milhoes-de-familias-precisam-atualizar-dados-no-cadastro-unico-ou-vao-perder-beneficios-sociais","status":"publish","type":"post","link":"https:\/\/blogdoeloiltoncajuhy.com.br\/site\/oito-milhoes-de-familias-precisam-atualizar-dados-no-cadastro-unico-ou-vao-perder-beneficios-sociais\/","title":{"rendered":"Oito milh\u00f5es de fam\u00edlias precisam atualizar dados no Cadastro \u00danico ou v\u00e3o perder benef\u00edcios sociais"},"content":{"rendered":"\n<p class=\"has-text-align-center\"><em>Minist\u00e9rio da Cidadania informou que fam\u00edlias com cadastros que foram atualizados pela \u00faltima vez em 2016 ou 2017 v\u00e3o ter at\u00e9 julho para atualizar seus dados no Cadastro \u00danico para continuarem a receber o Aux\u00edlio Brasil, a Tarifa Social de Energia El\u00e9trica e o Benef\u00edcio de Presta\u00e7\u00e3o Continuada<\/em><\/p>\n\n\n\n<div class=\"wp-block-image\"><figure class=\"aligncenter size-large\"><a href=\"https:\/\/i0.wp.com\/blogdoeloiltoncajuhy.com.br\/site\/wp-content\/uploads\/2022\/05\/cadastro-unico-15052022.jpg\"><img data-recalc-dims=\"1\" fetchpriority=\"high\" decoding=\"async\" width=\"800\" height=\"450\" src=\"https:\/\/i0.wp.com\/blogdoeloiltoncajuhy.com.br\/site\/wp-content\/uploads\/2022\/05\/cadastro-unico-15052022.jpg?resize=800%2C450\" alt=\"\" class=\"wp-image-65020\" srcset=\"https:\/\/i0.wp.com\/blogdoeloiltoncajuhy.com.br\/site\/wp-content\/uploads\/2022\/05\/cadastro-unico-15052022.jpg?resize=1024%2C576&amp;ssl=1 1024w, https:\/\/i0.wp.com\/blogdoeloiltoncajuhy.com.br\/site\/wp-content\/uploads\/2022\/05\/cadastro-unico-15052022.jpg?resize=300%2C169&amp;ssl=1 300w, https:\/\/i0.wp.com\/blogdoeloiltoncajuhy.com.br\/site\/wp-content\/uploads\/2022\/05\/cadastro-unico-15052022.jpg?resize=768%2C432&amp;ssl=1 768w, https:\/\/i0.wp.com\/blogdoeloiltoncajuhy.com.br\/site\/wp-content\/uploads\/2022\/05\/cadastro-unico-15052022.jpg?w=1400&amp;ssl=1 1400w\" sizes=\"(max-width: 800px) 100vw, 800px\" \/><\/a><\/figure><\/div>\n\n\n\n<p>Oito milh\u00f5es de fam\u00edlias precisam atualizar dados no Cadastro \u00danico at\u00e9 julho ou v\u00e3o perder o direito a benef\u00edcios sociais pagos pelo governo federal como o Aux\u00edlio Brasil, a Tarifa Social de Energia El\u00e9trica e o Benef\u00edcio de Presta\u00e7\u00e3o Continuada. A informa\u00e7\u00e3o foi divulgada pelo Minist\u00e9rio da Cidadania.<\/p>\n\n\n\n<p>V\u00e3o precisar atualizar os dados as fam\u00edlias com cadastros que fizeram a \u00faltima atualiza\u00e7\u00e3o em 2016 ou 2017. S\u00e3o dois tipos de atualiza\u00e7\u00e3o. Em um grupo est\u00e3o as fam\u00edlias benefici\u00e1rias dos programas sociais que possuem dados inconsistentes e foram inclu\u00eddas na averigua\u00e7\u00e3o cadastral. Para estas o prazo para atualizar os dados \u00e9 julho.<\/p>\n\n\n\n<p>Outra turma foi inclu\u00edda na chamada revis\u00e3o cadastral, que est\u00e3o com informa\u00e7\u00f5es cadastrais desatualizadas. Estas fam\u00edlias t\u00eam at\u00e9 dezembro para regularizar os registros.<\/p>\n\n\n\n<p>Por regra, as fam\u00edlias inscritas no Cadastro \u00danico devem atualizar as informa\u00e7\u00f5es a cada dois anos, ou sempre que houver alguma altera\u00e7\u00e3o, seja na composi\u00e7\u00e3o familiar, no endere\u00e7o ou na situa\u00e7\u00e3o de trabalho e renda de seus membros.<\/p>\n\n\n\n<p>Por conta da pandemia da covid-19, o Minist\u00e9rio da Cidadania escalonou o processo de revis\u00e3o cadastral. Neste ano, apenas as fam\u00edlias com cadastros que foram atualizados pela \u00faltima vez em 2016 ou 2017 ser\u00e3o convocadas para atualizar os dados no Cadastro \u00danico. As fam\u00edlias que atualizaram seus dados pela \u00faltima vez em 2018 ou 2019 ser\u00e3o convocadas nos pr\u00f3ximos anos.<\/p>\n\n\n\n<p class=\"has-black-color has-text-color has-medium-font-size\"><strong>Como saber se meus dados est\u00e3o corretos e como atualizar o Cadastro \u00danico?<\/strong><\/p>\n\n\n\n<p>O novo aplicativo do Cadastro \u00danico \u00e9 uma das ferramentas para que as fam\u00edlias cadastradas possam conferir se os dados est\u00e3o atualizados. Al\u00e9m disso, as fam\u00edlias benefici\u00e1rias do Aux\u00edlio Brasil v\u00e3o receber mensagens no extrato de pagamento do benef\u00edcio e pelo aplicativo do programa.<\/p>\n\n\n\n<p>J\u00e1 os benefici\u00e1rios da Tarifa Social de Energia El\u00e9trica podem receber comunicados por mensagem na conta de energia el\u00e9trica.<\/p>\n\n\n\n<p>Caso n\u00e3o tenha ocorrido nenhuma altera\u00e7\u00e3o nas informa\u00e7\u00f5es prestadas na \u00faltima entrevista, a fam\u00edlia benefici\u00e1ria poder\u00e1 tamb\u00e9m fazer a atualiza\u00e7\u00e3o dos dados por confirma\u00e7\u00e3o pelo aplicativo do Cadastro \u00danico. Por\u00e9m, se for preciso alterar algum dado, \u00e9 necess\u00e1rio comparecer a um posto de cadastramento para uma nova entrevista de atualiza\u00e7\u00e3o cadastral.<\/p>\n","protected":false},"excerpt":{"rendered":"<p>Minist\u00e9rio da Cidadania informou que fam\u00edlias com cadastros que foram atualizados pela \u00faltima vez em 2016 ou 2017 v\u00e3o ter at\u00e9 julho para atualizar seus dados no Cadastro \u00danico para continuarem a receber o Aux\u00edlio Brasil, a Tarifa Social de Energia El\u00e9trica e o Benef\u00edcio de Presta\u00e7\u00e3o Continuada Oito milh\u00f5es de fam\u00edlias precisam atualizar dados [&hellip;]<\/p>\n","protected":false},"author":2,"featured_media":65020,"comment_status":"open","ping_status":"open","sticky":false,"template":"","format":"standard","meta":{"_acf_changed":false,"_monsterinsights_skip_tracking":false,"_monsterinsights_sitenote_active":false,"_monsterinsights_sitenote_note":"","_monsterinsights_sitenote_category":0,"_jetpack_memberships_contains_paid_content":false,"footnotes":"","jetpack_publicize_message":"","jetpack_publicize_feature_enabled":true,"jetpack_social_post_already_shared":true,"jetpack_social_options":{"image_generator_settings":{"template":"highway","default_image_id":0,"font":"","enabled":false},"version":2}},"categories":[5],"tags":[],"class_list":["post-65019","post","type-post","status-publish","format-standard","has-post-thumbnail","hentry","category-cotidiano"],"acf":[],"jetpack_publicize_connections":[],"jetpack_featured_media_url":"https:\/\/i0.wp.com\/blogdoeloiltoncajuhy.com.br\/site\/wp-content\/uploads\/2022\/05\/cadastro-unico-15052022.jpg?fit=1400%2C788&ssl=1","jetpack_sharing_enabled":true,"publishpress_future_workflow_manual_trigger":{"enabledWorkflows":[]},"_links":{"self":[{"href":"https:\/\/blogdoeloiltoncajuhy.com.br\/site\/wp-json\/wp\/v2\/posts\/65019","targetHints":{"allow":["GET"]}}],"collection":[{"href":"https:\/\/blogdoeloiltoncajuhy.com.br\/site\/wp-json\/wp\/v2\/posts"}],"about":[{"href":"https:\/\/blogdoeloiltoncajuhy.com.br\/site\/wp-json\/wp\/v2\/types\/post"}],"author":[{"embeddable":true,"href":"https:\/\/blogdoeloiltoncajuhy.com.br\/site\/wp-json\/wp\/v2\/users\/2"}],"replies":[{"embeddable":true,"href":"https:\/\/blogdoeloiltoncajuhy.com.br\/site\/wp-json\/wp\/v2\/comments?post=65019"}],"version-history":[{"count":3,"href":"https:\/\/blogdoeloiltoncajuhy.com.br\/site\/wp-json\/wp\/v2\/posts\/65019\/revisions"}],"predecessor-version":[{"id":65027,"href":"https:\/\/blogdoeloiltoncajuhy.com.br\/site\/wp-json\/wp\/v2\/posts\/65019\/revisions\/65027"}],"wp:featuredmedia":[{"embeddable":true,"href":"https:\/\/blogdoeloiltoncajuhy.com.br\/site\/wp-json\/wp\/v2\/media\/65020"}],"wp:attachment":[{"href":"https:\/\/blogdoeloiltoncajuhy.com.br\/site\/wp-json\/wp\/v2\/media?parent=65019"}],"wp:term":[{"taxonomy":"category","embeddable":true,"href":"https:\/\/blogdoeloiltoncajuhy.com.br\/site\/wp-json\/wp\/v2\/categories?post=65019"},{"taxonomy":"post_tag","embeddable":true,"href":"https:\/\/blogdoeloiltoncajuhy.com.br\/site\/wp-json\/wp\/v2\/tags?post=65019"}],"curies":[{"name":"wp","href":"https:\/\/api.w.org\/{rel}","templated":true}]}}