{"id":65016,"date":"2022-05-15T20:42:44","date_gmt":"2022-05-15T23:42:44","guid":{"rendered":"http:\/\/blogdoeloiltoncajuhy.com.br\/site\/?p=65016"},"modified":"2022-05-15T20:42:45","modified_gmt":"2022-05-15T23:42:45","slug":"lenda-sobre-a-verdade-e-a-mentira","status":"publish","type":"post","link":"https:\/\/blogdoeloiltoncajuhy.com.br\/site\/lenda-sobre-a-verdade-e-a-mentira\/","title":{"rendered":"Lenda sobre a verdade e a mentira"},"content":{"rendered":"\n<div class=\"wp-block-image\"><figure class=\"aligncenter size-full\"><a href=\"https:\/\/i0.wp.com\/blogdoeloiltoncajuhy.com.br\/site\/wp-content\/uploads\/2022\/05\/Reflexao_A-verdade-e-a-mentira.jpg\"><img data-recalc-dims=\"1\" fetchpriority=\"high\" decoding=\"async\" width=\"600\" height=\"530\" src=\"https:\/\/i0.wp.com\/blogdoeloiltoncajuhy.com.br\/site\/wp-content\/uploads\/2022\/05\/Reflexao_A-verdade-e-a-mentira.jpg?resize=600%2C530\" alt=\"\" class=\"wp-image-65017\" srcset=\"https:\/\/i0.wp.com\/blogdoeloiltoncajuhy.com.br\/site\/wp-content\/uploads\/2022\/05\/Reflexao_A-verdade-e-a-mentira.jpg?w=600&amp;ssl=1 600w, https:\/\/i0.wp.com\/blogdoeloiltoncajuhy.com.br\/site\/wp-content\/uploads\/2022\/05\/Reflexao_A-verdade-e-a-mentira.jpg?resize=300%2C265&amp;ssl=1 300w\" sizes=\"(max-width: 600px) 100vw, 600px\" \/><\/a><\/figure><\/div>\n\n\n\n<p>Conta uma lenda que a verdade e a mentira se conheceram um dia. A mentira diz \u00e0 verdade: levanta os olhos para o c\u00e9u, o dia foi realmente bonito. Passam muito tempo juntas at\u00e9 chegar \u00e0 frente de um po\u00e7o.<\/p>\n\n\n\n<p>A mentira diz \u00e0 verdade: &#8220;a \u00e1gua \u00e9 muito agrad\u00e1vel, vamos tomar banho juntas?&#8221; A verdade, mais uma vez desconfiada, toca na \u00e1gua e percebe que ela era realmente agrad\u00e1vel. Despem-se e come\u00e7am a nadar.<\/p>\n\n\n\n<p>De repente, a mentira sai da \u00e1gua, p\u00f5e as roupas da verdade e foge. A verdade, furiosa, sai do po\u00e7o e corre por todo o lado para encontrar a mentira e recuperar as suas roupas. O mundo vendo a verdade toda nua vira o olhar com desprezo e raiva.<\/p>\n\n\n\n<p>A pobre verdade volta para o po\u00e7o e desaparece para sempre escondendo a sua vergonha. Desde ent\u00e3o, a mentira viaja por todo o mundo vestido como a verdade, satisfazendo as necessidades da sociedade, e o mundo n\u00e3o quer em nenhuma hip\u00f3tese ver a &#8220;verdade nua&#8221;.<\/p>\n","protected":false},"excerpt":{"rendered":"<p>Conta uma lenda que a verdade e a mentira se conheceram um dia. A mentira diz \u00e0 verdade: levanta os olhos para o c\u00e9u, o dia foi realmente bonito. Passam muito tempo juntas at\u00e9 chegar \u00e0 frente de um po\u00e7o. A mentira diz \u00e0 verdade: &#8220;a \u00e1gua \u00e9 muito agrad\u00e1vel, vamos tomar banho juntas?&#8221; A [&hellip;]<\/p>\n","protected":false},"author":2,"featured_media":65017,"comment_status":"open","ping_status":"open","sticky":false,"template":"","format":"standard","meta":{"_acf_changed":false,"_monsterinsights_skip_tracking":false,"_monsterinsights_sitenote_active":false,"_monsterinsights_sitenote_note":"","_monsterinsights_sitenote_category":0,"_jetpack_memberships_contains_paid_content":false,"footnotes":"","jetpack_publicize_message":"","jetpack_publicize_feature_enabled":true,"jetpack_social_post_already_shared":true,"jetpack_social_options":{"image_generator_settings":{"template":"highway","default_image_id":0,"font":"","enabled":false},"version":2}},"categories":[9],"tags":[],"class_list":["post-65016","post","type-post","status-publish","format-standard","has-post-thumbnail","hentry","category-reflexao"],"acf":[],"jetpack_publicize_connections":[],"jetpack_featured_media_url":"https:\/\/i0.wp.com\/blogdoeloiltoncajuhy.com.br\/site\/wp-content\/uploads\/2022\/05\/Reflexao_A-verdade-e-a-mentira.jpg?fit=600%2C530&ssl=1","jetpack_sharing_enabled":true,"publishpress_future_workflow_manual_trigger":{"enabledWorkflows":[]},"_links":{"self":[{"href":"https:\/\/blogdoeloiltoncajuhy.com.br\/site\/wp-json\/wp\/v2\/posts\/65016","targetHints":{"allow":["GET"]}}],"collection":[{"href":"https:\/\/blogdoeloiltoncajuhy.com.br\/site\/wp-json\/wp\/v2\/posts"}],"about":[{"href":"https:\/\/blogdoeloiltoncajuhy.com.br\/site\/wp-json\/wp\/v2\/types\/post"}],"author":[{"embeddable":true,"href":"https:\/\/blogdoeloiltoncajuhy.com.br\/site\/wp-json\/wp\/v2\/users\/2"}],"replies":[{"embeddable":true,"href":"https:\/\/blogdoeloiltoncajuhy.com.br\/site\/wp-json\/wp\/v2\/comments?post=65016"}],"version-history":[{"count":1,"href":"https:\/\/blogdoeloiltoncajuhy.com.br\/site\/wp-json\/wp\/v2\/posts\/65016\/revisions"}],"predecessor-version":[{"id":65018,"href":"https:\/\/blogdoeloiltoncajuhy.com.br\/site\/wp-json\/wp\/v2\/posts\/65016\/revisions\/65018"}],"wp:featuredmedia":[{"embeddable":true,"href":"https:\/\/blogdoeloiltoncajuhy.com.br\/site\/wp-json\/wp\/v2\/media\/65017"}],"wp:attachment":[{"href":"https:\/\/blogdoeloiltoncajuhy.com.br\/site\/wp-json\/wp\/v2\/media?parent=65016"}],"wp:term":[{"taxonomy":"category","embeddable":true,"href":"https:\/\/blogdoeloiltoncajuhy.com.br\/site\/wp-json\/wp\/v2\/categories?post=65016"},{"taxonomy":"post_tag","embeddable":true,"href":"https:\/\/blogdoeloiltoncajuhy.com.br\/site\/wp-json\/wp\/v2\/tags?post=65016"}],"curies":[{"name":"wp","href":"https:\/\/api.w.org\/{rel}","templated":true}]}}