{"id":65007,"date":"2022-05-15T08:52:48","date_gmt":"2022-05-15T11:52:48","guid":{"rendered":"http:\/\/blogdoeloiltoncajuhy.com.br\/site\/?p=65007"},"modified":"2022-05-15T08:52:49","modified_gmt":"2022-05-15T11:52:49","slug":"eclipse-total-da-lua-ocorre-neste-domingo-e-sera-visivel-em-todo-o-brasil","status":"publish","type":"post","link":"https:\/\/blogdoeloiltoncajuhy.com.br\/site\/eclipse-total-da-lua-ocorre-neste-domingo-e-sera-visivel-em-todo-o-brasil\/","title":{"rendered":"Eclipse total da Lua ocorre neste domingo e ser\u00e1 vis\u00edvel em todo o Brasil"},"content":{"rendered":"\n<p class=\"has-text-align-center\"><em>Fen\u00f4meno, tamb\u00e9m conhecido como &#8216;Lua de Sangue&#8217;, ocorrer\u00e1 entre a noite deste domingo (15) e a madrugada de segunda (16).<\/em><\/p>\n\n\n\n<div class=\"wp-block-image\"><figure class=\"aligncenter size-full\"><a href=\"https:\/\/i0.wp.com\/blogdoeloiltoncajuhy.com.br\/site\/wp-content\/uploads\/2022\/05\/Eclipse-Lunar-15052022-01.webp\"><img data-recalc-dims=\"1\" fetchpriority=\"high\" decoding=\"async\" width=\"800\" height=\"533\" src=\"https:\/\/i0.wp.com\/blogdoeloiltoncajuhy.com.br\/site\/wp-content\/uploads\/2022\/05\/Eclipse-Lunar-15052022-01.webp?resize=800%2C533\" alt=\"\" class=\"wp-image-65008\" srcset=\"https:\/\/i0.wp.com\/blogdoeloiltoncajuhy.com.br\/site\/wp-content\/uploads\/2022\/05\/Eclipse-Lunar-15052022-01.webp?w=1008&amp;ssl=1 1008w, https:\/\/i0.wp.com\/blogdoeloiltoncajuhy.com.br\/site\/wp-content\/uploads\/2022\/05\/Eclipse-Lunar-15052022-01.webp?resize=300%2C200&amp;ssl=1 300w, https:\/\/i0.wp.com\/blogdoeloiltoncajuhy.com.br\/site\/wp-content\/uploads\/2022\/05\/Eclipse-Lunar-15052022-01.webp?resize=768%2C512&amp;ssl=1 768w\" sizes=\"(max-width: 800px) 100vw, 800px\" \/><\/a><figcaption><sub>Eclipse lunar total sobre a praia de Santa Monica, na Calif\u00f3rnia, em foto de 2021 \u2014 Foto: Ringo H.W. Chiu\/ASSOCIATED PRESS<\/sub><\/figcaption><\/figure><\/div>\n\n\n\n<p>Entre a noite deste domingo (15) e a madrugada de segunda-feira (16) espectadores do Brasil inteiro poder\u00e3o acompanhar o primeiro e \u00fanico eclipse total da Lua em 2022.<\/p>\n\n\n\n<p>Isso quer dizer que o Sol, a Terra e Lua se alinhar\u00e3o e a Lua passar\u00e1 na sombra da Terra. O fen\u00f4meno poder\u00e1 ser visto tamb\u00e9m em toda a Am\u00e9rica do Sul e Central e partes da Am\u00e9rica do Norte, Europa e \u00c1frica.<\/p>\n\n\n\n<p>Alessandra Abe Pacini, cientista do grupo de F\u00edsica Espacial da Universidade do Colorado, explica que, ao longo da noite, veremos a Lua sumindo com a sombra da Terra passando na frente.<\/p>\n\n\n\n<p>Quando o evento chegar em sua totalidade (perto da 1h11 da manh\u00e3, no hor\u00e1rio de Bras\u00edlia), e a sombra encobrir completamente o disco lunar, a Lua ficar\u00e1 avermelhada, isso porque n\u00e3o teremos a incid\u00eancia direta da luz do Sol no nosso sat\u00e9lite natural.<\/p>\n\n\n\n<p>Por isso, o evento tamb\u00e9m \u00e9 conhecido como &#8220;Lua de Sangue&#8221;.<\/p>\n\n\n\n<figure class=\"wp-block-pullquote\"><blockquote><p><strong>&#8220;\u00c9 o mesmo fen\u00f4meno que torna o p\u00f4r do Sol vermelho. \u00c9 como se a luz do Sol fosse filtrada pela nossa atmosfera e sobrasse esse vermelho que espalha a luz do Sol que incide sobre a Lua&#8221;, diz.<\/strong><\/p><\/blockquote><\/figure>\n\n\n\n<div class=\"wp-block-image\"><figure class=\"aligncenter size-full\"><a href=\"https:\/\/i0.wp.com\/blogdoeloiltoncajuhy.com.br\/site\/wp-content\/uploads\/2022\/05\/Eclipse-Lunar-15052022-02.webp\"><img data-recalc-dims=\"1\" decoding=\"async\" width=\"800\" height=\"450\" src=\"https:\/\/i0.wp.com\/blogdoeloiltoncajuhy.com.br\/site\/wp-content\/uploads\/2022\/05\/Eclipse-Lunar-15052022-02.webp?resize=800%2C450\" alt=\"\" class=\"wp-image-65009\" srcset=\"https:\/\/i0.wp.com\/blogdoeloiltoncajuhy.com.br\/site\/wp-content\/uploads\/2022\/05\/Eclipse-Lunar-15052022-02.webp?w=984&amp;ssl=1 984w, https:\/\/i0.wp.com\/blogdoeloiltoncajuhy.com.br\/site\/wp-content\/uploads\/2022\/05\/Eclipse-Lunar-15052022-02.webp?resize=300%2C169&amp;ssl=1 300w, https:\/\/i0.wp.com\/blogdoeloiltoncajuhy.com.br\/site\/wp-content\/uploads\/2022\/05\/Eclipse-Lunar-15052022-02.webp?resize=768%2C432&amp;ssl=1 768w\" sizes=\"(max-width: 800px) 100vw, 800px\" \/><\/a><figcaption><sub>A luz azul do Sol se espalha e a luz vermelha, laranja e amarela (de comprimento de onda mais longo) atravessa, tornando nossa Lua vermelha \u2014 Foto: NASA Goddard Space Flight Center\/Scientific Visualization Studio<\/sub><\/figcaption><\/figure><\/div>\n\n\n\n<p>Segundo a Nasa, a ag\u00eancia espacial norte-americana, o nome t\u00e9cnico para isso \u00e9 Dispers\u00e3o de Rayleigh. A ag\u00eancia diz ainda que quanto mais poeira ou nuvens na atmosfera da Terra durante o eclipse, mais vermelha a Lua aparecer\u00e1.<\/p>\n\n\n\n<figure class=\"wp-block-pullquote\"><blockquote><p><strong>&#8220;\u00c9 como se todos os amanheceres e entardeceres do mundo fossem projetados na Lua&#8221;, explica a Nasa.<\/strong><\/p><\/blockquote><\/figure>\n\n\n\n<p class=\"has-black-color has-text-color has-medium-font-size\"><strong>Como observar o eclipse?<\/strong><\/p>\n\n\n\n<p>Nenhum equipamento especial \u00e9 necess\u00e1rio para observar o eclipse. A Lua de Sangue ser\u00e1 vis\u00edvel ao olho nu. Contudo, o uso de bin\u00f3culos ou de um telesc\u00f3pio pode melhorar a vis\u00e3o e a intensidade da cor vermelha, explica a Nasa. &#8220;Um ambiente escuro longe de luzes brilhantes contribui para as melhores condi\u00e7\u00f5es de visualiza\u00e7\u00e3o&#8221;.<\/p>\n","protected":false},"excerpt":{"rendered":"<p>Fen\u00f4meno, tamb\u00e9m conhecido como &#8216;Lua de Sangue&#8217;, ocorrer\u00e1 entre a noite deste domingo (15) e a madrugada de segunda (16). Entre a noite deste domingo (15) e a madrugada de segunda-feira (16) espectadores do Brasil inteiro poder\u00e3o acompanhar o primeiro e \u00fanico eclipse total da Lua em 2022. Isso quer dizer que o Sol, a [&hellip;]<\/p>\n","protected":false},"author":2,"featured_media":65008,"comment_status":"open","ping_status":"open","sticky":false,"template":"","format":"standard","meta":{"_acf_changed":false,"_monsterinsights_skip_tracking":false,"_monsterinsights_sitenote_active":false,"_monsterinsights_sitenote_note":"","_monsterinsights_sitenote_category":0,"_jetpack_memberships_contains_paid_content":false,"footnotes":"","jetpack_publicize_message":"","jetpack_publicize_feature_enabled":true,"jetpack_social_post_already_shared":true,"jetpack_social_options":{"image_generator_settings":{"template":"highway","default_image_id":0,"font":"","enabled":false},"version":2}},"categories":[1],"tags":[],"class_list":["post-65007","post","type-post","status-publish","format-standard","has-post-thumbnail","hentry","category-noticias"],"acf":[],"jetpack_publicize_connections":[],"jetpack_featured_media_url":"https:\/\/i0.wp.com\/blogdoeloiltoncajuhy.com.br\/site\/wp-content\/uploads\/2022\/05\/Eclipse-Lunar-15052022-01.webp?fit=1008%2C672&ssl=1","jetpack_sharing_enabled":true,"publishpress_future_workflow_manual_trigger":{"enabledWorkflows":[]},"_links":{"self":[{"href":"https:\/\/blogdoeloiltoncajuhy.com.br\/site\/wp-json\/wp\/v2\/posts\/65007","targetHints":{"allow":["GET"]}}],"collection":[{"href":"https:\/\/blogdoeloiltoncajuhy.com.br\/site\/wp-json\/wp\/v2\/posts"}],"about":[{"href":"https:\/\/blogdoeloiltoncajuhy.com.br\/site\/wp-json\/wp\/v2\/types\/post"}],"author":[{"embeddable":true,"href":"https:\/\/blogdoeloiltoncajuhy.com.br\/site\/wp-json\/wp\/v2\/users\/2"}],"replies":[{"embeddable":true,"href":"https:\/\/blogdoeloiltoncajuhy.com.br\/site\/wp-json\/wp\/v2\/comments?post=65007"}],"version-history":[{"count":2,"href":"https:\/\/blogdoeloiltoncajuhy.com.br\/site\/wp-json\/wp\/v2\/posts\/65007\/revisions"}],"predecessor-version":[{"id":65011,"href":"https:\/\/blogdoeloiltoncajuhy.com.br\/site\/wp-json\/wp\/v2\/posts\/65007\/revisions\/65011"}],"wp:featuredmedia":[{"embeddable":true,"href":"https:\/\/blogdoeloiltoncajuhy.com.br\/site\/wp-json\/wp\/v2\/media\/65008"}],"wp:attachment":[{"href":"https:\/\/blogdoeloiltoncajuhy.com.br\/site\/wp-json\/wp\/v2\/media?parent=65007"}],"wp:term":[{"taxonomy":"category","embeddable":true,"href":"https:\/\/blogdoeloiltoncajuhy.com.br\/site\/wp-json\/wp\/v2\/categories?post=65007"},{"taxonomy":"post_tag","embeddable":true,"href":"https:\/\/blogdoeloiltoncajuhy.com.br\/site\/wp-json\/wp\/v2\/tags?post=65007"}],"curies":[{"name":"wp","href":"https:\/\/api.w.org\/{rel}","templated":true}]}}