{"id":65003,"date":"2022-05-15T08:34:44","date_gmt":"2022-05-15T11:34:44","guid":{"rendered":"http:\/\/blogdoeloiltoncajuhy.com.br\/site\/?p=65003"},"modified":"2022-05-15T08:34:45","modified_gmt":"2022-05-15T11:34:45","slug":"voce-vive-pelo-que-ve-ou-pelo-que-cre","status":"publish","type":"post","link":"https:\/\/blogdoeloiltoncajuhy.com.br\/site\/voce-vive-pelo-que-ve-ou-pelo-que-cre\/","title":{"rendered":"Voc\u00ea vive pelo que v\u00ea ou pelo que cr\u00ea?"},"content":{"rendered":"\n<div class=\"wp-block-image\"><figure class=\"alignleft size-full\"><a href=\"https:\/\/i0.wp.com\/blogdoeloiltoncajuhy.com.br\/site\/wp-content\/uploads\/2022\/05\/Pinterest_15052022.jpg\"><img data-recalc-dims=\"1\" fetchpriority=\"high\" decoding=\"async\" width=\"426\" height=\"636\" src=\"https:\/\/i0.wp.com\/blogdoeloiltoncajuhy.com.br\/site\/wp-content\/uploads\/2022\/05\/Pinterest_15052022.jpg?resize=426%2C636\" alt=\"\" class=\"wp-image-65004\" srcset=\"https:\/\/i0.wp.com\/blogdoeloiltoncajuhy.com.br\/site\/wp-content\/uploads\/2022\/05\/Pinterest_15052022.jpg?w=426&amp;ssl=1 426w, https:\/\/i0.wp.com\/blogdoeloiltoncajuhy.com.br\/site\/wp-content\/uploads\/2022\/05\/Pinterest_15052022.jpg?resize=201%2C300&amp;ssl=1 201w\" sizes=\"(max-width: 426px) 100vw, 426px\" \/><\/a><figcaption><sub>Pinterest<\/sub><\/figcaption><\/figure><\/div>\n\n\n\n<p>Voc\u00ea est\u00e1 feliz com a sua vida nesse exato momento?<\/p>\n\n\n\n<p>As respostas podem ser variadas, dependendo da situa\u00e7\u00e3o de vida e expectativa de cada um, mas eu acredito que muitas pessoas responder\u00e3o \u201cn\u00e3o\u201d, principalmente por causa das not\u00edcias do mundo.<\/p>\n\n\n\n<p>Todos n\u00f3s, sem exce\u00e7\u00e3o, nos sentimos no meio de uma tempestade em determinados momentos e temos coisas n\u00e3o resolvidas. As dificuldades s\u00e3o reais: desemprego, pandemia, conflitos na fam\u00edlia, preju\u00edzos financeiros, viol\u00eancia no lugar onde moramos e outras coisas mais. Se colocarmos o nosso foco em tudo isso, estaremos abrindo espa\u00e7o para o des\u00e2nimo entrar e at\u00e9 para uma depress\u00e3o se alojar.<\/p>\n\n\n\n<p>Mas como n\u00f3s, que temos a Palavra de Deus como nossa b\u00fassola, podemos reagir a coisas desagrad\u00e1veis que acontecem conosco e a amea\u00e7as t\u00e3o pr\u00f3ximas?<\/p>\n\n\n\n<p>Hoje, eu quero te animar, n\u00e3o porque sou positivista, mas porque Deus n\u00e3o nos abandona jamais e n\u00e3o muda! Eu quero te lembrar que existe algo mais real do que as adversidades que passamos: o que Deus nos prometeu em Sua Palavra e o Seu amor por n\u00f3s. Por isso, vivemos por f\u00e9, e n\u00e3o pelo que vemos!<\/p>\n\n\n\n<p>O mal nos pressiona e impressiona provocando uma s\u00e9rie de situa\u00e7\u00f5es ruins, mas ele n\u00e3o pode nos destruir.<\/p>\n\n\n\n<p>Precisamos ter consci\u00eancia dos nossos desafios, fazer o que \u00e9 poss\u00edvel humanamente falando sem perder o equil\u00edbrio, e ver com os olhos espirituais a solu\u00e7\u00e3o das situa\u00e7\u00f5es que precisamos de resposta.<\/p>\n\n\n\n<p>Como voc\u00ea tem lidado com seus problemas no dia a dia?<\/p>\n\n\n\n<p>As situa\u00e7\u00f5es pelas quais voc\u00ea ora podem at\u00e9 piorar aparentemente, mas continue sendo guiado por f\u00e9! Enxergue-as atrav\u00e9s do que Deus diz! Creia que o amor de Deus \u00e9 maior e que Ele solucionar\u00e1 o que preciso for em seu favor!<\/p>\n","protected":false},"excerpt":{"rendered":"<p>Voc\u00ea est\u00e1 feliz com a sua vida nesse exato momento? As respostas podem ser variadas, dependendo da situa\u00e7\u00e3o de vida e expectativa de cada um, mas eu acredito que muitas pessoas responder\u00e3o \u201cn\u00e3o\u201d, principalmente por causa das not\u00edcias do mundo. Todos n\u00f3s, sem exce\u00e7\u00e3o, nos sentimos no meio de uma tempestade em determinados momentos e [&hellip;]<\/p>\n","protected":false},"author":2,"featured_media":65004,"comment_status":"open","ping_status":"open","sticky":false,"template":"","format":"standard","meta":{"_acf_changed":false,"_monsterinsights_skip_tracking":false,"_monsterinsights_sitenote_active":false,"_monsterinsights_sitenote_note":"","_monsterinsights_sitenote_category":0,"_jetpack_memberships_contains_paid_content":false,"footnotes":"","jetpack_publicize_message":"","jetpack_publicize_feature_enabled":true,"jetpack_social_post_already_shared":true,"jetpack_social_options":{"image_generator_settings":{"template":"highway","default_image_id":0,"font":"","enabled":false},"version":2}},"categories":[9],"tags":[],"class_list":["post-65003","post","type-post","status-publish","format-standard","has-post-thumbnail","hentry","category-reflexao"],"acf":[],"jetpack_publicize_connections":[],"jetpack_featured_media_url":"https:\/\/i0.wp.com\/blogdoeloiltoncajuhy.com.br\/site\/wp-content\/uploads\/2022\/05\/Pinterest_15052022.jpg?fit=426%2C636&ssl=1","jetpack_sharing_enabled":true,"publishpress_future_workflow_manual_trigger":{"enabledWorkflows":[]},"_links":{"self":[{"href":"https:\/\/blogdoeloiltoncajuhy.com.br\/site\/wp-json\/wp\/v2\/posts\/65003","targetHints":{"allow":["GET"]}}],"collection":[{"href":"https:\/\/blogdoeloiltoncajuhy.com.br\/site\/wp-json\/wp\/v2\/posts"}],"about":[{"href":"https:\/\/blogdoeloiltoncajuhy.com.br\/site\/wp-json\/wp\/v2\/types\/post"}],"author":[{"embeddable":true,"href":"https:\/\/blogdoeloiltoncajuhy.com.br\/site\/wp-json\/wp\/v2\/users\/2"}],"replies":[{"embeddable":true,"href":"https:\/\/blogdoeloiltoncajuhy.com.br\/site\/wp-json\/wp\/v2\/comments?post=65003"}],"version-history":[{"count":2,"href":"https:\/\/blogdoeloiltoncajuhy.com.br\/site\/wp-json\/wp\/v2\/posts\/65003\/revisions"}],"predecessor-version":[{"id":65006,"href":"https:\/\/blogdoeloiltoncajuhy.com.br\/site\/wp-json\/wp\/v2\/posts\/65003\/revisions\/65006"}],"wp:featuredmedia":[{"embeddable":true,"href":"https:\/\/blogdoeloiltoncajuhy.com.br\/site\/wp-json\/wp\/v2\/media\/65004"}],"wp:attachment":[{"href":"https:\/\/blogdoeloiltoncajuhy.com.br\/site\/wp-json\/wp\/v2\/media?parent=65003"}],"wp:term":[{"taxonomy":"category","embeddable":true,"href":"https:\/\/blogdoeloiltoncajuhy.com.br\/site\/wp-json\/wp\/v2\/categories?post=65003"},{"taxonomy":"post_tag","embeddable":true,"href":"https:\/\/blogdoeloiltoncajuhy.com.br\/site\/wp-json\/wp\/v2\/tags?post=65003"}],"curies":[{"name":"wp","href":"https:\/\/api.w.org\/{rel}","templated":true}]}}