{"id":64996,"date":"2022-05-14T13:04:57","date_gmt":"2022-05-14T16:04:57","guid":{"rendered":"http:\/\/blogdoeloiltoncajuhy.com.br\/site\/?p=64996"},"modified":"2022-05-14T13:04:59","modified_gmt":"2022-05-14T16:04:59","slug":"cai-delegado-da-pf-que-investigava-renan-bolsonaro","status":"publish","type":"post","link":"https:\/\/blogdoeloiltoncajuhy.com.br\/site\/cai-delegado-da-pf-que-investigava-renan-bolsonaro\/","title":{"rendered":"Cai delegado da PF que investigava Renan Bolsonaro"},"content":{"rendered":"\n<p class=\"has-text-align-center\"><em>Inqu\u00e9rito investigava suspeita de tr\u00e1fico de influ\u00eancia do filho do presidente e fake news<\/em><\/p>\n\n\n\n<div class=\"wp-block-image\"><figure class=\"aligncenter size-full\"><a href=\"https:\/\/i0.wp.com\/blogdoeloiltoncajuhy.com.br\/site\/wp-content\/uploads\/2022\/05\/Bolsonaro-e-Renan.webp\"><img data-recalc-dims=\"1\" fetchpriority=\"high\" decoding=\"async\" width=\"750\" height=\"500\" src=\"https:\/\/i0.wp.com\/blogdoeloiltoncajuhy.com.br\/site\/wp-content\/uploads\/2022\/05\/Bolsonaro-e-Renan.webp?resize=750%2C500\" alt=\"\" class=\"wp-image-64997\" srcset=\"https:\/\/i0.wp.com\/blogdoeloiltoncajuhy.com.br\/site\/wp-content\/uploads\/2022\/05\/Bolsonaro-e-Renan.webp?w=750&amp;ssl=1 750w, https:\/\/i0.wp.com\/blogdoeloiltoncajuhy.com.br\/site\/wp-content\/uploads\/2022\/05\/Bolsonaro-e-Renan.webp?resize=300%2C200&amp;ssl=1 300w\" sizes=\"(max-width: 750px) 100vw, 750px\" \/><\/a><figcaption><sub>Renan Bolsonaro \u00e9 filho do presidente da Rep\u00fablica, Jair Bolsonaro (PL) &#8211; Foto: Reprodu\u00e7\u00e3o | Redes Sociais<\/sub><\/figcaption><\/figure><\/div>\n\n\n\n<p>Ent\u00e3o superintendente da Pol\u00edcia Federal durante inqu\u00e9rito que investigava a suspeita de tr\u00e1fico de influ\u00eancia de Renan Bolsonaro e fake news, Hugo de Barros Correa foi afastado das investiga\u00e7\u00f5es.<\/p>\n\n\n\n<p>Atualmente, ele exerce atividades burocr\u00e1ticas, foi o que apontou uma coluna do Estado de S. Paulo nesta sexta-feira, 13.<\/p>\n\n\n\n<p>O delegado Hugo passou a ser o respons\u00e1vel pela implementa\u00e7\u00e3o interna do plano de sa\u00fade.<\/p>\n\n\n\n<p>A sa\u00edda do cargo se deu durante o andamento do inqu\u00e9rito que investigava o filho do presidente da Rep\u00fablica, que teria criado facilidades para que empres\u00e1rios se encontrassem com Jair Bolsonaro e outras autoridades do governo federal.<\/p>\n","protected":false},"excerpt":{"rendered":"<p>Inqu\u00e9rito investigava suspeita de tr\u00e1fico de influ\u00eancia do filho do presidente e fake news Ent\u00e3o superintendente da Pol\u00edcia Federal durante inqu\u00e9rito que investigava a suspeita de tr\u00e1fico de influ\u00eancia de Renan Bolsonaro e fake news, Hugo de Barros Correa foi afastado das investiga\u00e7\u00f5es. Atualmente, ele exerce atividades burocr\u00e1ticas, foi o que apontou uma coluna do [&hellip;]<\/p>\n","protected":false},"author":2,"featured_media":64997,"comment_status":"open","ping_status":"open","sticky":false,"template":"","format":"standard","meta":{"_acf_changed":false,"_monsterinsights_skip_tracking":false,"_monsterinsights_sitenote_active":false,"_monsterinsights_sitenote_note":"","_monsterinsights_sitenote_category":0,"_jetpack_memberships_contains_paid_content":false,"footnotes":"","jetpack_publicize_message":"","jetpack_publicize_feature_enabled":true,"jetpack_social_post_already_shared":true,"jetpack_social_options":{"image_generator_settings":{"template":"highway","default_image_id":0,"font":"","enabled":false},"version":2}},"categories":[3],"tags":[],"class_list":["post-64996","post","type-post","status-publish","format-standard","has-post-thumbnail","hentry","category-politica"],"acf":[],"jetpack_publicize_connections":[],"jetpack_featured_media_url":"https:\/\/i0.wp.com\/blogdoeloiltoncajuhy.com.br\/site\/wp-content\/uploads\/2022\/05\/Bolsonaro-e-Renan.webp?fit=750%2C500&ssl=1","jetpack_sharing_enabled":true,"publishpress_future_workflow_manual_trigger":{"enabledWorkflows":[]},"_links":{"self":[{"href":"https:\/\/blogdoeloiltoncajuhy.com.br\/site\/wp-json\/wp\/v2\/posts\/64996","targetHints":{"allow":["GET"]}}],"collection":[{"href":"https:\/\/blogdoeloiltoncajuhy.com.br\/site\/wp-json\/wp\/v2\/posts"}],"about":[{"href":"https:\/\/blogdoeloiltoncajuhy.com.br\/site\/wp-json\/wp\/v2\/types\/post"}],"author":[{"embeddable":true,"href":"https:\/\/blogdoeloiltoncajuhy.com.br\/site\/wp-json\/wp\/v2\/users\/2"}],"replies":[{"embeddable":true,"href":"https:\/\/blogdoeloiltoncajuhy.com.br\/site\/wp-json\/wp\/v2\/comments?post=64996"}],"version-history":[{"count":2,"href":"https:\/\/blogdoeloiltoncajuhy.com.br\/site\/wp-json\/wp\/v2\/posts\/64996\/revisions"}],"predecessor-version":[{"id":64999,"href":"https:\/\/blogdoeloiltoncajuhy.com.br\/site\/wp-json\/wp\/v2\/posts\/64996\/revisions\/64999"}],"wp:featuredmedia":[{"embeddable":true,"href":"https:\/\/blogdoeloiltoncajuhy.com.br\/site\/wp-json\/wp\/v2\/media\/64997"}],"wp:attachment":[{"href":"https:\/\/blogdoeloiltoncajuhy.com.br\/site\/wp-json\/wp\/v2\/media?parent=64996"}],"wp:term":[{"taxonomy":"category","embeddable":true,"href":"https:\/\/blogdoeloiltoncajuhy.com.br\/site\/wp-json\/wp\/v2\/categories?post=64996"},{"taxonomy":"post_tag","embeddable":true,"href":"https:\/\/blogdoeloiltoncajuhy.com.br\/site\/wp-json\/wp\/v2\/tags?post=64996"}],"curies":[{"name":"wp","href":"https:\/\/api.w.org\/{rel}","templated":true}]}}