{"id":64991,"date":"2022-05-14T10:48:15","date_gmt":"2022-05-14T13:48:15","guid":{"rendered":"http:\/\/blogdoeloiltoncajuhy.com.br\/site\/?p=64991"},"modified":"2022-05-14T10:59:02","modified_gmt":"2022-05-14T13:59:02","slug":"bonfim-com-estadio-pedro-amorim-reprovado-botafogo-jogara-serie-b-do-campeonato-baiano-em-outra-cidade","status":"publish","type":"post","link":"https:\/\/blogdoeloiltoncajuhy.com.br\/site\/bonfim-com-estadio-pedro-amorim-reprovado-botafogo-jogara-serie-b-do-campeonato-baiano-em-outra-cidade\/","title":{"rendered":"Bonfim: Com Est\u00e1dio Pedro Amorim reprovado, Botafogo jogar\u00e1 S\u00e9rie B do Campeonato Baiano em outra cidade"},"content":{"rendered":"\n<div class=\"wp-block-image\"><figure class=\"aligncenter size-full\"><a href=\"https:\/\/i0.wp.com\/blogdoeloiltoncajuhy.com.br\/site\/wp-content\/uploads\/2022\/05\/Escudo_do_Botafogo_Bofinense.png\"><img data-recalc-dims=\"1\" fetchpriority=\"high\" decoding=\"async\" width=\"502\" height=\"500\" src=\"https:\/\/i0.wp.com\/blogdoeloiltoncajuhy.com.br\/site\/wp-content\/uploads\/2022\/05\/Escudo_do_Botafogo_Bofinense.png?resize=502%2C500\" alt=\"\" class=\"wp-image-64992\" srcset=\"https:\/\/i0.wp.com\/blogdoeloiltoncajuhy.com.br\/site\/wp-content\/uploads\/2022\/05\/Escudo_do_Botafogo_Bofinense.png?w=502&amp;ssl=1 502w, https:\/\/i0.wp.com\/blogdoeloiltoncajuhy.com.br\/site\/wp-content\/uploads\/2022\/05\/Escudo_do_Botafogo_Bofinense.png?resize=300%2C300&amp;ssl=1 300w, https:\/\/i0.wp.com\/blogdoeloiltoncajuhy.com.br\/site\/wp-content\/uploads\/2022\/05\/Escudo_do_Botafogo_Bofinense.png?resize=150%2C150&amp;ssl=1 150w\" sizes=\"(max-width: 502px) 100vw, 502px\" \/><\/a><\/figure><\/div>\n\n\n\n<p>O Botafogo n\u00e3o jogar\u00e1 a S\u00e9rie B do Campeonato Baiano deste ano em Senhor do Bonfim. Em nota divulgada nas redes sociais, o presidente da equipe, Peron Farias, informa que os laudos do Est\u00e1dio Pedro Amorim n\u00e3o foram aprovados pela Federa\u00e7\u00e3o Baiana de Futebol (FBF).<\/p>\n\n\n\n<p>De acordo com a nota, &#8220;o desejo era sediar suas partidas na cidade, mesmo sem incentivos da prefeitura, que por sua vez, n\u00e3o cumpriu com suas obriga\u00e7\u00f5es com rela\u00e7\u00e3o ao est\u00e1dio&#8221;.<\/p>\n\n\n\n<p>Em conversa com a nossa reportagem, Peron afirmou que o Botafogo dever\u00e1 mandar seus jogos na Arena Cajueiro, est\u00e1dio do Bahia de Feira, em Feira de Santana. Segundo ele, o est\u00e1dio Pedro Amorim n\u00e3o foi aprovado pela FBF porque a prefeitura de Senhor do Bonfim n\u00e3o elaborou o projeto de combate a inc\u00eandios.<\/p>\n\n\n\n<p class=\"has-black-color has-text-color has-medium-font-size\"><strong>Confira a nota do Botafogo na \u00edntegra:<\/strong><\/p>\n\n\n\n<p><em>&#8220;O Botafogo Sport Club anuncia que, por conta da n\u00e3o libera\u00e7\u00e3o do est\u00e1dio Pedro Amorim junto \u00e0 FBF, N\u00c3O mandar\u00e1 seus jogos do Campeonato Baiano da S\u00e9rie B em Senhor do Bonfim.<\/em><\/p>\n\n\n\n<p><em>O Botafogo reafirma que o desejo era sediar suas partidas na cidade mesmo sem incentivos da prefeitura, que por sua vez, n\u00e3o cumpriu com suas obriga\u00e7\u00f5es com rela\u00e7\u00e3o ao est\u00e1dio.<\/em><\/p>\n\n\n\n<p><em>Al\u00e9m disso, no \u00faltimo dia 7 de maio, em Senhor do Bonfim, o Botafogo promoveu um amistoso valorizando a sele\u00e7\u00e3o local e logo mais um evento beneficente, onde o objetivo era arrecadar fundos para as altas despesas do clube, e para nossa surpresa o governo municipal aplicou uma multa alt\u00edssima \u00e0 nossa organiza\u00e7\u00e3o.<\/em><\/p>\n\n\n\n<p><em>Por fim, o Botafogo agradece imensamente aos torcedores e admiradores bonfinenses pelo apoio oferecido durante toda a caminhada. Gratid\u00e3o tamb\u00e9m aos profissionais de imprensa da regi\u00e3o que fazem a cobertura e levam informa\u00e7\u00f5es do clube para seus espectadores.<\/em><\/p>\n\n\n\n<p><em>O novo mando de campo do Botafogo ser\u00e1 definido nos pr\u00f3ximos dias. Seguimos contando com o apoio de cada um de voc\u00eas&#8221;.<\/em><\/p>\n\n\n\n<p class=\"has-text-align-center has-black-color has-text-color\"><em><strong>Peron Farias<br>Presidente do Botafogo SC<\/strong><\/em><\/p>\n","protected":false},"excerpt":{"rendered":"<p>O Botafogo n\u00e3o jogar\u00e1 a S\u00e9rie B do Campeonato Baiano deste ano em Senhor do Bonfim. Em nota divulgada nas redes sociais, o presidente da equipe, Peron Farias, informa que os laudos do Est\u00e1dio Pedro Amorim n\u00e3o foram aprovados pela Federa\u00e7\u00e3o Baiana de Futebol (FBF). De acordo com a nota, &#8220;o desejo era sediar suas [&hellip;]<\/p>\n","protected":false},"author":2,"featured_media":64992,"comment_status":"open","ping_status":"open","sticky":false,"template":"","format":"standard","meta":{"_acf_changed":false,"_monsterinsights_skip_tracking":false,"_monsterinsights_sitenote_active":false,"_monsterinsights_sitenote_note":"","_monsterinsights_sitenote_category":0,"_jetpack_memberships_contains_paid_content":false,"footnotes":"","jetpack_publicize_message":"","jetpack_publicize_feature_enabled":true,"jetpack_social_post_already_shared":true,"jetpack_social_options":{"image_generator_settings":{"template":"highway","default_image_id":0,"font":"","enabled":false},"version":2}},"categories":[6],"tags":[],"class_list":["post-64991","post","type-post","status-publish","format-standard","has-post-thumbnail","hentry","category-esportes"],"acf":[],"jetpack_publicize_connections":[],"jetpack_featured_media_url":"https:\/\/i0.wp.com\/blogdoeloiltoncajuhy.com.br\/site\/wp-content\/uploads\/2022\/05\/Escudo_do_Botafogo_Bofinense.png?fit=502%2C500&ssl=1","jetpack_sharing_enabled":true,"publishpress_future_workflow_manual_trigger":{"enabledWorkflows":[]},"_links":{"self":[{"href":"https:\/\/blogdoeloiltoncajuhy.com.br\/site\/wp-json\/wp\/v2\/posts\/64991","targetHints":{"allow":["GET"]}}],"collection":[{"href":"https:\/\/blogdoeloiltoncajuhy.com.br\/site\/wp-json\/wp\/v2\/posts"}],"about":[{"href":"https:\/\/blogdoeloiltoncajuhy.com.br\/site\/wp-json\/wp\/v2\/types\/post"}],"author":[{"embeddable":true,"href":"https:\/\/blogdoeloiltoncajuhy.com.br\/site\/wp-json\/wp\/v2\/users\/2"}],"replies":[{"embeddable":true,"href":"https:\/\/blogdoeloiltoncajuhy.com.br\/site\/wp-json\/wp\/v2\/comments?post=64991"}],"version-history":[{"count":3,"href":"https:\/\/blogdoeloiltoncajuhy.com.br\/site\/wp-json\/wp\/v2\/posts\/64991\/revisions"}],"predecessor-version":[{"id":64995,"href":"https:\/\/blogdoeloiltoncajuhy.com.br\/site\/wp-json\/wp\/v2\/posts\/64991\/revisions\/64995"}],"wp:featuredmedia":[{"embeddable":true,"href":"https:\/\/blogdoeloiltoncajuhy.com.br\/site\/wp-json\/wp\/v2\/media\/64992"}],"wp:attachment":[{"href":"https:\/\/blogdoeloiltoncajuhy.com.br\/site\/wp-json\/wp\/v2\/media?parent=64991"}],"wp:term":[{"taxonomy":"category","embeddable":true,"href":"https:\/\/blogdoeloiltoncajuhy.com.br\/site\/wp-json\/wp\/v2\/categories?post=64991"},{"taxonomy":"post_tag","embeddable":true,"href":"https:\/\/blogdoeloiltoncajuhy.com.br\/site\/wp-json\/wp\/v2\/tags?post=64991"}],"curies":[{"name":"wp","href":"https:\/\/api.w.org\/{rel}","templated":true}]}}