{"id":64987,"date":"2022-05-14T10:17:44","date_gmt":"2022-05-14T13:17:44","guid":{"rendered":"http:\/\/blogdoeloiltoncajuhy.com.br\/site\/?p=64987"},"modified":"2022-05-14T10:18:27","modified_gmt":"2022-05-14T13:18:27","slug":"governo-bolsonaro-elabora-proposta-para-diminuir-fgts-de-todos-os-trabalhadores","status":"publish","type":"post","link":"https:\/\/blogdoeloiltoncajuhy.com.br\/site\/governo-bolsonaro-elabora-proposta-para-diminuir-fgts-de-todos-os-trabalhadores\/","title":{"rendered":"Governo Bolsonaro elabora proposta para diminuir FGTS de todos os trabalhadores"},"content":{"rendered":"\n<div class=\"wp-block-image\"><figure class=\"alignright size-full is-resized\"><a href=\"https:\/\/i0.wp.com\/blogdoeloiltoncajuhy.com.br\/site\/wp-content\/uploads\/2016\/07\/fgts_capa.jpg\"><img data-recalc-dims=\"1\" fetchpriority=\"high\" decoding=\"async\" src=\"https:\/\/i0.wp.com\/blogdoeloiltoncajuhy.com.br\/site\/wp-content\/uploads\/2016\/07\/fgts_capa.jpg?resize=437%2C279\" alt=\"\" class=\"wp-image-11006\" width=\"437\" height=\"279\" srcset=\"https:\/\/i0.wp.com\/blogdoeloiltoncajuhy.com.br\/site\/wp-content\/uploads\/2016\/07\/fgts_capa.jpg?w=470&amp;ssl=1 470w, https:\/\/i0.wp.com\/blogdoeloiltoncajuhy.com.br\/site\/wp-content\/uploads\/2016\/07\/fgts_capa.jpg?resize=300%2C191&amp;ssl=1 300w, https:\/\/i0.wp.com\/blogdoeloiltoncajuhy.com.br\/site\/wp-content\/uploads\/2016\/07\/fgts_capa.jpg?resize=250%2C160&amp;ssl=1 250w\" sizes=\"(max-width: 437px) 100vw, 437px\" \/><\/a><\/figure><\/div>\n\n\n\n<p>O governo Jair Bolsonaro (PL) estuda uma ampla flexibiliza\u00e7\u00e3o nas regras do Fundo de Garantia do Tempo de Servi\u00e7o (FGTS), sob a justificativa de reduzir o custo dos empregadores na contrata\u00e7\u00e3o.<\/p>\n\n\n\n<p>Em tr\u00eas minutas de MPs (medidas provis\u00f3rias), \u00e0s quais a Folha teve acesso, o Minist\u00e9rio da Economia prop\u00f5e cortar a al\u00edquota de contribui\u00e7\u00e3o que as empresas recolhem sobre o sal\u00e1rio dos trabalhadores, de 8% para 2%, e reduzir a multa paga em caso de demiss\u00e3o sem justa causa, de 40% para 20%.<\/p>\n\n\n\n<p>&#8220;A proposta de redu\u00e7\u00e3o das al\u00edquotas das contribui\u00e7\u00f5es dos servi\u00e7os sociais aut\u00f4nomos n\u00e3o apenas reduzir\u00e1 o custo da contrata\u00e7\u00e3o de trabalhadores, como tamb\u00e9m contribuir\u00e1 com a gera\u00e7\u00e3o de novos empregos&#8221;, diz o texto, que se repete nos tr\u00eas documentos.<\/p>\n\n\n\n<p>As medidas foram redigidas pela Subsecretaria de Pol\u00edtica Fiscal da SPE (Secretaria de Pol\u00edtica Econ\u00f4mica), vinculada ao Minist\u00e9rio da Economia.<\/p>\n\n\n\n<p>Um integrante da equipe econ\u00f4mica confirmou \u00e0 reportagem que a proposta est\u00e1 em estudo, mas ressaltou que ainda n\u00e3o h\u00e1 qualquer decis\u00e3o final sobre o tema. Essa fonte explicou que a tentativa de aliviar os encargos trabalhistas \u00e9 um assunto que preocupa a pasta.<\/p>\n\n\n\n<p id=\"continueReadBreak\">Por isso, os t\u00e9cnicos t\u00eam trabalhado em op\u00e7\u00f5es de medidas, algumas restritas a grupos de trabalhadores ou outras mais amplas, como o corte geral das al\u00edquotas.<\/p>\n\n\n\n<p>Procurado oficialmente, o Minist\u00e9rio da Economia n\u00e3o respondeu.<\/p>\n\n\n\n<p>O FGTS \u00e9 vinculado ao Minist\u00e9rio do Trabalho e Previd\u00eancia. Fontes da pasta relataram n\u00e3o terem sido consultadas sobre a proposta e admitem ceticismo com a possibilidade de avan\u00e7o.<\/p>\n\n\n\n<p>Hoje, as empresas precisam recolher 8% do sal\u00e1rio em uma conta individual do FGTS em nome do empregado. Esse recurso fica no fundo e pode ser resgatado em algumas situa\u00e7\u00f5es, como compra da casa pr\u00f3pria ou demiss\u00e3o sem justa causa. Mais recentemente, o governo autorizou a op\u00e7\u00e3o de saques anuais, por meio da modalidade saque-anivers\u00e1rio, mediante ades\u00e3o do trabalhador.<\/p>\n\n\n\n<p>Se o trabalhador \u00e9 dispensado sem justa causa, ele pode resgatar todo o saldo dispon\u00edvel no fundo (caso n\u00e3o tenha optado pelo saque-anivers\u00e1rio). A empresa ainda precisa pagar uma multa de 40% sobre o valor recebido ao longo do contrato, diretamente para o bolso do trabalhador.<\/p>\n\n\n\n<p>Ao elaborar as medidas, o governo alega que a redu\u00e7\u00e3o da carga tribut\u00e1ria &#8220;favorece o crescimento e o desenvolvimento econ\u00f4mico do pa\u00eds, pois auxilia na retomada da atividade econ\u00f4mica, bem como na gera\u00e7\u00e3o de emprego e renda&#8221;.<\/p>\n\n\n\n<p>Para o Minist\u00e9rio da Economia, &#8220;o FGTS onera o empregador por incidir sobre a folha de pagamento das empresas&#8221;.<\/p>\n\n\n\n<p>&#8220;A proposta de redu\u00e7\u00e3o de 8% (oito por cento) para 2% (dois por cento) da al\u00edquota mensal relativa \u00e0 contribui\u00e7\u00e3o devida para o FGTS poder\u00e1 contribuir, n\u00e3o apenas para a redu\u00e7\u00e3o no custo da contrata\u00e7\u00e3o de trabalhadores, como tamb\u00e9m para a melhoria do cen\u00e1rio econ\u00f4mico, o que possibilitar\u00e1 o aumento de novos empregos e novas contrata\u00e7\u00f5es&#8221;, diz trecho da exposi\u00e7\u00e3o de motivos de uma das medidas.<\/p>\n\n\n\n<p>J\u00e1 na proposta referente \u00e0 redu\u00e7\u00e3o da multa do FGTS para 20%, o governo afirma que a medida reduziria o custo da contrata\u00e7\u00e3o de trabalhadores, al\u00e9m de contribuir para o aumento de novas admiss\u00f5es.<\/p>\n\n\n\n<p>&#8220;Essa redu\u00e7\u00e3o pode aumentar a produtividade e a competitividade das empresas, uma vez que os empregadores ter\u00e3o recursos adicionais que poder\u00e3o ser investidos tanto na capacita\u00e7\u00e3o de trabalhadores quanto na gera\u00e7\u00e3o de novos postos de trabalho&#8221;, diz a minuta.<\/p>\n\n\n\n<p>Em uma terceira proposta, o governo estuda cortar as al\u00edquotas referentes \u00e0s contribui\u00e7\u00f5es para o Sistema S. Elas seriam reduzidas a 0,30% para o Sebrae, a 0,50% para os servi\u00e7os de aprendizagem Senac, Senai e Senat, a 0,75% para os servi\u00e7os sociais Sesi, Sesc e Sest e a 1,25% para Sescoop e Senar.<\/p>\n\n\n\n<p>O ministro Paulo Guedes \u00e9 um ferrenho defensor do corte de encargos trabalhistas, os quais ele costuma chamar de &#8220;armas de destrui\u00e7\u00e3o em massa&#8221;.<\/p>\n\n\n\n<p>Na campanha presidencial de 2018, um dos pilares do plano econ\u00f4mico do governo era o lan\u00e7amento da Carteira Verde e Amarela, uma modalidade de contrata\u00e7\u00e3o mais flex\u00edvel do que a CLT (Consolida\u00e7\u00e3o das Leis Trabalhistas). O modelo, que segundo o governo seria opcional ao trabalhador, incluiria al\u00edquotas menores de recolhimento do FGTS.<\/p>\n\n\n\n<p>O governo nunca chegou a propor a cria\u00e7\u00e3o da Carteira Verde Amarela, apenas vers\u00f5es mais enxutas, focadas em grupos como jovens e pessoas com mais de 55 anos. Mesmo assim, a flexibiliza\u00e7\u00e3o sempre enfrentou fortes resist\u00eancias no Congresso Nacional, e as medidas apresentadas acabaram perdendo validade.<\/p>\n\n\n\n<p>Al\u00e9m das cr\u00edticas de opositores do governo, que apontaram nessas ocasi\u00f5es o risco de preju\u00edzo aos trabalhadores, altera\u00e7\u00f5es no FGTS costumam enfrentar forte obje\u00e7\u00e3o do setor de constru\u00e7\u00e3o civil.<\/p>\n\n\n\n<p>A atividade usa os recursos do Fundo de Garantia como fonte de financiamento mais barata para a constru\u00e7\u00e3o de novas moradias. Os trabalhadores tamb\u00e9m podem contratar empr\u00e9stimos com dinheiro do FGTS para adquirir a casa pr\u00f3pria pagando uma taxa de juros mais baixa.<\/p>\n\n\n\n<p>O fundo tamb\u00e9m financia a\u00e7\u00f5es nas \u00e1reas de saneamento e infraestrutura urbana. Mais recentemente, o governo anunciou medidas para direcionar uma parcela de R$ 3 bilh\u00f5es a um fundo garantidor de microcr\u00e9dito para pequenos empreendedores e para liberar os saques para trabalhadores com filhos at\u00e9 cinco anos que precisam pagar creche.<\/p>\n","protected":false},"excerpt":{"rendered":"<p>O governo Jair Bolsonaro (PL) estuda uma ampla flexibiliza\u00e7\u00e3o nas regras do Fundo de Garantia do Tempo de Servi\u00e7o (FGTS), sob a justificativa de reduzir o custo dos empregadores na contrata\u00e7\u00e3o. Em tr\u00eas minutas de MPs (medidas provis\u00f3rias), \u00e0s quais a Folha teve acesso, o Minist\u00e9rio da Economia prop\u00f5e cortar a al\u00edquota de contribui\u00e7\u00e3o que [&hellip;]<\/p>\n","protected":false},"author":2,"featured_media":62116,"comment_status":"open","ping_status":"open","sticky":false,"template":"","format":"standard","meta":{"_acf_changed":false,"_monsterinsights_skip_tracking":false,"_monsterinsights_sitenote_active":false,"_monsterinsights_sitenote_note":"","_monsterinsights_sitenote_category":0,"_jetpack_memberships_contains_paid_content":false,"footnotes":"","jetpack_publicize_message":"","jetpack_publicize_feature_enabled":true,"jetpack_social_post_already_shared":true,"jetpack_social_options":{"image_generator_settings":{"template":"highway","default_image_id":0,"font":"","enabled":false},"version":2}},"categories":[5],"tags":[],"class_list":["post-64987","post","type-post","status-publish","format-standard","has-post-thumbnail","hentry","category-cotidiano"],"acf":[],"jetpack_publicize_connections":[],"jetpack_featured_media_url":"https:\/\/i0.wp.com\/blogdoeloiltoncajuhy.com.br\/site\/wp-content\/uploads\/2022\/01\/PIS-PASEP_Foto-Fabio-Rodrigues-Pozzebom-Agencia-Brasil.jpg?fit=500%2C320&ssl=1","jetpack_sharing_enabled":true,"publishpress_future_workflow_manual_trigger":{"enabledWorkflows":[]},"_links":{"self":[{"href":"https:\/\/blogdoeloiltoncajuhy.com.br\/site\/wp-json\/wp\/v2\/posts\/64987","targetHints":{"allow":["GET"]}}],"collection":[{"href":"https:\/\/blogdoeloiltoncajuhy.com.br\/site\/wp-json\/wp\/v2\/posts"}],"about":[{"href":"https:\/\/blogdoeloiltoncajuhy.com.br\/site\/wp-json\/wp\/v2\/types\/post"}],"author":[{"embeddable":true,"href":"https:\/\/blogdoeloiltoncajuhy.com.br\/site\/wp-json\/wp\/v2\/users\/2"}],"replies":[{"embeddable":true,"href":"https:\/\/blogdoeloiltoncajuhy.com.br\/site\/wp-json\/wp\/v2\/comments?post=64987"}],"version-history":[{"count":3,"href":"https:\/\/blogdoeloiltoncajuhy.com.br\/site\/wp-json\/wp\/v2\/posts\/64987\/revisions"}],"predecessor-version":[{"id":64990,"href":"https:\/\/blogdoeloiltoncajuhy.com.br\/site\/wp-json\/wp\/v2\/posts\/64987\/revisions\/64990"}],"wp:featuredmedia":[{"embeddable":true,"href":"https:\/\/blogdoeloiltoncajuhy.com.br\/site\/wp-json\/wp\/v2\/media\/62116"}],"wp:attachment":[{"href":"https:\/\/blogdoeloiltoncajuhy.com.br\/site\/wp-json\/wp\/v2\/media?parent=64987"}],"wp:term":[{"taxonomy":"category","embeddable":true,"href":"https:\/\/blogdoeloiltoncajuhy.com.br\/site\/wp-json\/wp\/v2\/categories?post=64987"},{"taxonomy":"post_tag","embeddable":true,"href":"https:\/\/blogdoeloiltoncajuhy.com.br\/site\/wp-json\/wp\/v2\/tags?post=64987"}],"curies":[{"name":"wp","href":"https:\/\/api.w.org\/{rel}","templated":true}]}}