{"id":64981,"date":"2022-05-14T10:03:50","date_gmt":"2022-05-14T13:03:50","guid":{"rendered":"http:\/\/blogdoeloiltoncajuhy.com.br\/site\/?p=64981"},"modified":"2022-05-14T10:03:52","modified_gmt":"2022-05-14T13:03:52","slug":"em-senhor-do-bonfim-valmir-e-brasileiro-querem-votacao-historica-para-lula-e-jeronimo","status":"publish","type":"post","link":"https:\/\/blogdoeloiltoncajuhy.com.br\/site\/em-senhor-do-bonfim-valmir-e-brasileiro-querem-votacao-historica-para-lula-e-jeronimo\/","title":{"rendered":"Em Senhor do Bonfim, Valmir e Brasileiro querem vota\u00e7\u00e3o hist\u00f3rica para Lula e Jer\u00f4nimo"},"content":{"rendered":"\n<div class=\"wp-block-image\"><figure class=\"aligncenter size-large\"><a href=\"https:\/\/i0.wp.com\/blogdoeloiltoncajuhy.com.br\/site\/wp-content\/uploads\/2022\/05\/Valmir-Brasileiro-13052022-01.jpg\"><img data-recalc-dims=\"1\" fetchpriority=\"high\" decoding=\"async\" width=\"800\" height=\"533\" src=\"https:\/\/i0.wp.com\/blogdoeloiltoncajuhy.com.br\/site\/wp-content\/uploads\/2022\/05\/Valmir-Brasileiro-13052022-01.jpg?resize=800%2C533\" alt=\"\" class=\"wp-image-64982\" srcset=\"https:\/\/i0.wp.com\/blogdoeloiltoncajuhy.com.br\/site\/wp-content\/uploads\/2022\/05\/Valmir-Brasileiro-13052022-01.jpg?resize=1024%2C682&amp;ssl=1 1024w, https:\/\/i0.wp.com\/blogdoeloiltoncajuhy.com.br\/site\/wp-content\/uploads\/2022\/05\/Valmir-Brasileiro-13052022-01.jpg?resize=300%2C200&amp;ssl=1 300w, https:\/\/i0.wp.com\/blogdoeloiltoncajuhy.com.br\/site\/wp-content\/uploads\/2022\/05\/Valmir-Brasileiro-13052022-01.jpg?resize=768%2C512&amp;ssl=1 768w, https:\/\/i0.wp.com\/blogdoeloiltoncajuhy.com.br\/site\/wp-content\/uploads\/2022\/05\/Valmir-Brasileiro-13052022-01.jpg?w=1280&amp;ssl=1 1280w\" sizes=\"(max-width: 800px) 100vw, 800px\" \/><\/a><\/figure><\/div>\n\n\n\n<p>Mais de 400 pessoas acompanharam o lan\u00e7amento da pr\u00e9-campanha de reelei\u00e7\u00e3o para deputado federal de Valmir Assun\u00e7\u00e3o (PT-BA), em Senhor do Bonfim, na noite da \u00faltima sexta-feira (13). O ato pol\u00edtico foi acompanhado pelo ex-prefeito Carlinhos Brasileiro (PT) e por lideran\u00e7as pol\u00edticas da regi\u00e3o que defenderam os investimentos de mais de R$17 milh\u00f5es em emendas do parlamentar baiano que transformaram a cidade.<\/p>\n\n\n\n<p>Em discurso, tanto Valmir quanto Brasileiro defenderam as pr\u00e9-candidaturas de Lula para presidente e Jer\u00f4nimo para governador da Bahia. De acordo com Assun\u00e7\u00e3o, \u00e9 fundamental que o pa\u00eds volte a eleger um governo popular para retomar as pol\u00edticas p\u00fablicas para o campo e para recolocar o povo no or\u00e7amento da Uni\u00e3o.<\/p>\n\n\n\n<div class=\"wp-block-image\"><figure class=\"aligncenter size-large\"><a href=\"https:\/\/i0.wp.com\/blogdoeloiltoncajuhy.com.br\/site\/wp-content\/uploads\/2022\/05\/Valmir-Brasileiro-13052022-02.jpg\"><img data-recalc-dims=\"1\" decoding=\"async\" width=\"800\" height=\"533\" src=\"https:\/\/i0.wp.com\/blogdoeloiltoncajuhy.com.br\/site\/wp-content\/uploads\/2022\/05\/Valmir-Brasileiro-13052022-02.jpg?resize=800%2C533\" alt=\"\" class=\"wp-image-64983\" srcset=\"https:\/\/i0.wp.com\/blogdoeloiltoncajuhy.com.br\/site\/wp-content\/uploads\/2022\/05\/Valmir-Brasileiro-13052022-02.jpg?resize=1024%2C682&amp;ssl=1 1024w, https:\/\/i0.wp.com\/blogdoeloiltoncajuhy.com.br\/site\/wp-content\/uploads\/2022\/05\/Valmir-Brasileiro-13052022-02.jpg?resize=300%2C200&amp;ssl=1 300w, https:\/\/i0.wp.com\/blogdoeloiltoncajuhy.com.br\/site\/wp-content\/uploads\/2022\/05\/Valmir-Brasileiro-13052022-02.jpg?resize=768%2C512&amp;ssl=1 768w, https:\/\/i0.wp.com\/blogdoeloiltoncajuhy.com.br\/site\/wp-content\/uploads\/2022\/05\/Valmir-Brasileiro-13052022-02.jpg?w=1280&amp;ssl=1 1280w\" sizes=\"(max-width: 800px) 100vw, 800px\" \/><\/a><\/figure><\/div>\n\n\n\n<p>\u201cEstamos, pela terceira vez, iniciando um processo de pr\u00e9-campanha para continuar o projeto de sociedade que tem como marca principal o bem-estar da popula\u00e7\u00e3o. \u00c9 por isso que estamos na pol\u00edtica e \u00e9 por isso que vamos para a reelei\u00e7\u00e3o. O Brasil precisa, urgentemente, de um governo que desfa\u00e7a as sandices do atual presidente Bolsonaro e retome o crescimento econ\u00f4mico vivido nos governos de Lula e Dilma. Precisamos defender as empresas estatais e evitar que sejam privatizadas e voltar a ter um minist\u00e9rio que defenda o povo do campo. E vamos levar todo esse entusiasmo daqui de Senhor do Bonfim para toda a Bahia\u201d, salienta Valmir Assun\u00e7\u00e3o, que participa do Programa de Governo Participativo neste s\u00e1bado em Guanambi, no sudoeste do estado, com Jer\u00f4nimo, Geraldo (vice) e Otto Alencar (senador).<\/p>\n\n\n\n<p>O ex-prefeito Carlos Brasileiro tamb\u00e9m defendeu o legado do ex-presidente Lula e dos governos de Jaques Wagner e Rui Costa no estado. Al\u00e9m disso, segundo Brasileiro, \u00e9 fundamental que o parlamento tenha representantes como Valmir Assun\u00e7\u00e3o e ressaltou os investimentos trazidos pelo deputado que ajudaram a cal\u00e7ar ruas, construir postos de sa\u00fade e mercados populares, comprar equipamentos m\u00e9dicos e melhorar toda a infraestrutura da regi\u00e3o.<\/p>\n\n\n\n<div class=\"wp-block-image\"><figure class=\"aligncenter size-large\"><a href=\"https:\/\/i0.wp.com\/blogdoeloiltoncajuhy.com.br\/site\/wp-content\/uploads\/2022\/05\/Valmir-Brasileiro-13052022-03.jpg\"><img data-recalc-dims=\"1\" decoding=\"async\" width=\"800\" height=\"533\" src=\"https:\/\/i0.wp.com\/blogdoeloiltoncajuhy.com.br\/site\/wp-content\/uploads\/2022\/05\/Valmir-Brasileiro-13052022-03.jpg?resize=800%2C533\" alt=\"\" class=\"wp-image-64984\" srcset=\"https:\/\/i0.wp.com\/blogdoeloiltoncajuhy.com.br\/site\/wp-content\/uploads\/2022\/05\/Valmir-Brasileiro-13052022-03.jpg?resize=1024%2C682&amp;ssl=1 1024w, https:\/\/i0.wp.com\/blogdoeloiltoncajuhy.com.br\/site\/wp-content\/uploads\/2022\/05\/Valmir-Brasileiro-13052022-03.jpg?resize=300%2C200&amp;ssl=1 300w, https:\/\/i0.wp.com\/blogdoeloiltoncajuhy.com.br\/site\/wp-content\/uploads\/2022\/05\/Valmir-Brasileiro-13052022-03.jpg?resize=768%2C512&amp;ssl=1 768w, https:\/\/i0.wp.com\/blogdoeloiltoncajuhy.com.br\/site\/wp-content\/uploads\/2022\/05\/Valmir-Brasileiro-13052022-03.jpg?w=1280&amp;ssl=1 1280w\" sizes=\"(max-width: 800px) 100vw, 800px\" \/><\/a><\/figure><\/div>\n\n\n\n<p>\u201cBonfim dar\u00e1 a Valmir uma vit\u00f3ria extraordin\u00e1ria em reconhecimento aos benef\u00edcios trazidos. Vamos atuar para que Lula e Jer\u00f4nimo tenham vota\u00e7\u00f5es hist\u00f3ricas aqui na regi\u00e3o com a participa\u00e7\u00e3o direta do povo e da milit\u00e2ncia petista\u201d, descreve o ex-gestor.<\/p>\n\n\n\n<p>Participaram da plen\u00e1ria popular em Senhor do Bonfim, a presidente municipal do PT, Cris Maia, os vereadores L\u00facia Cerqueira e R\u00ea do Sindicato, al\u00e9m de Helder Amorim, que representou o pr\u00e9-candidato a governador Jer\u00f4nimo. Tamb\u00e9m estiveram no ato pol\u00edtico a representante do MST da regi\u00e3o, Naiara Santos, o membro do PCdoB, Gustavo Miranda, caravanas dos distritos de Quic\u00e9, Tijua\u00e7u, Igara, Miss\u00e3o e Carrapichel e povoados. Valmir e Brasileiro ainda receberam presidentes de associa\u00e7\u00f5es e sindicatos e entidades da sociedade civil, comerciantes e comerci\u00e1rios, imprensa, trabalhadoras e trabalhadores do campo e da cidade e lideran\u00e7as de v\u00e1rios segmentos da sociedade bonfinense.<\/p>\n","protected":false},"excerpt":{"rendered":"<p>Mais de 400 pessoas acompanharam o lan\u00e7amento da pr\u00e9-campanha de reelei\u00e7\u00e3o para deputado federal de Valmir Assun\u00e7\u00e3o (PT-BA), em Senhor do Bonfim, na noite da \u00faltima sexta-feira (13). O ato pol\u00edtico foi acompanhado pelo ex-prefeito Carlinhos Brasileiro (PT) e por lideran\u00e7as pol\u00edticas da regi\u00e3o que defenderam os investimentos de mais de R$17 milh\u00f5es em emendas [&hellip;]<\/p>\n","protected":false},"author":2,"featured_media":64983,"comment_status":"open","ping_status":"open","sticky":false,"template":"","format":"standard","meta":{"_acf_changed":false,"_monsterinsights_skip_tracking":false,"_monsterinsights_sitenote_active":false,"_monsterinsights_sitenote_note":"","_monsterinsights_sitenote_category":0,"_jetpack_memberships_contains_paid_content":false,"footnotes":"","jetpack_publicize_message":"","jetpack_publicize_feature_enabled":true,"jetpack_social_post_already_shared":true,"jetpack_social_options":{"image_generator_settings":{"template":"highway","default_image_id":0,"font":"","enabled":false},"version":2}},"categories":[3],"tags":[],"class_list":["post-64981","post","type-post","status-publish","format-standard","has-post-thumbnail","hentry","category-politica"],"acf":[],"jetpack_publicize_connections":[],"jetpack_featured_media_url":"https:\/\/i0.wp.com\/blogdoeloiltoncajuhy.com.br\/site\/wp-content\/uploads\/2022\/05\/Valmir-Brasileiro-13052022-02.jpg?fit=1280%2C853&ssl=1","jetpack_sharing_enabled":true,"publishpress_future_workflow_manual_trigger":{"enabledWorkflows":[]},"_links":{"self":[{"href":"https:\/\/blogdoeloiltoncajuhy.com.br\/site\/wp-json\/wp\/v2\/posts\/64981","targetHints":{"allow":["GET"]}}],"collection":[{"href":"https:\/\/blogdoeloiltoncajuhy.com.br\/site\/wp-json\/wp\/v2\/posts"}],"about":[{"href":"https:\/\/blogdoeloiltoncajuhy.com.br\/site\/wp-json\/wp\/v2\/types\/post"}],"author":[{"embeddable":true,"href":"https:\/\/blogdoeloiltoncajuhy.com.br\/site\/wp-json\/wp\/v2\/users\/2"}],"replies":[{"embeddable":true,"href":"https:\/\/blogdoeloiltoncajuhy.com.br\/site\/wp-json\/wp\/v2\/comments?post=64981"}],"version-history":[{"count":2,"href":"https:\/\/blogdoeloiltoncajuhy.com.br\/site\/wp-json\/wp\/v2\/posts\/64981\/revisions"}],"predecessor-version":[{"id":64986,"href":"https:\/\/blogdoeloiltoncajuhy.com.br\/site\/wp-json\/wp\/v2\/posts\/64981\/revisions\/64986"}],"wp:featuredmedia":[{"embeddable":true,"href":"https:\/\/blogdoeloiltoncajuhy.com.br\/site\/wp-json\/wp\/v2\/media\/64983"}],"wp:attachment":[{"href":"https:\/\/blogdoeloiltoncajuhy.com.br\/site\/wp-json\/wp\/v2\/media?parent=64981"}],"wp:term":[{"taxonomy":"category","embeddable":true,"href":"https:\/\/blogdoeloiltoncajuhy.com.br\/site\/wp-json\/wp\/v2\/categories?post=64981"},{"taxonomy":"post_tag","embeddable":true,"href":"https:\/\/blogdoeloiltoncajuhy.com.br\/site\/wp-json\/wp\/v2\/tags?post=64981"}],"curies":[{"name":"wp","href":"https:\/\/api.w.org\/{rel}","templated":true}]}}