{"id":64975,"date":"2022-05-13T11:49:47","date_gmt":"2022-05-13T14:49:47","guid":{"rendered":"http:\/\/blogdoeloiltoncajuhy.com.br\/site\/?p=64975"},"modified":"2022-05-13T11:49:48","modified_gmt":"2022-05-13T14:49:48","slug":"valmir-assuncao-lanca-pre-candidatura-nesta-sexta-feira-em-senhor-do-bonfim","status":"publish","type":"post","link":"https:\/\/blogdoeloiltoncajuhy.com.br\/site\/valmir-assuncao-lanca-pre-candidatura-nesta-sexta-feira-em-senhor-do-bonfim\/","title":{"rendered":"Valmir Assun\u00e7\u00e3o lan\u00e7a pr\u00e9 candidatura nesta sexta-feira em Senhor do Bonfim"},"content":{"rendered":"\n<div class=\"wp-block-image\"><figure class=\"aligncenter size-full\"><a href=\"https:\/\/i0.wp.com\/blogdoeloiltoncajuhy.com.br\/site\/wp-content\/uploads\/2015\/06\/Brasileiro-e-Valmir-Assun%C3%A7%C3%A3o.jpg\"><img data-recalc-dims=\"1\" fetchpriority=\"high\" decoding=\"async\" width=\"662\" height=\"375\" src=\"https:\/\/i0.wp.com\/blogdoeloiltoncajuhy.com.br\/site\/wp-content\/uploads\/2015\/06\/Brasileiro-e-Valmir-Assun%C3%A7%C3%A3o.jpg?resize=662%2C375\" alt=\"\" class=\"wp-image-1688\" srcset=\"https:\/\/i0.wp.com\/blogdoeloiltoncajuhy.com.br\/site\/wp-content\/uploads\/2015\/06\/Brasileiro-e-Valmir-Assun%C3%A7%C3%A3o.jpg?w=662&amp;ssl=1 662w, https:\/\/i0.wp.com\/blogdoeloiltoncajuhy.com.br\/site\/wp-content\/uploads\/2015\/06\/Brasileiro-e-Valmir-Assun%C3%A7%C3%A3o.jpg?resize=300%2C170&amp;ssl=1 300w, https:\/\/i0.wp.com\/blogdoeloiltoncajuhy.com.br\/site\/wp-content\/uploads\/2015\/06\/Brasileiro-e-Valmir-Assun%C3%A7%C3%A3o.jpg?resize=250%2C142&amp;ssl=1 250w\" sizes=\"(max-width: 662px) 100vw, 662px\" \/><\/a><\/figure><\/div>\n\n\n\n<p>O deputado federal Valmir Assun\u00e7\u00e3o (PT) visita Senhor do Bonfim nesta sexta-feira (13), oportunidade em que conceder\u00e1 entrevistas na imprensa local, durante o dia, e \u00e0 noite realiza evento de lan\u00e7amento da sua pr\u00e9 candidatura \u00e0 reelei\u00e7\u00e3o para a C\u00e2mara Federal.<\/p>\n\n\n\n<p>O ato acontece logo mais \u00e0s 19h no Dep\u00f3sito Music, localizado na Av. ACM, e contar\u00e1 com a presen\u00e7a do ex-prefeito Carlos Brasileiro, vereadores do Partido dos Trabalhadores (PT), al\u00e9m de lideran\u00e7as, militantes e convidados.<\/p>\n\n\n\n<p>Nascido em Itamaraju, Sul da Bahia, Valmir se tornou um dos l\u00edderes do Movimento dos Trabalhadores Rurais Sem Terra na Bahia. Militante pol\u00edtico, filiado ao PT desde 1989, foi secret\u00e1rio de Desenvolvimento Social e Combate \u00e0 Pobreza no governo de Jaques Wagner, e \u00e9 deputado federal estando no segundo mandato.<\/p>\n\n\n\n<p>Nas elei\u00e7\u00f5es de 2018, com o apoio do ent\u00e3o prefeito Carlos Brasileiro, Valmir Assun\u00e7\u00e3o obteve 5.175 votos em Senhor do Bonfim.<\/p>\n","protected":false},"excerpt":{"rendered":"<p>O deputado federal Valmir Assun\u00e7\u00e3o (PT) visita Senhor do Bonfim nesta sexta-feira (13), oportunidade em que conceder\u00e1 entrevistas na imprensa local, durante o dia, e \u00e0 noite realiza evento de lan\u00e7amento da sua pr\u00e9 candidatura \u00e0 reelei\u00e7\u00e3o para a C\u00e2mara Federal. O ato acontece logo mais \u00e0s 19h no Dep\u00f3sito Music, localizado na Av. ACM, [&hellip;]<\/p>\n","protected":false},"author":2,"featured_media":64126,"comment_status":"open","ping_status":"open","sticky":false,"template":"","format":"standard","meta":{"_acf_changed":false,"_monsterinsights_skip_tracking":false,"_monsterinsights_sitenote_active":false,"_monsterinsights_sitenote_note":"","_monsterinsights_sitenote_category":0,"_jetpack_memberships_contains_paid_content":false,"footnotes":"","jetpack_publicize_message":"","jetpack_publicize_feature_enabled":true,"jetpack_social_post_already_shared":true,"jetpack_social_options":{"image_generator_settings":{"template":"highway","default_image_id":0,"font":"","enabled":false},"version":2}},"categories":[3],"tags":[],"class_list":["post-64975","post","type-post","status-publish","format-standard","has-post-thumbnail","hentry","category-politica"],"acf":[],"jetpack_publicize_connections":[],"jetpack_featured_media_url":"https:\/\/i0.wp.com\/blogdoeloiltoncajuhy.com.br\/site\/wp-content\/uploads\/2022\/04\/Bonfim_Brasileiro-Valmir.jpeg?fit=800%2C479&ssl=1","jetpack_sharing_enabled":true,"publishpress_future_workflow_manual_trigger":{"enabledWorkflows":[]},"_links":{"self":[{"href":"https:\/\/blogdoeloiltoncajuhy.com.br\/site\/wp-json\/wp\/v2\/posts\/64975","targetHints":{"allow":["GET"]}}],"collection":[{"href":"https:\/\/blogdoeloiltoncajuhy.com.br\/site\/wp-json\/wp\/v2\/posts"}],"about":[{"href":"https:\/\/blogdoeloiltoncajuhy.com.br\/site\/wp-json\/wp\/v2\/types\/post"}],"author":[{"embeddable":true,"href":"https:\/\/blogdoeloiltoncajuhy.com.br\/site\/wp-json\/wp\/v2\/users\/2"}],"replies":[{"embeddable":true,"href":"https:\/\/blogdoeloiltoncajuhy.com.br\/site\/wp-json\/wp\/v2\/comments?post=64975"}],"version-history":[{"count":2,"href":"https:\/\/blogdoeloiltoncajuhy.com.br\/site\/wp-json\/wp\/v2\/posts\/64975\/revisions"}],"predecessor-version":[{"id":64977,"href":"https:\/\/blogdoeloiltoncajuhy.com.br\/site\/wp-json\/wp\/v2\/posts\/64975\/revisions\/64977"}],"wp:featuredmedia":[{"embeddable":true,"href":"https:\/\/blogdoeloiltoncajuhy.com.br\/site\/wp-json\/wp\/v2\/media\/64126"}],"wp:attachment":[{"href":"https:\/\/blogdoeloiltoncajuhy.com.br\/site\/wp-json\/wp\/v2\/media?parent=64975"}],"wp:term":[{"taxonomy":"category","embeddable":true,"href":"https:\/\/blogdoeloiltoncajuhy.com.br\/site\/wp-json\/wp\/v2\/categories?post=64975"},{"taxonomy":"post_tag","embeddable":true,"href":"https:\/\/blogdoeloiltoncajuhy.com.br\/site\/wp-json\/wp\/v2\/tags?post=64975"}],"curies":[{"name":"wp","href":"https:\/\/api.w.org\/{rel}","templated":true}]}}