{"id":64960,"date":"2022-05-13T07:50:33","date_gmt":"2022-05-13T10:50:33","guid":{"rendered":"http:\/\/blogdoeloiltoncajuhy.com.br\/site\/?p=64960"},"modified":"2022-05-13T07:50:34","modified_gmt":"2022-05-13T10:50:34","slug":"fiepe-sertao-do-sao-francisco-discute-situacao-do-distrito-industrial-de-petrolina-pe","status":"publish","type":"post","link":"https:\/\/blogdoeloiltoncajuhy.com.br\/site\/fiepe-sertao-do-sao-francisco-discute-situacao-do-distrito-industrial-de-petrolina-pe\/","title":{"rendered":"FIEPE Sert\u00e3o do S\u00e3o Francisco discute situa\u00e7\u00e3o do Distrito Industrial de Petrolina-PE"},"content":{"rendered":"\n<div class=\"wp-block-image\"><figure class=\"aligncenter size-large\"><a href=\"https:\/\/i0.wp.com\/blogdoeloiltoncajuhy.com.br\/site\/wp-content\/uploads\/2022\/05\/FIEPE_13052022-01.jpg\"><img data-recalc-dims=\"1\" fetchpriority=\"high\" decoding=\"async\" width=\"800\" height=\"533\" src=\"https:\/\/i0.wp.com\/blogdoeloiltoncajuhy.com.br\/site\/wp-content\/uploads\/2022\/05\/FIEPE_13052022-01.jpg?resize=800%2C533\" alt=\"\" class=\"wp-image-64961\" srcset=\"https:\/\/i0.wp.com\/blogdoeloiltoncajuhy.com.br\/site\/wp-content\/uploads\/2022\/05\/FIEPE_13052022-01.jpg?resize=1024%2C682&amp;ssl=1 1024w, https:\/\/i0.wp.com\/blogdoeloiltoncajuhy.com.br\/site\/wp-content\/uploads\/2022\/05\/FIEPE_13052022-01.jpg?resize=300%2C200&amp;ssl=1 300w, https:\/\/i0.wp.com\/blogdoeloiltoncajuhy.com.br\/site\/wp-content\/uploads\/2022\/05\/FIEPE_13052022-01.jpg?resize=768%2C512&amp;ssl=1 768w, https:\/\/i0.wp.com\/blogdoeloiltoncajuhy.com.br\/site\/wp-content\/uploads\/2022\/05\/FIEPE_13052022-01.jpg?w=1280&amp;ssl=1 1280w\" sizes=\"(max-width: 800px) 100vw, 800px\" \/><\/a><\/figure><\/div>\n\n\n\n<p>Falta de incentivos fiscais, seguran\u00e7a e manuten\u00e7\u00e3o. Estes s\u00e3o os principais problemas do Distrito Industrial de Petrolina-PE e tema central da reuni\u00e3o mensal do Conselho Empresarial da Unidade Regional do Sert\u00e3o do S\u00e3o Francisco da Federa\u00e7\u00e3o das Ind\u00fastrias do Estado de Pernambuco (URSF\/FIEPE), na tarde desta quinta-feira (12).<\/p>\n\n\n\n<p>Durante o encontro, ficou definido o in\u00edcio do processo de articula\u00e7\u00e3o, junto \u00e0 prefeitura de Petrolina e o governo do estado de Pernambuco, para viabilizar e requalificar a estrutura do Distrito Industrial. De acordo com o diretor da URSF\/FIEPE, Alb\u00e2nio Ven\u00e2ncio, a proposta inclui a\u00e7\u00f5es imediatas nas \u00e1reas de seguran\u00e7a, sinaliza\u00e7\u00e3o, acessibilidade, estrutura f\u00edsica, energia, taxas de implanta\u00e7\u00e3o e contrapartidas e o incremento de incentivos fiscais.<\/p>\n\n\n\n<div class=\"wp-block-image\"><figure class=\"aligncenter size-large\"><a href=\"https:\/\/i0.wp.com\/blogdoeloiltoncajuhy.com.br\/site\/wp-content\/uploads\/2022\/05\/FIEPE_13052022-02.jpg\"><img data-recalc-dims=\"1\" decoding=\"async\" width=\"800\" height=\"533\" src=\"https:\/\/i0.wp.com\/blogdoeloiltoncajuhy.com.br\/site\/wp-content\/uploads\/2022\/05\/FIEPE_13052022-02.jpg?resize=800%2C533\" alt=\"\" class=\"wp-image-64962\" srcset=\"https:\/\/i0.wp.com\/blogdoeloiltoncajuhy.com.br\/site\/wp-content\/uploads\/2022\/05\/FIEPE_13052022-02.jpg?resize=1024%2C682&amp;ssl=1 1024w, https:\/\/i0.wp.com\/blogdoeloiltoncajuhy.com.br\/site\/wp-content\/uploads\/2022\/05\/FIEPE_13052022-02.jpg?resize=300%2C200&amp;ssl=1 300w, https:\/\/i0.wp.com\/blogdoeloiltoncajuhy.com.br\/site\/wp-content\/uploads\/2022\/05\/FIEPE_13052022-02.jpg?resize=768%2C512&amp;ssl=1 768w, https:\/\/i0.wp.com\/blogdoeloiltoncajuhy.com.br\/site\/wp-content\/uploads\/2022\/05\/FIEPE_13052022-02.jpg?w=1280&amp;ssl=1 1280w\" sizes=\"(max-width: 800px) 100vw, 800px\" \/><\/a><\/figure><\/div>\n\n\n\n<p>O diretor lembrou que esteve recentemente no Recife, participando de uma reuni\u00e3o com o presidente da FIEPE, Ricardo Essinger, conselheiros regionais e o presidente da Ag\u00eancia de Desenvolvimento Econ\u00f4mico de Pernambuco &#8211; Adepe, Roberto Abreu.<\/p>\n\n\n\n<p>&#8220;Na ocasi\u00e3o, colocamos a urgente necessidade da presen\u00e7a do presidente Roberto Abreu, aqui em Petrolina, para que ele possa ouvir o nosso empresariado da ind\u00fastria. Ele concordou e estamos agendando uma reuni\u00e3o com a presen\u00e7a tamb\u00e9m de um representante da prefeitura do munic\u00edpio&#8221;, ressaltou.<\/p>\n\n\n\n<p>Ainda na reuni\u00e3o os conselheiros aprovaram tamb\u00e9m um convite ao presidente do Banco do Nordeste do Brasil (BNB), o petrolinense Jos\u00e9 Gomes, para uma exposi\u00e7\u00e3o das linhas de cr\u00e9dito que a institui\u00e7\u00e3o financeira est\u00e1 colocando \u00e0 disposi\u00e7\u00e3o dos empres\u00e1rios regionais.<\/p>\n","protected":false},"excerpt":{"rendered":"<p>Falta de incentivos fiscais, seguran\u00e7a e manuten\u00e7\u00e3o. Estes s\u00e3o os principais problemas do Distrito Industrial de Petrolina-PE e tema central da reuni\u00e3o mensal do Conselho Empresarial da Unidade Regional do Sert\u00e3o do S\u00e3o Francisco da Federa\u00e7\u00e3o das Ind\u00fastrias do Estado de Pernambuco (URSF\/FIEPE), na tarde desta quinta-feira (12). Durante o encontro, ficou definido o in\u00edcio [&hellip;]<\/p>\n","protected":false},"author":2,"featured_media":64962,"comment_status":"open","ping_status":"open","sticky":false,"template":"","format":"standard","meta":{"_acf_changed":false,"_monsterinsights_skip_tracking":false,"_monsterinsights_sitenote_active":false,"_monsterinsights_sitenote_note":"","_monsterinsights_sitenote_category":0,"_jetpack_memberships_contains_paid_content":false,"footnotes":"","jetpack_publicize_message":"","jetpack_publicize_feature_enabled":true,"jetpack_social_post_already_shared":true,"jetpack_social_options":{"image_generator_settings":{"template":"highway","default_image_id":0,"font":"","enabled":false},"version":2}},"categories":[11],"tags":[],"class_list":["post-64960","post","type-post","status-publish","format-standard","has-post-thumbnail","hentry","category-regional"],"acf":[],"jetpack_publicize_connections":[],"jetpack_featured_media_url":"https:\/\/i0.wp.com\/blogdoeloiltoncajuhy.com.br\/site\/wp-content\/uploads\/2022\/05\/FIEPE_13052022-02.jpg?fit=1280%2C853&ssl=1","jetpack_sharing_enabled":true,"publishpress_future_workflow_manual_trigger":{"enabledWorkflows":[]},"_links":{"self":[{"href":"https:\/\/blogdoeloiltoncajuhy.com.br\/site\/wp-json\/wp\/v2\/posts\/64960","targetHints":{"allow":["GET"]}}],"collection":[{"href":"https:\/\/blogdoeloiltoncajuhy.com.br\/site\/wp-json\/wp\/v2\/posts"}],"about":[{"href":"https:\/\/blogdoeloiltoncajuhy.com.br\/site\/wp-json\/wp\/v2\/types\/post"}],"author":[{"embeddable":true,"href":"https:\/\/blogdoeloiltoncajuhy.com.br\/site\/wp-json\/wp\/v2\/users\/2"}],"replies":[{"embeddable":true,"href":"https:\/\/blogdoeloiltoncajuhy.com.br\/site\/wp-json\/wp\/v2\/comments?post=64960"}],"version-history":[{"count":2,"href":"https:\/\/blogdoeloiltoncajuhy.com.br\/site\/wp-json\/wp\/v2\/posts\/64960\/revisions"}],"predecessor-version":[{"id":64964,"href":"https:\/\/blogdoeloiltoncajuhy.com.br\/site\/wp-json\/wp\/v2\/posts\/64960\/revisions\/64964"}],"wp:featuredmedia":[{"embeddable":true,"href":"https:\/\/blogdoeloiltoncajuhy.com.br\/site\/wp-json\/wp\/v2\/media\/64962"}],"wp:attachment":[{"href":"https:\/\/blogdoeloiltoncajuhy.com.br\/site\/wp-json\/wp\/v2\/media?parent=64960"}],"wp:term":[{"taxonomy":"category","embeddable":true,"href":"https:\/\/blogdoeloiltoncajuhy.com.br\/site\/wp-json\/wp\/v2\/categories?post=64960"},{"taxonomy":"post_tag","embeddable":true,"href":"https:\/\/blogdoeloiltoncajuhy.com.br\/site\/wp-json\/wp\/v2\/tags?post=64960"}],"curies":[{"name":"wp","href":"https:\/\/api.w.org\/{rel}","templated":true}]}}