{"id":64929,"date":"2022-05-11T21:47:04","date_gmt":"2022-05-12T00:47:04","guid":{"rendered":"http:\/\/blogdoeloiltoncajuhy.com.br\/site\/?p=64929"},"modified":"2022-05-11T21:47:07","modified_gmt":"2022-05-12T00:47:07","slug":"mp-recomenda-promotores-a-fiscalizar-gastos-juninos-de-prefeituras","status":"publish","type":"post","link":"https:\/\/blogdoeloiltoncajuhy.com.br\/site\/mp-recomenda-promotores-a-fiscalizar-gastos-juninos-de-prefeituras\/","title":{"rendered":"MP recomenda promotores a fiscalizar gastos juninos de Prefeituras"},"content":{"rendered":"\n<div class=\"wp-block-image\"><figure class=\"aligncenter size-large\"><a href=\"https:\/\/i0.wp.com\/blogdoeloiltoncajuhy.com.br\/site\/wp-content\/uploads\/2022\/05\/Screenshot_20220511-214511-115.png\"><img data-recalc-dims=\"1\" fetchpriority=\"high\" decoding=\"async\" width=\"800\" height=\"681\" src=\"https:\/\/i0.wp.com\/blogdoeloiltoncajuhy.com.br\/site\/wp-content\/uploads\/2022\/05\/Screenshot_20220511-214511-115.png?resize=800%2C681\" alt=\"\" class=\"wp-image-64930\" srcset=\"https:\/\/i0.wp.com\/blogdoeloiltoncajuhy.com.br\/site\/wp-content\/uploads\/2022\/05\/Screenshot_20220511-214511-115.png?resize=1024%2C872&amp;ssl=1 1024w, https:\/\/i0.wp.com\/blogdoeloiltoncajuhy.com.br\/site\/wp-content\/uploads\/2022\/05\/Screenshot_20220511-214511-115.png?resize=300%2C256&amp;ssl=1 300w, https:\/\/i0.wp.com\/blogdoeloiltoncajuhy.com.br\/site\/wp-content\/uploads\/2022\/05\/Screenshot_20220511-214511-115.png?resize=768%2C654&amp;ssl=1 768w, https:\/\/i0.wp.com\/blogdoeloiltoncajuhy.com.br\/site\/wp-content\/uploads\/2022\/05\/Screenshot_20220511-214511-115.png?w=1080&amp;ssl=1 1080w\" sizes=\"(max-width: 800px) 100vw, 800px\" \/><\/a><\/figure><\/div>\n\n\n\n<p>A procuradora-geral de Justi\u00e7a Norma Cavalcanti expediu recomenda\u00e7\u00e3o aos promotores de Justi\u00e7a que orienta a atua\u00e7\u00e3o do Minist\u00e9rio P\u00fablico estadual no acompanhamento e fiscaliza\u00e7\u00e3o dos gastos p\u00fablicos com os festejos juninos deste ano. A recomenda\u00e7\u00e3o foi publicada na ter\u00e7a-feira,  10, no Di\u00e1rio de Justi\u00e7a Eletr\u00f4nico.<\/p>\n\n\n\n<p>No documento, com ressalvas \u00e0 independ\u00eancia funcional dos membros, a PGJ recomenda que os promotores de Justi\u00e7a com atua\u00e7\u00e3o na defesa do patrim\u00f4nio p\u00fablico e da moralidade administrativa instaurem procedimentos administrativos para acompanhar a \u201clegalidade, economicidade e transpar\u00eancia dos gastos p\u00fablicos relacionados com os festejos juninos de 2022, primando, sempre que poss\u00edvel, pelo di\u00e1logo com os gestores na ado\u00e7\u00e3o de medidas preventivas de danos ao er\u00e1rio, notadamente aquelas que aprimorem o planejamento inicial das contrata\u00e7\u00f5es, etapa fundamental para uma regular execu\u00e7\u00e3o das despesas p\u00fablicas\u201d.<\/p>\n\n\n\n<p>Conforme a recomenda\u00e7\u00e3o, os promotores de Justi\u00e7a devem atuar junto aos gestores a fim de que as contrata\u00e7\u00f5es sejam adequadamente fundamentadas, com clara descri\u00e7\u00e3o de seus objetos, formas de execu\u00e7\u00e3o, presta\u00e7\u00e3o de contas e detalhamento dos componentes de seus valores globais, provid\u00eancias que, se adotadas, contribuir\u00e3o para a correta realiza\u00e7\u00e3o dos gastos p\u00fablicos e sua correlata fiscaliza\u00e7\u00e3o.<\/p>\n\n\n\n<p>Ainda segundo a recomenda\u00e7\u00e3o, a instaura\u00e7\u00e3o de procedimentos investigat\u00f3rios de natureza c\u00edvel e criminal devem se dar em car\u00e1ter excepcional, apenas \u00e0 vista de ind\u00edcios concretos de graves irregularidades nas contrata\u00e7\u00f5es, hip\u00f3teses em que se atuar\u00e1 para sust\u00e1-las, buscando-se ainda a devida repara\u00e7\u00e3o e responsabiliza\u00e7\u00e3o pelos danos em vias de consuma\u00e7\u00e3o ou j\u00e1 causados ao patrim\u00f4nio p\u00fablico.<\/p>\n","protected":false},"excerpt":{"rendered":"<p>A procuradora-geral de Justi\u00e7a Norma Cavalcanti expediu recomenda\u00e7\u00e3o aos promotores de Justi\u00e7a que orienta a atua\u00e7\u00e3o do Minist\u00e9rio P\u00fablico estadual no acompanhamento e fiscaliza\u00e7\u00e3o dos gastos p\u00fablicos com os festejos juninos deste ano. A recomenda\u00e7\u00e3o foi publicada na ter\u00e7a-feira, 10, no Di\u00e1rio de Justi\u00e7a Eletr\u00f4nico. No documento, com ressalvas \u00e0 independ\u00eancia funcional dos membros, a [&hellip;]<\/p>\n","protected":false},"author":2,"featured_media":64930,"comment_status":"open","ping_status":"open","sticky":false,"template":"","format":"standard","meta":{"_acf_changed":false,"_monsterinsights_skip_tracking":false,"_monsterinsights_sitenote_active":false,"_monsterinsights_sitenote_note":"","_monsterinsights_sitenote_category":0,"_jetpack_memberships_contains_paid_content":false,"footnotes":"","jetpack_publicize_message":"","jetpack_publicize_feature_enabled":true,"jetpack_social_post_already_shared":true,"jetpack_social_options":{"image_generator_settings":{"template":"highway","default_image_id":0,"font":"","enabled":false},"version":2}},"categories":[8],"tags":[],"class_list":["post-64929","post","type-post","status-publish","format-standard","has-post-thumbnail","hentry","category-cultura"],"acf":[],"jetpack_publicize_connections":[],"jetpack_featured_media_url":"https:\/\/i0.wp.com\/blogdoeloiltoncajuhy.com.br\/site\/wp-content\/uploads\/2022\/05\/Screenshot_20220511-214511-115.png?fit=1080%2C920&ssl=1","jetpack_sharing_enabled":true,"publishpress_future_workflow_manual_trigger":{"enabledWorkflows":[]},"_links":{"self":[{"href":"https:\/\/blogdoeloiltoncajuhy.com.br\/site\/wp-json\/wp\/v2\/posts\/64929","targetHints":{"allow":["GET"]}}],"collection":[{"href":"https:\/\/blogdoeloiltoncajuhy.com.br\/site\/wp-json\/wp\/v2\/posts"}],"about":[{"href":"https:\/\/blogdoeloiltoncajuhy.com.br\/site\/wp-json\/wp\/v2\/types\/post"}],"author":[{"embeddable":true,"href":"https:\/\/blogdoeloiltoncajuhy.com.br\/site\/wp-json\/wp\/v2\/users\/2"}],"replies":[{"embeddable":true,"href":"https:\/\/blogdoeloiltoncajuhy.com.br\/site\/wp-json\/wp\/v2\/comments?post=64929"}],"version-history":[{"count":2,"href":"https:\/\/blogdoeloiltoncajuhy.com.br\/site\/wp-json\/wp\/v2\/posts\/64929\/revisions"}],"predecessor-version":[{"id":64932,"href":"https:\/\/blogdoeloiltoncajuhy.com.br\/site\/wp-json\/wp\/v2\/posts\/64929\/revisions\/64932"}],"wp:featuredmedia":[{"embeddable":true,"href":"https:\/\/blogdoeloiltoncajuhy.com.br\/site\/wp-json\/wp\/v2\/media\/64930"}],"wp:attachment":[{"href":"https:\/\/blogdoeloiltoncajuhy.com.br\/site\/wp-json\/wp\/v2\/media?parent=64929"}],"wp:term":[{"taxonomy":"category","embeddable":true,"href":"https:\/\/blogdoeloiltoncajuhy.com.br\/site\/wp-json\/wp\/v2\/categories?post=64929"},{"taxonomy":"post_tag","embeddable":true,"href":"https:\/\/blogdoeloiltoncajuhy.com.br\/site\/wp-json\/wp\/v2\/tags?post=64929"}],"curies":[{"name":"wp","href":"https:\/\/api.w.org\/{rel}","templated":true}]}}