{"id":64923,"date":"2022-05-11T20:37:40","date_gmt":"2022-05-11T23:37:40","guid":{"rendered":"http:\/\/blogdoeloiltoncajuhy.com.br\/site\/?p=64923"},"modified":"2022-05-11T20:37:42","modified_gmt":"2022-05-11T23:37:42","slug":"homem-vindo-de-salvador-e-preso-ao-vender-drogas-em-frente-ao-complexo-policial-de-senhor-do-bonfim","status":"publish","type":"post","link":"https:\/\/blogdoeloiltoncajuhy.com.br\/site\/homem-vindo-de-salvador-e-preso-ao-vender-drogas-em-frente-ao-complexo-policial-de-senhor-do-bonfim\/","title":{"rendered":"Homem vindo de Salvador \u00e9 preso ao vender drogas em frente ao Complexo Policial de Senhor do Bonfim"},"content":{"rendered":"\n<div class=\"wp-block-image\"><figure class=\"aligncenter size-full\"><a href=\"https:\/\/i0.wp.com\/blogdoeloiltoncajuhy.com.br\/site\/wp-content\/uploads\/2022\/05\/image_750x_627c31366e70d.jpg\"><img data-recalc-dims=\"1\" fetchpriority=\"high\" decoding=\"async\" width=\"750\" height=\"422\" src=\"https:\/\/i0.wp.com\/blogdoeloiltoncajuhy.com.br\/site\/wp-content\/uploads\/2022\/05\/image_750x_627c31366e70d.jpg?resize=750%2C422\" alt=\"\" class=\"wp-image-64924\" srcset=\"https:\/\/i0.wp.com\/blogdoeloiltoncajuhy.com.br\/site\/wp-content\/uploads\/2022\/05\/image_750x_627c31366e70d.jpg?w=750&amp;ssl=1 750w, https:\/\/i0.wp.com\/blogdoeloiltoncajuhy.com.br\/site\/wp-content\/uploads\/2022\/05\/image_750x_627c31366e70d.jpg?resize=300%2C169&amp;ssl=1 300w\" sizes=\"(max-width: 750px) 100vw, 750px\" \/><\/a><\/figure><\/div>\n\n\n\n<p>Um caso in\u00e9dito de venda de drogas foi registrado por volta das 15h30 desta quarta-feira (11) em Senhor do Bonfim. Um traficante de Salvador foi preso em flagrante quando comercializava coca\u00edna nas proximidades de um posto de combust\u00edveis, \u00e0s margens da BR 407, em frente ao Complexo Policial de nossa cidade.<\/p>\n\n\n\n<p>A a\u00e7\u00e3o foi realizada por policiais civis da 19\u00aa Coorpin e da 1\u00aa Delegacia Territorial de Senhor do Bonfim. De acordo com a Pol\u00edcia Civil, o homem tamb\u00e9m transportava em um ve\u00edculo Ford Fusion, al\u00e9m de drogas, armas e muni\u00e7\u00f5es.<\/p>\n\n\n\n<p>No bagageiro do ve\u00edculo os policiais encontraram por baixo do carpete um tablete e meio de droga, aparentemente coca\u00edna, e mais dois sacos pl\u00e1sticos contendo um p\u00f3 branco. J\u00e1 no painel do carro, segundo a pol\u00edcia, foram encontrados tr\u00eas papelotes com coca\u00edna.<\/p>\n\n\n\n<p>Ainda no interior do Fusion, o detido carregava cinco muni\u00e7\u00f5es de arma de fogo calibre .38; dois frascos de anabolizantes e v\u00e1rias seringas; alem de p\u00f3 branco utilizado para misturar a droga, bem como, uma quantidade aproximada de 200 saquinhos utilizados para fracionar e acondicionar  coca\u00edna para a venda.<\/p>\n\n\n\n<p>O ve\u00edculo utilizado para o transporte das drogas foi apreendido. Al\u00e9m do acusado, tamb\u00e9m foi conduzido \u00e0 delegacia um caminhoneiro que estava adquirindo dois papelotes de coca\u00edna no instante do flagrante. Considerado usu\u00e1rio, ele foi ouvido e depois liberado.<\/p>\n\n\n\n<p>J\u00e1 o propriet\u00e1rio da droga, ap\u00f3s lavrado o flagrante, foi encaminhado a unidade prisional, onde se encontra \u00e0 disposi\u00e7\u00e3o da Justi\u00e7a.<\/p>\n","protected":false},"excerpt":{"rendered":"<p>Um caso in\u00e9dito de venda de drogas foi registrado por volta das 15h30 desta quarta-feira (11) em Senhor do Bonfim. Um traficante de Salvador foi preso em flagrante quando comercializava coca\u00edna nas proximidades de um posto de combust\u00edveis, \u00e0s margens da BR 407, em frente ao Complexo Policial de nossa cidade. A a\u00e7\u00e3o foi realizada [&hellip;]<\/p>\n","protected":false},"author":2,"featured_media":64924,"comment_status":"open","ping_status":"open","sticky":false,"template":"","format":"standard","meta":{"_acf_changed":false,"_monsterinsights_skip_tracking":false,"_monsterinsights_sitenote_active":false,"_monsterinsights_sitenote_note":"","_monsterinsights_sitenote_category":0,"_jetpack_memberships_contains_paid_content":false,"footnotes":"","jetpack_publicize_message":"","jetpack_publicize_feature_enabled":true,"jetpack_social_post_already_shared":true,"jetpack_social_options":{"image_generator_settings":{"template":"highway","default_image_id":0,"font":"","enabled":false},"version":2}},"categories":[15],"tags":[],"class_list":["post-64923","post","type-post","status-publish","format-standard","has-post-thumbnail","hentry","category-policia"],"acf":[],"jetpack_publicize_connections":[],"jetpack_featured_media_url":"https:\/\/i0.wp.com\/blogdoeloiltoncajuhy.com.br\/site\/wp-content\/uploads\/2022\/05\/image_750x_627c31366e70d.jpg?fit=750%2C422&ssl=1","jetpack_sharing_enabled":true,"publishpress_future_workflow_manual_trigger":{"enabledWorkflows":[]},"_links":{"self":[{"href":"https:\/\/blogdoeloiltoncajuhy.com.br\/site\/wp-json\/wp\/v2\/posts\/64923","targetHints":{"allow":["GET"]}}],"collection":[{"href":"https:\/\/blogdoeloiltoncajuhy.com.br\/site\/wp-json\/wp\/v2\/posts"}],"about":[{"href":"https:\/\/blogdoeloiltoncajuhy.com.br\/site\/wp-json\/wp\/v2\/types\/post"}],"author":[{"embeddable":true,"href":"https:\/\/blogdoeloiltoncajuhy.com.br\/site\/wp-json\/wp\/v2\/users\/2"}],"replies":[{"embeddable":true,"href":"https:\/\/blogdoeloiltoncajuhy.com.br\/site\/wp-json\/wp\/v2\/comments?post=64923"}],"version-history":[{"count":2,"href":"https:\/\/blogdoeloiltoncajuhy.com.br\/site\/wp-json\/wp\/v2\/posts\/64923\/revisions"}],"predecessor-version":[{"id":64926,"href":"https:\/\/blogdoeloiltoncajuhy.com.br\/site\/wp-json\/wp\/v2\/posts\/64923\/revisions\/64926"}],"wp:featuredmedia":[{"embeddable":true,"href":"https:\/\/blogdoeloiltoncajuhy.com.br\/site\/wp-json\/wp\/v2\/media\/64924"}],"wp:attachment":[{"href":"https:\/\/blogdoeloiltoncajuhy.com.br\/site\/wp-json\/wp\/v2\/media?parent=64923"}],"wp:term":[{"taxonomy":"category","embeddable":true,"href":"https:\/\/blogdoeloiltoncajuhy.com.br\/site\/wp-json\/wp\/v2\/categories?post=64923"},{"taxonomy":"post_tag","embeddable":true,"href":"https:\/\/blogdoeloiltoncajuhy.com.br\/site\/wp-json\/wp\/v2\/tags?post=64923"}],"curies":[{"name":"wp","href":"https:\/\/api.w.org\/{rel}","templated":true}]}}