{"id":64883,"date":"2022-05-10T12:14:33","date_gmt":"2022-05-10T15:14:33","guid":{"rendered":"http:\/\/blogdoeloiltoncajuhy.com.br\/site\/?p=64883"},"modified":"2022-05-13T10:05:24","modified_gmt":"2022-05-13T13:05:24","slug":"psol-ba-nota-de-repudio-contra-o-pl-escola-sem-partido-em-tramitacao-na-camara-municipal-de-senhor-do-bonfim-bahia","status":"publish","type":"post","link":"https:\/\/blogdoeloiltoncajuhy.com.br\/site\/psol-ba-nota-de-repudio-contra-o-pl-escola-sem-partido-em-tramitacao-na-camara-municipal-de-senhor-do-bonfim-bahia\/","title":{"rendered":"PSOL-BA: Nota de rep\u00fadio contra o PL Escola sem Partido em tramita\u00e7\u00e3o na C\u00e2mara Municipal de Senhor do Bonfim \u2013 Bahia"},"content":{"rendered":"\n<div class=\"wp-block-image\"><figure class=\"aligncenter size-full is-resized\"><a href=\"https:\/\/i0.wp.com\/blogdoeloiltoncajuhy.com.br\/site\/wp-content\/uploads\/2019\/05\/BlogNota.jpeg\"><img data-recalc-dims=\"1\" fetchpriority=\"high\" decoding=\"async\" src=\"https:\/\/i0.wp.com\/blogdoeloiltoncajuhy.com.br\/site\/wp-content\/uploads\/2019\/05\/BlogNota.jpeg?resize=600%2C450\" alt=\"\" class=\"wp-image-34006\" width=\"600\" height=\"450\" srcset=\"https:\/\/i0.wp.com\/blogdoeloiltoncajuhy.com.br\/site\/wp-content\/uploads\/2019\/05\/BlogNota.jpeg?w=750&amp;ssl=1 750w, https:\/\/i0.wp.com\/blogdoeloiltoncajuhy.com.br\/site\/wp-content\/uploads\/2019\/05\/BlogNota.jpeg?resize=300%2C225&amp;ssl=1 300w, https:\/\/i0.wp.com\/blogdoeloiltoncajuhy.com.br\/site\/wp-content\/uploads\/2019\/05\/BlogNota.jpeg?resize=250%2C188&amp;ssl=1 250w\" sizes=\"(max-width: 600px) 100vw, 600px\" \/><\/a><\/figure><\/div>\n\n\n\n<p>No momento que a Bahia e o Brasil passam por grave crise sanit\u00e1ria, acentuada com os ataques a educa\u00e7\u00e3o p\u00fablica, sua militariza\u00e7\u00e3o e a venda dos pr\u00e9dios escolares, com o fechamento de turmas do EJA, o que exige de n\u00f3s a luta intransigente em defesa das nossas escolas e do ensino laico, gratuito, p\u00fablico a C\u00e2mara Municipal de Senhor do Bonfim \u2013 Bahia, via seu presidente o vereador do partido Uni\u00e3o Brasil, Idailton Galeguinho, apresentou o projeto \u201cEscola sem Partido\u201d, que tramitar\u00e1 no plen\u00e1rio.<\/p>\n\n\n\n<p>A\u00e7\u00f5es como essas intensificam o crescimento do discurso de \u00f3dio contra os movimentos feministas, LGBTQIAP+, negro e ind\u00edgena. Barrar o gabinete do \u00f3dio passa pela defesa de uma escola diversa e que respeite as diferentes posi\u00e7\u00f5es e ideias.<\/p>\n\n\n\n<p>O PSOL Bahia repudia esse ataque a educa\u00e7\u00e3o e a liberdade de c\u00e1tedra! A tramita\u00e7\u00e3o do PL Escola sem Partido na cidade de Senhor do Bonfim \u00e9 um ataque \u00e0 democracia. Inclusive j\u00e1 h\u00e1 decis\u00f5es no judici\u00e1rio brasileiro que apontam para a inconstitucionalidade do referido projeto, sendo sua tramita\u00e7\u00e3o e poss\u00edvel aprova\u00e7\u00e3o um desrespeito \u00e0 Constitui\u00e7\u00e3o.<\/p>\n\n\n\n<p>Para n\u00f3s do PSOL Bahia os projetos de lei do programa Escola sem Partido consistem num retrocesso e um elemento que acirra o recrudescimento do negacionismo, al\u00e9m de amorda\u00e7ar a educa\u00e7\u00e3o e o (a)s docentes.<\/p>\n\n\n\n<p class=\"has-vivid-purple-color has-text-color\"><strong>N\u00e3o a morda\u00e7a na educa\u00e7\u00e3o!<\/strong><\/p>\n\n\n\n<p class=\"has-text-align-center\"><em>Executiva Estadual do PSOL-BA<\/em><br><em>Executiva Municipal do PSOL-Senhor do Bonfim<\/em><\/p>\n","protected":false},"excerpt":{"rendered":"<p>No momento que a Bahia e o Brasil passam por grave crise sanit\u00e1ria, acentuada com os ataques a educa\u00e7\u00e3o p\u00fablica, sua militariza\u00e7\u00e3o e a venda dos pr\u00e9dios escolares, com o fechamento de turmas do EJA, o que exige de n\u00f3s a luta intransigente em defesa das nossas escolas e do ensino laico, gratuito, p\u00fablico a [&hellip;]<\/p>\n","protected":false},"author":2,"featured_media":34006,"comment_status":"open","ping_status":"open","sticky":false,"template":"","format":"standard","meta":{"_acf_changed":false,"_monsterinsights_skip_tracking":false,"_monsterinsights_sitenote_active":false,"_monsterinsights_sitenote_note":"","_monsterinsights_sitenote_category":0,"_jetpack_memberships_contains_paid_content":false,"footnotes":"","jetpack_publicize_message":"","jetpack_publicize_feature_enabled":true,"jetpack_social_post_already_shared":true,"jetpack_social_options":{"image_generator_settings":{"template":"highway","default_image_id":0,"font":"","enabled":false},"version":2}},"categories":[3],"tags":[],"class_list":["post-64883","post","type-post","status-publish","format-standard","has-post-thumbnail","hentry","category-politica"],"acf":[],"jetpack_publicize_connections":[],"jetpack_featured_media_url":"https:\/\/i0.wp.com\/blogdoeloiltoncajuhy.com.br\/site\/wp-content\/uploads\/2019\/05\/BlogNota.jpeg?fit=750%2C563&ssl=1","jetpack_sharing_enabled":true,"publishpress_future_workflow_manual_trigger":{"enabledWorkflows":[]},"_links":{"self":[{"href":"https:\/\/blogdoeloiltoncajuhy.com.br\/site\/wp-json\/wp\/v2\/posts\/64883","targetHints":{"allow":["GET"]}}],"collection":[{"href":"https:\/\/blogdoeloiltoncajuhy.com.br\/site\/wp-json\/wp\/v2\/posts"}],"about":[{"href":"https:\/\/blogdoeloiltoncajuhy.com.br\/site\/wp-json\/wp\/v2\/types\/post"}],"author":[{"embeddable":true,"href":"https:\/\/blogdoeloiltoncajuhy.com.br\/site\/wp-json\/wp\/v2\/users\/2"}],"replies":[{"embeddable":true,"href":"https:\/\/blogdoeloiltoncajuhy.com.br\/site\/wp-json\/wp\/v2\/comments?post=64883"}],"version-history":[{"count":4,"href":"https:\/\/blogdoeloiltoncajuhy.com.br\/site\/wp-json\/wp\/v2\/posts\/64883\/revisions"}],"predecessor-version":[{"id":64973,"href":"https:\/\/blogdoeloiltoncajuhy.com.br\/site\/wp-json\/wp\/v2\/posts\/64883\/revisions\/64973"}],"wp:featuredmedia":[{"embeddable":true,"href":"https:\/\/blogdoeloiltoncajuhy.com.br\/site\/wp-json\/wp\/v2\/media\/34006"}],"wp:attachment":[{"href":"https:\/\/blogdoeloiltoncajuhy.com.br\/site\/wp-json\/wp\/v2\/media?parent=64883"}],"wp:term":[{"taxonomy":"category","embeddable":true,"href":"https:\/\/blogdoeloiltoncajuhy.com.br\/site\/wp-json\/wp\/v2\/categories?post=64883"},{"taxonomy":"post_tag","embeddable":true,"href":"https:\/\/blogdoeloiltoncajuhy.com.br\/site\/wp-json\/wp\/v2\/tags?post=64883"}],"curies":[{"name":"wp","href":"https:\/\/api.w.org\/{rel}","templated":true}]}}