{"id":64880,"date":"2022-05-10T12:03:44","date_gmt":"2022-05-10T15:03:44","guid":{"rendered":"http:\/\/blogdoeloiltoncajuhy.com.br\/site\/?p=64880"},"modified":"2022-05-10T12:03:46","modified_gmt":"2022-05-10T15:03:46","slug":"escola-sem-partido-ja-foi-tarde-no-brasil-e-vem-tarde-em-bonfim","status":"publish","type":"post","link":"https:\/\/blogdoeloiltoncajuhy.com.br\/site\/escola-sem-partido-ja-foi-tarde-no-brasil-e-vem-tarde-em-bonfim\/","title":{"rendered":"Escola sem partido j\u00e1 foi tarde no Brasil e vem tarde em Bonfim"},"content":{"rendered":"\n<p><strong>Por Jairo S\u00e1*<\/strong><\/p>\n\n\n\n<div class=\"wp-block-image\"><figure class=\"aligncenter size-full is-resized\"><a href=\"https:\/\/i0.wp.com\/blogdoeloiltoncajuhy.com.br\/site\/wp-content\/uploads\/2018\/12\/escola-sem-partido_discussao.jpg\"><img data-recalc-dims=\"1\" fetchpriority=\"high\" decoding=\"async\" src=\"https:\/\/i0.wp.com\/blogdoeloiltoncajuhy.com.br\/site\/wp-content\/uploads\/2018\/12\/escola-sem-partido_discussao.jpg?resize=596%2C391\" alt=\"\" class=\"wp-image-29890\" width=\"596\" height=\"391\" srcset=\"https:\/\/i0.wp.com\/blogdoeloiltoncajuhy.com.br\/site\/wp-content\/uploads\/2018\/12\/escola-sem-partido_discussao.jpg?w=675&amp;ssl=1 675w, https:\/\/i0.wp.com\/blogdoeloiltoncajuhy.com.br\/site\/wp-content\/uploads\/2018\/12\/escola-sem-partido_discussao.jpg?resize=300%2C196&amp;ssl=1 300w, https:\/\/i0.wp.com\/blogdoeloiltoncajuhy.com.br\/site\/wp-content\/uploads\/2018\/12\/escola-sem-partido_discussao.jpg?resize=250%2C164&amp;ssl=1 250w\" sizes=\"(max-width: 596px) 100vw, 596px\" \/><\/a><\/figure><\/div>\n\n\n\n<p>O denominado Projeto Escola sem Partido j\u00e1 foi declarado inconstitucional pelo Supremo e derrotado nas C\u00e2maras Municipais, Assembleias Legislativas e pelo pr\u00f3prio Congresso Brasileiro. Depois desses percal\u00e7os, chega a Bonfim. E isso \u00e9 bom, num certo sentido, porque provoca um debate que, diante da atual conjuntura do pa\u00eds, \u00e9 bem-vindo.<\/p>\n\n\n\n<p>Desrespeitoso e preconceituoso com os professores, porque os acusa de doutrina\u00e7\u00e3o, e com os estudantes, pois parte do princ\u00edpio de que s\u00e3o como folhas em branco onde se imprime a ideologia professada pelos docentes, seja ela qual for.<\/p>\n\n\n\n<p>O curioso \u00e9 que tal proposi\u00e7\u00e3o traz embutida a ideia de que a pretensa doutrina\u00e7\u00e3o tem vi\u00e9s de esquerda. Ora, se fosse verdade tal pressuposto o Brasil n\u00e3o elegeria um presidente de extrema direita e nem um n\u00famero significativo de governadores, deputados, prefeitos e vereadores reacion\u00e1rios e negacionistas, que apoiam um governo que tem a destrui\u00e7\u00e3o e a morte como meta.<\/p>\n\n\n\n<p>Tais autoridades, eleitas democraticamente pelo povo, se n\u00e3o se posicionarem o mais r\u00e1pido poss\u00edvel, passar\u00e3o \u00e0 Hist\u00f3ria como coveiros da pr\u00f3pria democracia, porque c\u00famplices do golpe que j\u00e1 se encontra em fase preparat\u00f3ria.<\/p>\n\n\n\n<p>Mas tenho a certeza de que a maioria dos nossos edis n\u00e3o se alinha com a pol\u00edtica de morte e destrui\u00e7\u00e3o. E confio plenamente no seu discernimento para n\u00e3o aprovar o Projeto de Lei n\u00ba 016\/2022. At\u00e9 porque, em sendo aprovado, seria in\u00f3cuo, j\u00e1 que \u00e9 inconstitucional e ilegal.<\/p>\n\n\n\n<p>Mais do que nunca \u00e9 necess\u00e1ria a mobiliza\u00e7\u00e3o do povo para conter o estrago que vem sendo feito com a sa\u00fade, a educa\u00e7\u00e3o, o meio ambiente, os direitos trabalhistas, sociais e previdenci\u00e1rios, entre tantos outros.<\/p>\n\n\n\n<div class=\"wp-block-image\"><figure class=\"aligncenter size-full is-resized\"><a href=\"https:\/\/i0.wp.com\/blogdoeloiltoncajuhy.com.br\/site\/wp-content\/uploads\/2022\/05\/Jaio-Sa_57246987.jpg\"><img data-recalc-dims=\"1\" decoding=\"async\" src=\"https:\/\/i0.wp.com\/blogdoeloiltoncajuhy.com.br\/site\/wp-content\/uploads\/2022\/05\/Jaio-Sa_57246987.jpg?resize=388%2C388\" alt=\"\" class=\"wp-image-64881\" width=\"388\" height=\"388\" srcset=\"https:\/\/i0.wp.com\/blogdoeloiltoncajuhy.com.br\/site\/wp-content\/uploads\/2022\/05\/Jaio-Sa_57246987.jpg?w=327&amp;ssl=1 327w, https:\/\/i0.wp.com\/blogdoeloiltoncajuhy.com.br\/site\/wp-content\/uploads\/2022\/05\/Jaio-Sa_57246987.jpg?resize=300%2C300&amp;ssl=1 300w, https:\/\/i0.wp.com\/blogdoeloiltoncajuhy.com.br\/site\/wp-content\/uploads\/2022\/05\/Jaio-Sa_57246987.jpg?resize=150%2C150&amp;ssl=1 150w\" sizes=\"(max-width: 388px) 100vw, 388px\" \/><\/a><\/figure><\/div>\n\n\n\n<p class=\"has-text-align-center\"><strong>**Jairo S\u00e1<\/strong> &#8211; Ex-vereador e ex-secret\u00e1rio de Administra\u00e7\u00e3o de Senhor do Bonfim-BA \/ Foto: Reprodu\u00e7\u00e3o Facebook<\/p>\n","protected":false},"excerpt":{"rendered":"<p>Por Jairo S\u00e1* O denominado Projeto Escola sem Partido j\u00e1 foi declarado inconstitucional pelo Supremo e derrotado nas C\u00e2maras Municipais, Assembleias Legislativas e pelo pr\u00f3prio Congresso Brasileiro. Depois desses percal\u00e7os, chega a Bonfim. E isso \u00e9 bom, num certo sentido, porque provoca um debate que, diante da atual conjuntura do pa\u00eds, \u00e9 bem-vindo. Desrespeitoso e [&hellip;]<\/p>\n","protected":false},"author":2,"featured_media":29890,"comment_status":"open","ping_status":"open","sticky":false,"template":"","format":"standard","meta":{"_acf_changed":false,"_monsterinsights_skip_tracking":false,"_monsterinsights_sitenote_active":false,"_monsterinsights_sitenote_note":"","_monsterinsights_sitenote_category":0,"_jetpack_memberships_contains_paid_content":false,"footnotes":"","jetpack_publicize_message":"","jetpack_publicize_feature_enabled":true,"jetpack_social_post_already_shared":true,"jetpack_social_options":{"image_generator_settings":{"template":"highway","default_image_id":0,"font":"","enabled":false},"version":2}},"categories":[4],"tags":[],"class_list":["post-64880","post","type-post","status-publish","format-standard","has-post-thumbnail","hentry","category-local"],"acf":[],"jetpack_publicize_connections":[],"jetpack_featured_media_url":"https:\/\/i0.wp.com\/blogdoeloiltoncajuhy.com.br\/site\/wp-content\/uploads\/2018\/12\/escola-sem-partido_discussao.jpg?fit=675%2C442&ssl=1","jetpack_sharing_enabled":true,"publishpress_future_workflow_manual_trigger":{"enabledWorkflows":[]},"_links":{"self":[{"href":"https:\/\/blogdoeloiltoncajuhy.com.br\/site\/wp-json\/wp\/v2\/posts\/64880","targetHints":{"allow":["GET"]}}],"collection":[{"href":"https:\/\/blogdoeloiltoncajuhy.com.br\/site\/wp-json\/wp\/v2\/posts"}],"about":[{"href":"https:\/\/blogdoeloiltoncajuhy.com.br\/site\/wp-json\/wp\/v2\/types\/post"}],"author":[{"embeddable":true,"href":"https:\/\/blogdoeloiltoncajuhy.com.br\/site\/wp-json\/wp\/v2\/users\/2"}],"replies":[{"embeddable":true,"href":"https:\/\/blogdoeloiltoncajuhy.com.br\/site\/wp-json\/wp\/v2\/comments?post=64880"}],"version-history":[{"count":1,"href":"https:\/\/blogdoeloiltoncajuhy.com.br\/site\/wp-json\/wp\/v2\/posts\/64880\/revisions"}],"predecessor-version":[{"id":64882,"href":"https:\/\/blogdoeloiltoncajuhy.com.br\/site\/wp-json\/wp\/v2\/posts\/64880\/revisions\/64882"}],"wp:featuredmedia":[{"embeddable":true,"href":"https:\/\/blogdoeloiltoncajuhy.com.br\/site\/wp-json\/wp\/v2\/media\/29890"}],"wp:attachment":[{"href":"https:\/\/blogdoeloiltoncajuhy.com.br\/site\/wp-json\/wp\/v2\/media?parent=64880"}],"wp:term":[{"taxonomy":"category","embeddable":true,"href":"https:\/\/blogdoeloiltoncajuhy.com.br\/site\/wp-json\/wp\/v2\/categories?post=64880"},{"taxonomy":"post_tag","embeddable":true,"href":"https:\/\/blogdoeloiltoncajuhy.com.br\/site\/wp-json\/wp\/v2\/tags?post=64880"}],"curies":[{"name":"wp","href":"https:\/\/api.w.org\/{rel}","templated":true}]}}