{"id":64878,"date":"2022-05-10T11:46:23","date_gmt":"2022-05-10T14:46:23","guid":{"rendered":"http:\/\/blogdoeloiltoncajuhy.com.br\/site\/?p=64878"},"modified":"2022-05-10T11:46:24","modified_gmt":"2022-05-10T14:46:24","slug":"ofensiva-contra-urnas-envolveu-abin-e-generais-ramos-e-heleno-aponta-policia-federal","status":"publish","type":"post","link":"https:\/\/blogdoeloiltoncajuhy.com.br\/site\/ofensiva-contra-urnas-envolveu-abin-e-generais-ramos-e-heleno-aponta-policia-federal\/","title":{"rendered":"Ofensiva contra urnas envolveu Abin e generais Ramos e Heleno, aponta Pol\u00edcia Federal"},"content":{"rendered":"\n<p><strong>Por Folhapress<\/strong><\/p>\n\n\n\n<div class=\"wp-block-image\"><figure class=\"aligncenter size-full is-resized\"><a href=\"https:\/\/i0.wp.com\/blogdoeloiltoncajuhy.com.br\/site\/wp-content\/uploads\/2016\/06\/urna-eletronica.jpg\"><img data-recalc-dims=\"1\" fetchpriority=\"high\" decoding=\"async\" src=\"https:\/\/i0.wp.com\/blogdoeloiltoncajuhy.com.br\/site\/wp-content\/uploads\/2016\/06\/urna-eletronica.jpg?resize=525%2C387\" alt=\"\" class=\"wp-image-10659\" width=\"525\" height=\"387\" srcset=\"https:\/\/i0.wp.com\/blogdoeloiltoncajuhy.com.br\/site\/wp-content\/uploads\/2016\/06\/urna-eletronica.jpg?w=380&amp;ssl=1 380w, https:\/\/i0.wp.com\/blogdoeloiltoncajuhy.com.br\/site\/wp-content\/uploads\/2016\/06\/urna-eletronica.jpg?resize=300%2C221&amp;ssl=1 300w, https:\/\/i0.wp.com\/blogdoeloiltoncajuhy.com.br\/site\/wp-content\/uploads\/2016\/06\/urna-eletronica.jpg?resize=250%2C184&amp;ssl=1 250w\" sizes=\"(max-width: 525px) 100vw, 525px\" \/><\/a><\/figure><\/div>\n\n\n\n<p>O uso das institui\u00e7\u00f5es p\u00fablicas para buscar informa\u00e7\u00f5es contra as urnas eletr\u00f4nicas vem desde 2019 e envolve o general Luiz Eduardo Ramos e a Abin (Ag\u00eancia Brasileira de Intelig\u00eancia), atrelada ao Gabinete de Seguran\u00e7a Institucional chefiado pelo tamb\u00e9m general Augusto Heleno, mostra o inqu\u00e9rito da Pol\u00edcia Federal.<\/p>\n\n\n\n<p>A investiga\u00e7\u00e3o da PF, relatada pelo ministro Alexandre de Moraes, do Supremo Tribunal Federal (STF), foi aberta para apurar a live presidencial de 29 de julho de 2021.<\/p>\n\n\n\n<p>Na ocasi\u00e3o, o presidente Jair Bolsonaro (PL) fez seu maior ataque ao sistema eleitoral, apresentando uma profus\u00e3o de mentiras e teorias da conspira\u00e7\u00e3o sobre as urnas. O caso agora tramita dentro do inqu\u00e9rito das mil\u00edcias digitais.<\/p>\n\n\n\n<p>Bolsonaro ataca o sistema eleitoral desde quando era deputado e aumentou o tom das cr\u00edticas na Presid\u00eancia, em especial ap\u00f3s a sua popularidade diminuir com as seguidas crises de sua gest\u00e3o. Foi quando passou a levantar suspeitas sobre os resultados desta pr\u00f3xima elei\u00e7\u00e3o.<\/p>\n\n\n\n<p>No embalo de Bolsonaro, as For\u00e7as Armadas passaram a questionar o Tribunal Superior Eleitoral (TSE) sobre supostas fragilidades no sistema eletr\u00f4nico de vota\u00e7\u00e3o e criaram tens\u00e3o com o Judici\u00e1rio por causa do alinhamento \u00e0s teses conspirat\u00f3rias do presidente da Rep\u00fablica.<\/p>\n\n\n\n<p>Com o aumento das cr\u00edticas, em 2021, o TSE deu prazo para que Bolsonaro apresentasse provas sobre as supostas fragilidades do sistema eleitoral.<\/p>\n\n\n\n<p>Quando se aproximava o fim do prazo, estipulado para agosto de 2021, o presidente convocou a live de 29 de julho em que atacou diretamente o sistema eleitoral e, entre outros fatos, levantou sem provas a suspeita de fraude na elei\u00e7\u00e3o de 2014, quando Dilma Rousseff (PT) venceu o tucano A\u00e9cio Neves.<\/p>\n\n\n\n<p>No caso de 2014, Bolsonaro utilizou como prova uma an\u00e1lise simpl\u00f3ria sobre o suposto padr\u00e3o nos n\u00fameros da apura\u00e7\u00e3o dos votos que deu a vit\u00f3ria para a petista. O material, uma planilha com os n\u00fameros de votos, foi elaborado pelo t\u00e9cnico em eletr\u00f4nica Marcelo Abrieli.<\/p>\n\n\n\n<p>Chamado para depor no inqu\u00e9rito aberto pela PF, Abrieli relatou como foi procurado ainda no primeiro ano de governo, em 2019, pelo general Luiz Eduardo Ramos, atual ministro da Secretaria-Geral da Presid\u00eancia, para convid\u00e1-lo a participar de uma reuni\u00e3o com Bolsonaro no Planalto.<\/p>\n\n\n\n<p>O tema do encontro era &#8220;ind\u00edcios de fraudes&#8221; nas urnas. &#8220;No final de 2019, o general Ramos entrou em contato, por telefone, com o declarante para agendar uma reuni\u00e3o no Pal\u00e1cio do Planalto com o presidente Bolsonaro. Que a reuni\u00e3o teria como tema ind\u00edcios de fraude nas urnas eletr\u00f4nicas e que o declarante falaria sobre as informa\u00e7\u00f5es descobertas em 2014 sobre as elei\u00e7\u00f5es&#8221;, disse Abrieli no depoimento.<\/p>\n\n\n\n<p>De acordo com a vers\u00e3o dada por Abrieli, al\u00e9m do general Ramos e Bolsonaro, participaram da reuni\u00e3o, de aproximadamente uma hora de dura\u00e7\u00e3o, cerca de oito pessoas.<\/p>\n\n\n\n<p>O t\u00e9cnico em eletr\u00f4nica disse \u00e0 PF que relatou suas descobertas sobre a poss\u00edvel fraude no pleito de 2014 e que as outras pessoas tamb\u00e9m apresentaram informa\u00e7\u00f5es sobre poss\u00edveis falhas nas urnas.<\/p>\n\n\n\n<p>Questionado pela PF sobre quais informa\u00e7\u00f5es seriam essas, Abrieli disse n\u00e3o se recordar do conte\u00fado das apresenta\u00e7\u00f5es, mas afirmou &#8220;saber informar que tudo girava sobre o mesmo tema, ou seja, poss\u00edvel fraude das urnas eletr\u00f4nicas&#8221;.<\/p>\n\n\n\n<p>Ainda em seu depoimento, o t\u00e9cnico em eletr\u00f4nica afirmou que, entre junho e julho de 2021, foi novamente procurado pelo general Ramos. Segundo ele, o contato foi feito quando Bolsonaro estava junto com o general e a liga\u00e7\u00e3o foi colocada no viva voz.<\/p>\n\n\n\n<p>&#8220;Durante essa conversa foi avisado que estavam reunindo v\u00e1rias informa\u00e7\u00f5es sobre poss\u00edvel fraude nas urnas eletr\u00f4nicas. O general Ramos pediu para o declarante falar um pouco sobre as informa\u00e7\u00f5es que descobriu&#8221;, disse Abrieli \u00e0 PF.<\/p>\n\n\n\n<p>Logo ap\u00f3s a conversa, segundo Abrieli, outro militar, o coronel Eduardo Gomes da Silva, respons\u00e1vel por apresentar as suspeitas de fraudes na live, entrou em contato com o argumento de que estava trabalhando com Ramos &#8220;na colet\u00e2nea das informa\u00e7\u00f5es&#8221; sobre as urnas.<\/p>\n\n\n\n<p>Al\u00e9m de Ramos, Augusto Heleno, militar que chefia o Gabinete de Seguran\u00e7a Institucional e, por consequ\u00eancia, a Abin, tamb\u00e9m atuou para obter desinforma\u00e7\u00e3o contra as urnas.<\/p>\n\n\n\n<p>No mesmo inqu\u00e9rito, o perito criminal da PF Ivo Peixinho, especialista em crimes cibern\u00e9ticos e respons\u00e1vel por testes nas urnas eletr\u00f4nicas, disse que, entre 2019 e 2020, o governo federal, por meio da Abin, buscou informa\u00e7\u00f5es sobre a seguran\u00e7a no sistema eleitoral brasileiro.<\/p>\n\n\n\n<p>O perito conta que &#8220;em 2019 ou 2020&#8221; a Abin, sob o comando de Alexandre Ramagem, amigo da fam\u00edlia Bolsonaro e chefiado por Heleno, enviou uma consulta &#8220;sobre informa\u00e7\u00f5es sobre ocorr\u00eancias ou atividades envolvendo urnas eletr\u00f4nicas nas elei\u00e7\u00f5es&#8221;.<\/p>\n\n\n\n<p>Segundo ele, nessa ocasi\u00e3o, produziu um informe com todas as atividades da PF sobre o tema e os relat\u00f3rios de an\u00e1lise no c\u00f3digo fonte das urnas e testes p\u00fablicos do TSE.<\/p>\n\n\n\n<p>Procurado, o Gabinete de Seguran\u00e7a Institucional afirmou que n\u00e3o se manifesta sobre temas sob aprecia\u00e7\u00e3o da Justi\u00e7a Federal.<\/p>\n\n\n\n<p>Embora n\u00e3o apontasse para nenhuma possibilidade de fraude, o material produzido nos testes por Peixinho e outros peritos da PF foi utilizado na live presidencial pelo ministro Anderson Torres (Justi\u00e7a).<\/p>\n\n\n\n<p>Apesar dos depoimentos, os generais de Bolsonaro n\u00e3o entraram at\u00e9 agora na mira desse inqu\u00e9rito da PF.<\/p>\n\n\n\n<p>Ao concluir a apura\u00e7\u00e3o, a delegada Denisse Ribeiro entendeu que a busca por informa\u00e7\u00f5es para desacreditar o sistema eleitoral \u00e9 mais um evento relacionado \u00e0 organiza\u00e7\u00e3o criminosa investigada no inqu\u00e9rito das mil\u00edcias.<\/p>\n\n\n\n<p>Segundo a delegada, a live presidencial foi realizada com o &#8220;n\u00edtido prop\u00f3sito de desinformar e de levar parcelas da popula\u00e7\u00e3o a erro quanto \u00e0 lisura do sistema de vota\u00e7\u00e3o&#8221; e &#8220;alimenta teorias que promovem fortalecimento dos la\u00e7os que unem seguidores de determinada ideologia dita conservadora&#8221;.<\/p>\n","protected":false},"excerpt":{"rendered":"<p>Por Folhapress O uso das institui\u00e7\u00f5es p\u00fablicas para buscar informa\u00e7\u00f5es contra as urnas eletr\u00f4nicas vem desde 2019 e envolve o general Luiz Eduardo Ramos e a Abin (Ag\u00eancia Brasileira de Intelig\u00eancia), atrelada ao Gabinete de Seguran\u00e7a Institucional chefiado pelo tamb\u00e9m general Augusto Heleno, mostra o inqu\u00e9rito da Pol\u00edcia Federal. A investiga\u00e7\u00e3o da PF, relatada pelo [&hellip;]<\/p>\n","protected":false},"author":2,"featured_media":6073,"comment_status":"open","ping_status":"open","sticky":false,"template":"","format":"standard","meta":{"_acf_changed":false,"_monsterinsights_skip_tracking":false,"_monsterinsights_sitenote_active":false,"_monsterinsights_sitenote_note":"","_monsterinsights_sitenote_category":0,"_jetpack_memberships_contains_paid_content":false,"footnotes":"","jetpack_publicize_message":"","jetpack_publicize_feature_enabled":true,"jetpack_social_post_already_shared":true,"jetpack_social_options":{"image_generator_settings":{"template":"highway","default_image_id":0,"font":"","enabled":false},"version":2}},"categories":[3],"tags":[],"class_list":["post-64878","post","type-post","status-publish","format-standard","has-post-thumbnail","hentry","category-politica"],"acf":[],"jetpack_publicize_connections":[],"jetpack_featured_media_url":"https:\/\/i0.wp.com\/blogdoeloiltoncajuhy.com.br\/site\/wp-content\/uploads\/2015\/11\/urna_menor.jpg?fit=576%2C264&ssl=1","jetpack_sharing_enabled":true,"publishpress_future_workflow_manual_trigger":{"enabledWorkflows":[]},"_links":{"self":[{"href":"https:\/\/blogdoeloiltoncajuhy.com.br\/site\/wp-json\/wp\/v2\/posts\/64878","targetHints":{"allow":["GET"]}}],"collection":[{"href":"https:\/\/blogdoeloiltoncajuhy.com.br\/site\/wp-json\/wp\/v2\/posts"}],"about":[{"href":"https:\/\/blogdoeloiltoncajuhy.com.br\/site\/wp-json\/wp\/v2\/types\/post"}],"author":[{"embeddable":true,"href":"https:\/\/blogdoeloiltoncajuhy.com.br\/site\/wp-json\/wp\/v2\/users\/2"}],"replies":[{"embeddable":true,"href":"https:\/\/blogdoeloiltoncajuhy.com.br\/site\/wp-json\/wp\/v2\/comments?post=64878"}],"version-history":[{"count":1,"href":"https:\/\/blogdoeloiltoncajuhy.com.br\/site\/wp-json\/wp\/v2\/posts\/64878\/revisions"}],"predecessor-version":[{"id":64879,"href":"https:\/\/blogdoeloiltoncajuhy.com.br\/site\/wp-json\/wp\/v2\/posts\/64878\/revisions\/64879"}],"wp:featuredmedia":[{"embeddable":true,"href":"https:\/\/blogdoeloiltoncajuhy.com.br\/site\/wp-json\/wp\/v2\/media\/6073"}],"wp:attachment":[{"href":"https:\/\/blogdoeloiltoncajuhy.com.br\/site\/wp-json\/wp\/v2\/media?parent=64878"}],"wp:term":[{"taxonomy":"category","embeddable":true,"href":"https:\/\/blogdoeloiltoncajuhy.com.br\/site\/wp-json\/wp\/v2\/categories?post=64878"},{"taxonomy":"post_tag","embeddable":true,"href":"https:\/\/blogdoeloiltoncajuhy.com.br\/site\/wp-json\/wp\/v2\/tags?post=64878"}],"curies":[{"name":"wp","href":"https:\/\/api.w.org\/{rel}","templated":true}]}}