{"id":64875,"date":"2022-05-10T11:33:45","date_gmt":"2022-05-10T14:33:45","guid":{"rendered":"http:\/\/blogdoeloiltoncajuhy.com.br\/site\/?p=64875"},"modified":"2022-05-10T11:33:47","modified_gmt":"2022-05-10T14:33:47","slug":"ex-prefeito-de-jaguarari-everton-rocha-participa-ao-lado-de-acm-neto-de-encontro-do-projeto-mobiliza-bahia","status":"publish","type":"post","link":"https:\/\/blogdoeloiltoncajuhy.com.br\/site\/ex-prefeito-de-jaguarari-everton-rocha-participa-ao-lado-de-acm-neto-de-encontro-do-projeto-mobiliza-bahia\/","title":{"rendered":"Ex-prefeito de Jaguarari Everton Rocha participa ao lado de ACM Neto de encontro do Projeto Mobiliza Bahia"},"content":{"rendered":"\n<div class=\"wp-block-image\"><figure class=\"aligncenter size-full is-resized\"><a href=\"https:\/\/i0.wp.com\/blogdoeloiltoncajuhy.com.br\/site\/wp-content\/uploads\/2022\/05\/Everton-Rocha-e-ACM-Neto-10052022.jpeg\"><img data-recalc-dims=\"1\" fetchpriority=\"high\" decoding=\"async\" src=\"https:\/\/i0.wp.com\/blogdoeloiltoncajuhy.com.br\/site\/wp-content\/uploads\/2022\/05\/Everton-Rocha-e-ACM-Neto-10052022.jpeg?resize=509%2C509\" alt=\"\" class=\"wp-image-64876\" width=\"509\" height=\"509\" srcset=\"https:\/\/i0.wp.com\/blogdoeloiltoncajuhy.com.br\/site\/wp-content\/uploads\/2022\/05\/Everton-Rocha-e-ACM-Neto-10052022.jpeg?w=678&amp;ssl=1 678w, https:\/\/i0.wp.com\/blogdoeloiltoncajuhy.com.br\/site\/wp-content\/uploads\/2022\/05\/Everton-Rocha-e-ACM-Neto-10052022.jpeg?resize=300%2C300&amp;ssl=1 300w, https:\/\/i0.wp.com\/blogdoeloiltoncajuhy.com.br\/site\/wp-content\/uploads\/2022\/05\/Everton-Rocha-e-ACM-Neto-10052022.jpeg?resize=150%2C150&amp;ssl=1 150w\" sizes=\"(max-width: 509px) 100vw, 509px\" \/><\/a><\/figure><\/div>\n\n\n\n<p>Aconteceu na noite desta segunda-feira (09), no Centro de Conven\u00e7\u00f5es de Salvador o Projeto Mobiliza Bahia, que trouxe um importante debate sobre as estrat\u00e9gias para reposicionar o estado da Bahia na lideran\u00e7a do pa\u00eds. O ex-prefeito do munic\u00edpio de Jaguarari Everton Rocha, esteve presente ao evento ao lado de grandes nomes da pol\u00edtica baiana como ACM Neto, do prefeito de Salvador Bruno Reis e dos candidatos ao senado Cac\u00e1 Le\u00e3o e a deputado estadual, o vereador Emerson Penalva.<\/p>\n\n\n\n<p>O Projeto Mobiliza Bahia nasceu com o intuito de estruturar propostas capazes de auxiliar no planejamento de um futuro promissor para o estado. Mais de cinco mil representantes, colaboradores e multiplicadores j\u00e1 est\u00e3o participando do programa. A ideia \u00e9 que os t\u00f3picos debatidos se tornem subs\u00eddios para a implementa\u00e7\u00e3o do plano de governo de ACM Neto. Entre os segmentos que receber\u00e3o o foco principal do projeto est\u00e3o as pessoas com defici\u00eancia, a \u00e1rea social e a sa\u00fade, turismo, cultura, com\u00e9rcio, ind\u00fastria, empresarial, jur\u00eddico, seguran\u00e7a, ambiental, tecnologia e inova\u00e7\u00e3o, esporte e educa\u00e7\u00e3o, jovens, movimento negro, religi\u00f5es de matriz africana, pessoas LGBTQIA+, religiosos e mulheres.<\/p>\n\n\n\n<p>Em suas falas em redes sociais Everton Rocha fala da certeza na escolha do projeto que recolocar\u00e1 o estado da Bahia no rumo do desenvolvimento. \u201cTenho acompanhado Neto em v\u00e1rios eventos por toda a Bahia e fica cada dia mais evidente o desejo de mudan\u00e7a dos baianos por mais emprego, sa\u00fade, educa\u00e7\u00e3o e principalmente seguran\u00e7a p\u00fablica. E o que se ouve nos quatro cantos da Bahia \u00e9 que ACM Neto ser\u00e1 o nosso Governador\u201d, destacou.<\/p>\n","protected":false},"excerpt":{"rendered":"<p>Aconteceu na noite desta segunda-feira (09), no Centro de Conven\u00e7\u00f5es de Salvador o Projeto Mobiliza Bahia, que trouxe um importante debate sobre as estrat\u00e9gias para reposicionar o estado da Bahia na lideran\u00e7a do pa\u00eds. O ex-prefeito do munic\u00edpio de Jaguarari Everton Rocha, esteve presente ao evento ao lado de grandes nomes da pol\u00edtica baiana como [&hellip;]<\/p>\n","protected":false},"author":2,"featured_media":64876,"comment_status":"open","ping_status":"open","sticky":false,"template":"","format":"standard","meta":{"_acf_changed":false,"_monsterinsights_skip_tracking":false,"_monsterinsights_sitenote_active":false,"_monsterinsights_sitenote_note":"","_monsterinsights_sitenote_category":0,"_jetpack_memberships_contains_paid_content":false,"footnotes":"","jetpack_publicize_message":"","jetpack_publicize_feature_enabled":true,"jetpack_social_post_already_shared":true,"jetpack_social_options":{"image_generator_settings":{"template":"highway","default_image_id":0,"font":"","enabled":false},"version":2}},"categories":[3],"tags":[],"class_list":["post-64875","post","type-post","status-publish","format-standard","has-post-thumbnail","hentry","category-politica"],"acf":[],"jetpack_publicize_connections":[],"jetpack_featured_media_url":"https:\/\/i0.wp.com\/blogdoeloiltoncajuhy.com.br\/site\/wp-content\/uploads\/2022\/05\/Everton-Rocha-e-ACM-Neto-10052022.jpeg?fit=678%2C678&ssl=1","jetpack_sharing_enabled":true,"publishpress_future_workflow_manual_trigger":{"enabledWorkflows":[]},"_links":{"self":[{"href":"https:\/\/blogdoeloiltoncajuhy.com.br\/site\/wp-json\/wp\/v2\/posts\/64875","targetHints":{"allow":["GET"]}}],"collection":[{"href":"https:\/\/blogdoeloiltoncajuhy.com.br\/site\/wp-json\/wp\/v2\/posts"}],"about":[{"href":"https:\/\/blogdoeloiltoncajuhy.com.br\/site\/wp-json\/wp\/v2\/types\/post"}],"author":[{"embeddable":true,"href":"https:\/\/blogdoeloiltoncajuhy.com.br\/site\/wp-json\/wp\/v2\/users\/2"}],"replies":[{"embeddable":true,"href":"https:\/\/blogdoeloiltoncajuhy.com.br\/site\/wp-json\/wp\/v2\/comments?post=64875"}],"version-history":[{"count":1,"href":"https:\/\/blogdoeloiltoncajuhy.com.br\/site\/wp-json\/wp\/v2\/posts\/64875\/revisions"}],"predecessor-version":[{"id":64877,"href":"https:\/\/blogdoeloiltoncajuhy.com.br\/site\/wp-json\/wp\/v2\/posts\/64875\/revisions\/64877"}],"wp:featuredmedia":[{"embeddable":true,"href":"https:\/\/blogdoeloiltoncajuhy.com.br\/site\/wp-json\/wp\/v2\/media\/64876"}],"wp:attachment":[{"href":"https:\/\/blogdoeloiltoncajuhy.com.br\/site\/wp-json\/wp\/v2\/media?parent=64875"}],"wp:term":[{"taxonomy":"category","embeddable":true,"href":"https:\/\/blogdoeloiltoncajuhy.com.br\/site\/wp-json\/wp\/v2\/categories?post=64875"},{"taxonomy":"post_tag","embeddable":true,"href":"https:\/\/blogdoeloiltoncajuhy.com.br\/site\/wp-json\/wp\/v2\/tags?post=64875"}],"curies":[{"name":"wp","href":"https:\/\/api.w.org\/{rel}","templated":true}]}}