{"id":64868,"date":"2022-05-10T09:19:14","date_gmt":"2022-05-10T12:19:14","guid":{"rendered":"http:\/\/blogdoeloiltoncajuhy.com.br\/site\/?p=64868"},"modified":"2022-05-10T09:19:21","modified_gmt":"2022-05-10T12:19:21","slug":"rui-anuncia-novo-concurso-com-2-mil-vagas-e-compra-de-mil-fuzis-para-a-policia-militar","status":"publish","type":"post","link":"https:\/\/blogdoeloiltoncajuhy.com.br\/site\/rui-anuncia-novo-concurso-com-2-mil-vagas-e-compra-de-mil-fuzis-para-a-policia-militar\/","title":{"rendered":"Rui anuncia novo concurso com 2 mil vagas e compra de mil fuzis para a Pol\u00edcia Militar"},"content":{"rendered":"\n<p><strong>Secom\/BA<\/strong><\/p>\n\n\n\n<div class=\"wp-block-image\"><figure class=\"aligncenter size-full\"><a href=\"https:\/\/i0.wp.com\/blogdoeloiltoncajuhy.com.br\/site\/wp-content\/uploads\/2022\/05\/GOV_Formatura-PM_09052022.jpeg\"><img data-recalc-dims=\"1\" fetchpriority=\"high\" decoding=\"async\" width=\"768\" height=\"512\" src=\"https:\/\/i0.wp.com\/blogdoeloiltoncajuhy.com.br\/site\/wp-content\/uploads\/2022\/05\/GOV_Formatura-PM_09052022.jpeg?resize=768%2C512\" alt=\"\" class=\"wp-image-64869\" srcset=\"https:\/\/i0.wp.com\/blogdoeloiltoncajuhy.com.br\/site\/wp-content\/uploads\/2022\/05\/GOV_Formatura-PM_09052022.jpeg?w=768&amp;ssl=1 768w, https:\/\/i0.wp.com\/blogdoeloiltoncajuhy.com.br\/site\/wp-content\/uploads\/2022\/05\/GOV_Formatura-PM_09052022.jpeg?resize=300%2C200&amp;ssl=1 300w\" sizes=\"(max-width: 768px) 100vw, 768px\" \/><\/a><figcaption><sub>Foto: Joa Souza\/GOVBA<\/sub><\/figcaption><\/figure><\/div>\n\n\n\n<p>Mais 2 mil policiais militares v\u00e3o refor\u00e7ar o efetivo da corpora\u00e7\u00e3o, a partir do pr\u00f3ximo ano. O an\u00fancio foi feito pelo governador Rui Costa, nesta segunda-feira (9), durante a cerim\u00f4nia de formatura de 917 novos soldados, na Vila Militar dos Dendezeiros, em Salvador.<\/p>\n\n\n\n<p>\u201cPrometi e cumpri que, quando esta turma se formasse, abrir\u00edamos este novo concurso. E, assim, queremos que, no pr\u00f3ximo ano, os aprovados j\u00e1 possam iniciar o curso de forma\u00e7\u00e3o\u201d, afirmou. At\u00e9 o final de 2022, 1.700 policiais aprovados no \u00faltimo concurso iniciam o curso de forma\u00e7\u00e3o. Com esse contingente, ser\u00e3o 2.617 novos policiais no enfrentamento da viol\u00eancia, somente este ano.<\/p>\n\n\n\n<p>Rui disse ainda que a Bahia segue investindo em equipamentos para as for\u00e7as de seguran\u00e7a, com a autoriza\u00e7\u00e3o para a compra de mil novos fuzis para a Pol\u00edcia Militar. O armamento ser\u00e1 adquirido por meio de licita\u00e7\u00e3o do estado ou registro de pre\u00e7o de outros estados. \u201cS\u00e3o muitos recursos destinados \u00e0 infraestrutura, na aquisi\u00e7\u00e3o de equipamentos e novas viaturas e na qualifica\u00e7\u00e3o desses profissionais. Seguimos em frente para refor\u00e7ar a seguran\u00e7a no estado, de maneira \u00e1gil, assertiva e eficaz no combate ao crime\u201d, completou o governador.<\/p>\n\n\n\n<p>Esses investimentos incluem outros dois concursos. Um deles oferece mil vagas para a Pol\u00edcia Civil, e as inscri\u00e7\u00f5es come\u00e7aram nesta segunda-feira (9). S\u00e3o 150 para o cargo de delegado, 150 para escriv\u00e3o e 700 para investigador. Com validade de um ano, prorrog\u00e1vel por igual per\u00edodo, o certame \u00e9 organizado pelo Instituto Brasileiro de Forma\u00e7\u00e3o e Capacita\u00e7\u00e3o (IBFC), em parceria com a Secretaria da Administra\u00e7\u00e3o (Saeb) e Pol\u00edcia Civil. As inscri\u00e7\u00f5es s\u00e3o realizadas pelo endere\u00e7o www.ibfc.org.br, at\u00e9 7 de junho. O outro concurso j\u00e1 autorizado oferecer\u00e1 456 vagas para peritos em diversas \u00e1reas da Pol\u00edcia T\u00e9cnica.<\/p>\n","protected":false},"excerpt":{"rendered":"<p>Secom\/BA Mais 2 mil policiais militares v\u00e3o refor\u00e7ar o efetivo da corpora\u00e7\u00e3o, a partir do pr\u00f3ximo ano. O an\u00fancio foi feito pelo governador Rui Costa, nesta segunda-feira (9), durante a cerim\u00f4nia de formatura de 917 novos soldados, na Vila Militar dos Dendezeiros, em Salvador. \u201cPrometi e cumpri que, quando esta turma se formasse, abrir\u00edamos este [&hellip;]<\/p>\n","protected":false},"author":2,"featured_media":64869,"comment_status":"open","ping_status":"open","sticky":false,"template":"","format":"standard","meta":{"_acf_changed":false,"_monsterinsights_skip_tracking":false,"_monsterinsights_sitenote_active":false,"_monsterinsights_sitenote_note":"","_monsterinsights_sitenote_category":0,"_jetpack_memberships_contains_paid_content":false,"footnotes":"","jetpack_publicize_message":"","jetpack_publicize_feature_enabled":true,"jetpack_social_post_already_shared":true,"jetpack_social_options":{"image_generator_settings":{"template":"highway","default_image_id":0,"font":"","enabled":false},"version":2}},"categories":[3],"tags":[],"class_list":["post-64868","post","type-post","status-publish","format-standard","has-post-thumbnail","hentry","category-politica"],"acf":[],"jetpack_publicize_connections":[],"jetpack_featured_media_url":"https:\/\/i0.wp.com\/blogdoeloiltoncajuhy.com.br\/site\/wp-content\/uploads\/2022\/05\/GOV_Formatura-PM_09052022.jpeg?fit=768%2C512&ssl=1","jetpack_sharing_enabled":true,"publishpress_future_workflow_manual_trigger":{"enabledWorkflows":[]},"_links":{"self":[{"href":"https:\/\/blogdoeloiltoncajuhy.com.br\/site\/wp-json\/wp\/v2\/posts\/64868","targetHints":{"allow":["GET"]}}],"collection":[{"href":"https:\/\/blogdoeloiltoncajuhy.com.br\/site\/wp-json\/wp\/v2\/posts"}],"about":[{"href":"https:\/\/blogdoeloiltoncajuhy.com.br\/site\/wp-json\/wp\/v2\/types\/post"}],"author":[{"embeddable":true,"href":"https:\/\/blogdoeloiltoncajuhy.com.br\/site\/wp-json\/wp\/v2\/users\/2"}],"replies":[{"embeddable":true,"href":"https:\/\/blogdoeloiltoncajuhy.com.br\/site\/wp-json\/wp\/v2\/comments?post=64868"}],"version-history":[{"count":1,"href":"https:\/\/blogdoeloiltoncajuhy.com.br\/site\/wp-json\/wp\/v2\/posts\/64868\/revisions"}],"predecessor-version":[{"id":64870,"href":"https:\/\/blogdoeloiltoncajuhy.com.br\/site\/wp-json\/wp\/v2\/posts\/64868\/revisions\/64870"}],"wp:featuredmedia":[{"embeddable":true,"href":"https:\/\/blogdoeloiltoncajuhy.com.br\/site\/wp-json\/wp\/v2\/media\/64869"}],"wp:attachment":[{"href":"https:\/\/blogdoeloiltoncajuhy.com.br\/site\/wp-json\/wp\/v2\/media?parent=64868"}],"wp:term":[{"taxonomy":"category","embeddable":true,"href":"https:\/\/blogdoeloiltoncajuhy.com.br\/site\/wp-json\/wp\/v2\/categories?post=64868"},{"taxonomy":"post_tag","embeddable":true,"href":"https:\/\/blogdoeloiltoncajuhy.com.br\/site\/wp-json\/wp\/v2\/tags?post=64868"}],"curies":[{"name":"wp","href":"https:\/\/api.w.org\/{rel}","templated":true}]}}