{"id":64864,"date":"2022-05-10T08:58:08","date_gmt":"2022-05-10T11:58:08","guid":{"rendered":"http:\/\/blogdoeloiltoncajuhy.com.br\/site\/?p=64864"},"modified":"2022-05-10T08:58:09","modified_gmt":"2022-05-10T11:58:09","slug":"atleta-bonfinense-e-selecionado-para-a-selecao-brasileira-de-karate","status":"publish","type":"post","link":"https:\/\/blogdoeloiltoncajuhy.com.br\/site\/atleta-bonfinense-e-selecionado-para-a-selecao-brasileira-de-karate\/","title":{"rendered":"Atleta bonfinense \u00e9 selecionado para a Sele\u00e7\u00e3o Brasileira de Karat\u00ea"},"content":{"rendered":"\n<p><\/p>\n\n\n\n<div class=\"wp-block-image\"><figure class=\"aligncenter size-full\"><a href=\"https:\/\/i0.wp.com\/blogdoeloiltoncajuhy.com.br\/site\/wp-content\/uploads\/2022\/05\/Jardel_selecao-brasileira-de-karate-10052022.jpeg\"><img data-recalc-dims=\"1\" fetchpriority=\"high\" decoding=\"async\" width=\"704\" height=\"521\" src=\"https:\/\/i0.wp.com\/blogdoeloiltoncajuhy.com.br\/site\/wp-content\/uploads\/2022\/05\/Jardel_selecao-brasileira-de-karate-10052022.jpeg?resize=704%2C521\" alt=\"\" class=\"wp-image-64865\" srcset=\"https:\/\/i0.wp.com\/blogdoeloiltoncajuhy.com.br\/site\/wp-content\/uploads\/2022\/05\/Jardel_selecao-brasileira-de-karate-10052022.jpeg?w=704&amp;ssl=1 704w, https:\/\/i0.wp.com\/blogdoeloiltoncajuhy.com.br\/site\/wp-content\/uploads\/2022\/05\/Jardel_selecao-brasileira-de-karate-10052022.jpeg?resize=300%2C222&amp;ssl=1 300w\" sizes=\"(max-width: 704px) 100vw, 704px\" \/><\/a><\/figure><\/div>\n\n\n\n<p>Neste m\u00eas de maio o mundo se encontrou em Caxias do Sul-RS, pois o Brasil sediou pela primeira vez a 24\u00aa Surdolimp\u00edada, um evento quase centen\u00e1rio para atletas surdos. O atleta baiano, Jardel Cerqueira Moura, de Senhor do Bonfim, foi selecionado para compor a equipe da sele\u00e7\u00e3o brasileira de karat\u00ea.<\/p>\n\n\n\n<p>O evento contou com 6,3 mil atletas de 21 modalidades, um n\u00famero maior do que o da Paraolimp\u00edadas de T\u00f3quio.<\/p>\n\n\n\n<p>O Brasil conseguiu 3 medalhas de bronze no Jud\u00f4 e na Nata\u00e7\u00e3o. A Ucr\u00e2nia liderou o quadro de medalhas com 38 ouros, seguida dos Estados Unidos com 15 e Jap\u00e3o com 13.<\/p>\n\n\n\n<p>Jardel agradece o apoio da Sudesb, de familiares, amigos, colegas de trabalho e parceiros para que ele pudesse participar de um evento t\u00e3o grandioso.<\/p>\n\n\n\n<p class=\"has-black-color has-text-color\"><strong>Confira o quadro geral de medalhas:<\/strong><\/p>\n\n\n\n<div class=\"wp-block-image\"><figure class=\"aligncenter size-full is-resized\"><a href=\"https:\/\/i0.wp.com\/blogdoeloiltoncajuhy.com.br\/site\/wp-content\/uploads\/2022\/05\/Surdolimpiada-10052022.jpeg\"><img data-recalc-dims=\"1\" decoding=\"async\" src=\"https:\/\/i0.wp.com\/blogdoeloiltoncajuhy.com.br\/site\/wp-content\/uploads\/2022\/05\/Surdolimpiada-10052022.jpeg?resize=540%2C554\" alt=\"\" class=\"wp-image-64866\" width=\"540\" height=\"554\" srcset=\"https:\/\/i0.wp.com\/blogdoeloiltoncajuhy.com.br\/site\/wp-content\/uploads\/2022\/05\/Surdolimpiada-10052022.jpeg?w=720&amp;ssl=1 720w, https:\/\/i0.wp.com\/blogdoeloiltoncajuhy.com.br\/site\/wp-content\/uploads\/2022\/05\/Surdolimpiada-10052022.jpeg?resize=292%2C300&amp;ssl=1 292w\" sizes=\"(max-width: 540px) 100vw, 540px\" \/><\/a><\/figure><\/div>\n","protected":false},"excerpt":{"rendered":"<p>Neste m\u00eas de maio o mundo se encontrou em Caxias do Sul-RS, pois o Brasil sediou pela primeira vez a 24\u00aa Surdolimp\u00edada, um evento quase centen\u00e1rio para atletas surdos. O atleta baiano, Jardel Cerqueira Moura, de Senhor do Bonfim, foi selecionado para compor a equipe da sele\u00e7\u00e3o brasileira de karat\u00ea. O evento contou com 6,3 [&hellip;]<\/p>\n","protected":false},"author":2,"featured_media":64865,"comment_status":"open","ping_status":"open","sticky":false,"template":"","format":"standard","meta":{"_acf_changed":false,"_monsterinsights_skip_tracking":false,"_monsterinsights_sitenote_active":false,"_monsterinsights_sitenote_note":"","_monsterinsights_sitenote_category":0,"_jetpack_memberships_contains_paid_content":false,"footnotes":"","jetpack_publicize_message":"","jetpack_publicize_feature_enabled":true,"jetpack_social_post_already_shared":true,"jetpack_social_options":{"image_generator_settings":{"template":"highway","default_image_id":0,"font":"","enabled":false},"version":2}},"categories":[6],"tags":[],"class_list":["post-64864","post","type-post","status-publish","format-standard","has-post-thumbnail","hentry","category-esportes"],"acf":[],"jetpack_publicize_connections":[],"jetpack_featured_media_url":"https:\/\/i0.wp.com\/blogdoeloiltoncajuhy.com.br\/site\/wp-content\/uploads\/2022\/05\/Jardel_selecao-brasileira-de-karate-10052022.jpeg?fit=704%2C521&ssl=1","jetpack_sharing_enabled":true,"publishpress_future_workflow_manual_trigger":{"enabledWorkflows":[]},"_links":{"self":[{"href":"https:\/\/blogdoeloiltoncajuhy.com.br\/site\/wp-json\/wp\/v2\/posts\/64864","targetHints":{"allow":["GET"]}}],"collection":[{"href":"https:\/\/blogdoeloiltoncajuhy.com.br\/site\/wp-json\/wp\/v2\/posts"}],"about":[{"href":"https:\/\/blogdoeloiltoncajuhy.com.br\/site\/wp-json\/wp\/v2\/types\/post"}],"author":[{"embeddable":true,"href":"https:\/\/blogdoeloiltoncajuhy.com.br\/site\/wp-json\/wp\/v2\/users\/2"}],"replies":[{"embeddable":true,"href":"https:\/\/blogdoeloiltoncajuhy.com.br\/site\/wp-json\/wp\/v2\/comments?post=64864"}],"version-history":[{"count":1,"href":"https:\/\/blogdoeloiltoncajuhy.com.br\/site\/wp-json\/wp\/v2\/posts\/64864\/revisions"}],"predecessor-version":[{"id":64867,"href":"https:\/\/blogdoeloiltoncajuhy.com.br\/site\/wp-json\/wp\/v2\/posts\/64864\/revisions\/64867"}],"wp:featuredmedia":[{"embeddable":true,"href":"https:\/\/blogdoeloiltoncajuhy.com.br\/site\/wp-json\/wp\/v2\/media\/64865"}],"wp:attachment":[{"href":"https:\/\/blogdoeloiltoncajuhy.com.br\/site\/wp-json\/wp\/v2\/media?parent=64864"}],"wp:term":[{"taxonomy":"category","embeddable":true,"href":"https:\/\/blogdoeloiltoncajuhy.com.br\/site\/wp-json\/wp\/v2\/categories?post=64864"},{"taxonomy":"post_tag","embeddable":true,"href":"https:\/\/blogdoeloiltoncajuhy.com.br\/site\/wp-json\/wp\/v2\/tags?post=64864"}],"curies":[{"name":"wp","href":"https:\/\/api.w.org\/{rel}","templated":true}]}}