{"id":64861,"date":"2022-05-10T08:42:25","date_gmt":"2022-05-10T11:42:25","guid":{"rendered":"http:\/\/blogdoeloiltoncajuhy.com.br\/site\/?p=64861"},"modified":"2022-05-10T08:42:26","modified_gmt":"2022-05-10T11:42:26","slug":"mais-uma-acao-da-justica-determina-retirada-de-propaganda-antecipada-de-acm-neto","status":"publish","type":"post","link":"https:\/\/blogdoeloiltoncajuhy.com.br\/site\/mais-uma-acao-da-justica-determina-retirada-de-propaganda-antecipada-de-acm-neto\/","title":{"rendered":"Mais uma a\u00e7\u00e3o da Justi\u00e7a determina retirada de propaganda antecipada de ACM Neto"},"content":{"rendered":"\n<p><strong>Ascom PT Bahia<\/strong><\/p>\n\n\n\n<div class=\"wp-block-image\"><figure class=\"aligncenter size-full\"><a href=\"https:\/\/i0.wp.com\/blogdoeloiltoncajuhy.com.br\/site\/wp-content\/uploads\/2022\/05\/ACM-Neto_2022-05-10.jpeg\"><img data-recalc-dims=\"1\" fetchpriority=\"high\" decoding=\"async\" width=\"660\" height=\"330\" src=\"https:\/\/i0.wp.com\/blogdoeloiltoncajuhy.com.br\/site\/wp-content\/uploads\/2022\/05\/ACM-Neto_2022-05-10.jpeg?resize=660%2C330\" alt=\"\" class=\"wp-image-64862\" srcset=\"https:\/\/i0.wp.com\/blogdoeloiltoncajuhy.com.br\/site\/wp-content\/uploads\/2022\/05\/ACM-Neto_2022-05-10.jpeg?w=660&amp;ssl=1 660w, https:\/\/i0.wp.com\/blogdoeloiltoncajuhy.com.br\/site\/wp-content\/uploads\/2022\/05\/ACM-Neto_2022-05-10.jpeg?resize=300%2C150&amp;ssl=1 300w\" sizes=\"(max-width: 660px) 100vw, 660px\" \/><\/a><\/figure><\/div>\n\n\n\n<p>Em menos de 15 dias, a Justi\u00e7a Eleitoral determinou por meio de liminar mais uma retirada de propaganda eleitoral antecipada do pr\u00e9-candidato do Uni\u00e3o Brasil, ACM Neto, a pedido do Partido dos Trabalhadores, nesta segunda-feira, 09. Desta vez, ACM Neto fez pedido de voto em uma publica\u00e7\u00e3o na rede social Instagram antes do per\u00edodo permitido por lei, o que se configura como irregularidade. A propaganda antecipada deve ser exclu\u00edda no prazo de at\u00e9 12 horas sob pena de pagamento de multa di\u00e1ria de R$5.000,00.<\/p>\n\n\n\n<p>O presidente do PT Bahia, \u00c9den Valadares, criticou a reincid\u00eancia com a qual ACM Neto vem cometendo irregularidades eleitorais. \u201c\u00c9 at\u00e9 embara\u00e7oso que toda semana a Justi\u00e7a tenha que aplicar uma san\u00e7\u00e3o ao ex-prefeito por propaganda ilegal. Pelo jeito, al\u00e9m de n\u00e3o conhecer a Bahia, ele tamb\u00e9m n\u00e3o conhece as Leis\u201d.<\/p>\n\n\n\n<p>Na liminar o desembargador Vicente Oliva Buratto, do Tribunal Regional Eleitoral (TRE), afirmou que \u00e9 \u201cfor\u00e7oso reconhecer ter o primeiro Representado alterado letra de m\u00fasica popularmente conhecida, com a decorrente divulga\u00e7\u00e3o da referida adapta\u00e7\u00e3o musical em sua rede social como propaganda de cunho eleitoral, na medida em que de seu conte\u00fado consta verdadeiro pedido de voto\u201d.<\/p>\n\n\n\n<p>O advogado do PT Bahia, Lu\u00eds Vin\u00edcius Arag\u00e3o, destacou em peti\u00e7\u00e3o que a propaganda antecipada pode atingir um grande n\u00famero de pessoas por se tratar de uma conta aberta na rede social. \u201cN\u00e3o se sabe ao certo quantas pessoas o v\u00eddeo irregular alcan\u00e7ou, mas por se tratar de \u201cperfil aberto\u201d, qualquer uma das mais de 9 milh\u00f5es de pessoas com acesso \u00e0 internet na Bahia poder\u00e1 ter acesso ao pedido expl\u00edcito de voto\u201d.<\/p>\n","protected":false},"excerpt":{"rendered":"<p>Ascom PT Bahia Em menos de 15 dias, a Justi\u00e7a Eleitoral determinou por meio de liminar mais uma retirada de propaganda eleitoral antecipada do pr\u00e9-candidato do Uni\u00e3o Brasil, ACM Neto, a pedido do Partido dos Trabalhadores, nesta segunda-feira, 09. Desta vez, ACM Neto fez pedido de voto em uma publica\u00e7\u00e3o na rede social Instagram antes [&hellip;]<\/p>\n","protected":false},"author":2,"featured_media":64862,"comment_status":"open","ping_status":"open","sticky":false,"template":"","format":"standard","meta":{"_acf_changed":false,"_monsterinsights_skip_tracking":false,"_monsterinsights_sitenote_active":false,"_monsterinsights_sitenote_note":"","_monsterinsights_sitenote_category":0,"_jetpack_memberships_contains_paid_content":false,"footnotes":"","jetpack_publicize_message":"","jetpack_publicize_feature_enabled":true,"jetpack_social_post_already_shared":true,"jetpack_social_options":{"image_generator_settings":{"template":"highway","default_image_id":0,"font":"","enabled":false},"version":2}},"categories":[3],"tags":[],"class_list":["post-64861","post","type-post","status-publish","format-standard","has-post-thumbnail","hentry","category-politica"],"acf":[],"jetpack_publicize_connections":[],"jetpack_featured_media_url":"https:\/\/i0.wp.com\/blogdoeloiltoncajuhy.com.br\/site\/wp-content\/uploads\/2022\/05\/ACM-Neto_2022-05-10.jpeg?fit=660%2C330&ssl=1","jetpack_sharing_enabled":true,"publishpress_future_workflow_manual_trigger":{"enabledWorkflows":[]},"_links":{"self":[{"href":"https:\/\/blogdoeloiltoncajuhy.com.br\/site\/wp-json\/wp\/v2\/posts\/64861","targetHints":{"allow":["GET"]}}],"collection":[{"href":"https:\/\/blogdoeloiltoncajuhy.com.br\/site\/wp-json\/wp\/v2\/posts"}],"about":[{"href":"https:\/\/blogdoeloiltoncajuhy.com.br\/site\/wp-json\/wp\/v2\/types\/post"}],"author":[{"embeddable":true,"href":"https:\/\/blogdoeloiltoncajuhy.com.br\/site\/wp-json\/wp\/v2\/users\/2"}],"replies":[{"embeddable":true,"href":"https:\/\/blogdoeloiltoncajuhy.com.br\/site\/wp-json\/wp\/v2\/comments?post=64861"}],"version-history":[{"count":1,"href":"https:\/\/blogdoeloiltoncajuhy.com.br\/site\/wp-json\/wp\/v2\/posts\/64861\/revisions"}],"predecessor-version":[{"id":64863,"href":"https:\/\/blogdoeloiltoncajuhy.com.br\/site\/wp-json\/wp\/v2\/posts\/64861\/revisions\/64863"}],"wp:featuredmedia":[{"embeddable":true,"href":"https:\/\/blogdoeloiltoncajuhy.com.br\/site\/wp-json\/wp\/v2\/media\/64862"}],"wp:attachment":[{"href":"https:\/\/blogdoeloiltoncajuhy.com.br\/site\/wp-json\/wp\/v2\/media?parent=64861"}],"wp:term":[{"taxonomy":"category","embeddable":true,"href":"https:\/\/blogdoeloiltoncajuhy.com.br\/site\/wp-json\/wp\/v2\/categories?post=64861"},{"taxonomy":"post_tag","embeddable":true,"href":"https:\/\/blogdoeloiltoncajuhy.com.br\/site\/wp-json\/wp\/v2\/tags?post=64861"}],"curies":[{"name":"wp","href":"https:\/\/api.w.org\/{rel}","templated":true}]}}