{"id":64851,"date":"2022-05-09T20:33:31","date_gmt":"2022-05-09T23:33:31","guid":{"rendered":"http:\/\/blogdoeloiltoncajuhy.com.br\/site\/?p=64851"},"modified":"2022-05-09T20:33:33","modified_gmt":"2022-05-09T23:33:33","slug":"vamos-trabalhar-para-que-todos-os-votos-de-lula-sejam-de-jeronimo-diz-eden-sobre-apoio-do-ex-presidente-a-candidatura-do-pt-na-bahia","status":"publish","type":"post","link":"https:\/\/blogdoeloiltoncajuhy.com.br\/site\/vamos-trabalhar-para-que-todos-os-votos-de-lula-sejam-de-jeronimo-diz-eden-sobre-apoio-do-ex-presidente-a-candidatura-do-pt-na-bahia\/","title":{"rendered":"\u201cVamos trabalhar para que todos os votos de Lula sejam de Jer\u00f4nimo\u201d diz \u00c9den sobre apoio do ex-presidente \u00e0 candidatura do PT na Bahia"},"content":{"rendered":"\n<p><strong>Ascom PT Bahia<\/strong><\/p>\n\n\n\n<div class=\"wp-block-image\"><figure class=\"aligncenter size-full\"><a href=\"https:\/\/i0.wp.com\/blogdoeloiltoncajuhy.com.br\/site\/wp-content\/uploads\/2022\/05\/PT-BA_Lancamento-Lula-09052022.jpeg\"><img data-recalc-dims=\"1\" fetchpriority=\"high\" decoding=\"async\" width=\"800\" height=\"485\" src=\"https:\/\/i0.wp.com\/blogdoeloiltoncajuhy.com.br\/site\/wp-content\/uploads\/2022\/05\/PT-BA_Lancamento-Lula-09052022.jpeg?resize=800%2C485\" alt=\"\" class=\"wp-image-64852\" srcset=\"https:\/\/i0.wp.com\/blogdoeloiltoncajuhy.com.br\/site\/wp-content\/uploads\/2022\/05\/PT-BA_Lancamento-Lula-09052022.jpeg?w=985&amp;ssl=1 985w, https:\/\/i0.wp.com\/blogdoeloiltoncajuhy.com.br\/site\/wp-content\/uploads\/2022\/05\/PT-BA_Lancamento-Lula-09052022.jpeg?resize=300%2C182&amp;ssl=1 300w, https:\/\/i0.wp.com\/blogdoeloiltoncajuhy.com.br\/site\/wp-content\/uploads\/2022\/05\/PT-BA_Lancamento-Lula-09052022.jpeg?resize=768%2C465&amp;ssl=1 768w\" sizes=\"(max-width: 800px) 100vw, 800px\" \/><\/a><figcaption><sub>Foto: M\u00e1rcia Sp\u00ednola<\/sub><\/figcaption><\/figure><\/div>\n\n\n\n<p>Presente no lan\u00e7amento da pr\u00e9-candidatura de Lula, o presidente do Partido dos Trabalhadores da Bahia, \u00c9den Valadares, afirmou que o encontro de Lula com Jer\u00f4nimo, pr\u00e9-candidato do PT ao Governo do Estado, com o governador Rui Costa, os senadores Jaques Wagner e Otto Alencar e Geraldo J\u00fanior representou a for\u00e7a do campo democr\u00e1tico e a uni\u00e3o dos l\u00edderes pol\u00edticos baianos com o ex-presidente. \u201cA Bahia sabe que todos os votos do nosso grupo ser\u00e3o de Lula. E vamos trabalhar para que todos os votos de Lula sejam de Jer\u00f4nimo\u201d.<\/p>\n\n\n\n<p>\u201cO lan\u00e7amento da pr\u00e9-candidatura de Lula \u00e0 Presid\u00eancia da Rep\u00fablica foi um momento de uni\u00e3o das for\u00e7as democr\u00e1ticas do pa\u00eds, um sopro de esperan\u00e7a para aqueles que querem reconstruir o Brasil. Chega de pol\u00edtica do \u00f3dio, mentiras e Fake News. A gente quer unir nosso pa\u00eds, trabalhadores e empres\u00e1rios, agricultores e artistas, pela volta do emprego, da prosperidade e estabilidade, e Lula \u00e9 esse ponto de converg\u00eancia\u201d.<\/p>\n\n\n\n<p>O presidente do PT falou ainda sobre a empolga\u00e7\u00e3o com que Lula recebeu Jer\u00f4nimo e as lideran\u00e7as pol\u00edticas da Bahia no lan\u00e7amento da pr\u00e9-campanha. \u201cO encontro de Jer\u00f4nimo com Lula foi de alegria e cumplicidade. O presidente Lula acolheu a delega\u00e7\u00e3o da Bahia com o carinho e a confian\u00e7a de sempre. Jer\u00f4nimo, Rui, Wagner, Geraldo e Otto receberam de Lula uma mensagem de parceria e amizade\u201d.<\/p>\n","protected":false},"excerpt":{"rendered":"<p>Ascom PT Bahia Presente no lan\u00e7amento da pr\u00e9-candidatura de Lula, o presidente do Partido dos Trabalhadores da Bahia, \u00c9den Valadares, afirmou que o encontro de Lula com Jer\u00f4nimo, pr\u00e9-candidato do PT ao Governo do Estado, com o governador Rui Costa, os senadores Jaques Wagner e Otto Alencar e Geraldo J\u00fanior representou a for\u00e7a do campo [&hellip;]<\/p>\n","protected":false},"author":2,"featured_media":64852,"comment_status":"open","ping_status":"open","sticky":false,"template":"","format":"standard","meta":{"_acf_changed":false,"_monsterinsights_skip_tracking":false,"_monsterinsights_sitenote_active":false,"_monsterinsights_sitenote_note":"","_monsterinsights_sitenote_category":0,"_jetpack_memberships_contains_paid_content":false,"footnotes":"","jetpack_publicize_message":"","jetpack_publicize_feature_enabled":true,"jetpack_social_post_already_shared":true,"jetpack_social_options":{"image_generator_settings":{"template":"highway","default_image_id":0,"font":"","enabled":false},"version":2}},"categories":[3],"tags":[],"class_list":["post-64851","post","type-post","status-publish","format-standard","has-post-thumbnail","hentry","category-politica"],"acf":[],"jetpack_publicize_connections":[],"jetpack_featured_media_url":"https:\/\/i0.wp.com\/blogdoeloiltoncajuhy.com.br\/site\/wp-content\/uploads\/2022\/05\/PT-BA_Lancamento-Lula-09052022.jpeg?fit=985%2C597&ssl=1","jetpack_sharing_enabled":true,"publishpress_future_workflow_manual_trigger":{"enabledWorkflows":[]},"_links":{"self":[{"href":"https:\/\/blogdoeloiltoncajuhy.com.br\/site\/wp-json\/wp\/v2\/posts\/64851","targetHints":{"allow":["GET"]}}],"collection":[{"href":"https:\/\/blogdoeloiltoncajuhy.com.br\/site\/wp-json\/wp\/v2\/posts"}],"about":[{"href":"https:\/\/blogdoeloiltoncajuhy.com.br\/site\/wp-json\/wp\/v2\/types\/post"}],"author":[{"embeddable":true,"href":"https:\/\/blogdoeloiltoncajuhy.com.br\/site\/wp-json\/wp\/v2\/users\/2"}],"replies":[{"embeddable":true,"href":"https:\/\/blogdoeloiltoncajuhy.com.br\/site\/wp-json\/wp\/v2\/comments?post=64851"}],"version-history":[{"count":1,"href":"https:\/\/blogdoeloiltoncajuhy.com.br\/site\/wp-json\/wp\/v2\/posts\/64851\/revisions"}],"predecessor-version":[{"id":64853,"href":"https:\/\/blogdoeloiltoncajuhy.com.br\/site\/wp-json\/wp\/v2\/posts\/64851\/revisions\/64853"}],"wp:featuredmedia":[{"embeddable":true,"href":"https:\/\/blogdoeloiltoncajuhy.com.br\/site\/wp-json\/wp\/v2\/media\/64852"}],"wp:attachment":[{"href":"https:\/\/blogdoeloiltoncajuhy.com.br\/site\/wp-json\/wp\/v2\/media?parent=64851"}],"wp:term":[{"taxonomy":"category","embeddable":true,"href":"https:\/\/blogdoeloiltoncajuhy.com.br\/site\/wp-json\/wp\/v2\/categories?post=64851"},{"taxonomy":"post_tag","embeddable":true,"href":"https:\/\/blogdoeloiltoncajuhy.com.br\/site\/wp-json\/wp\/v2\/tags?post=64851"}],"curies":[{"name":"wp","href":"https:\/\/api.w.org\/{rel}","templated":true}]}}