{"id":64841,"date":"2022-05-09T18:56:22","date_gmt":"2022-05-09T21:56:22","guid":{"rendered":"http:\/\/blogdoeloiltoncajuhy.com.br\/site\/?p=64841"},"modified":"2022-05-09T18:56:23","modified_gmt":"2022-05-09T21:56:23","slug":"catolicos-do-alto-da-maravilha-festejam-nossa-senhora-de-fatima","status":"publish","type":"post","link":"https:\/\/blogdoeloiltoncajuhy.com.br\/site\/catolicos-do-alto-da-maravilha-festejam-nossa-senhora-de-fatima\/","title":{"rendered":"Cat\u00f3licos do Alto da Maravilha festejam Nossa Senhora de F\u00e1tima"},"content":{"rendered":"\n<p><strong>Por Blog do Eloilton Cajuhy<\/strong><\/p>\n\n\n\n<div class=\"wp-block-image\"><figure class=\"aligncenter size-full\"><a href=\"https:\/\/i0.wp.com\/blogdoeloiltoncajuhy.com.br\/site\/wp-content\/uploads\/2022\/05\/Festa-de-N-S-Fatima-2022.png\"><img data-recalc-dims=\"1\" fetchpriority=\"high\" decoding=\"async\" width=\"428\" height=\"535\" src=\"https:\/\/i0.wp.com\/blogdoeloiltoncajuhy.com.br\/site\/wp-content\/uploads\/2022\/05\/Festa-de-N-S-Fatima-2022.png?resize=428%2C535\" alt=\"\" class=\"wp-image-64842\" srcset=\"https:\/\/i0.wp.com\/blogdoeloiltoncajuhy.com.br\/site\/wp-content\/uploads\/2022\/05\/Festa-de-N-S-Fatima-2022.png?w=428&amp;ssl=1 428w, https:\/\/i0.wp.com\/blogdoeloiltoncajuhy.com.br\/site\/wp-content\/uploads\/2022\/05\/Festa-de-N-S-Fatima-2022.png?resize=240%2C300&amp;ssl=1 240w\" sizes=\"(max-width: 428px) 100vw, 428px\" \/><\/a><\/figure><\/div>\n\n\n\n<p>A comunidade cat\u00f3lica do Alto da Maravilha inicia nesta segunda-feira (09), o Tr\u00edduo preparat\u00f3rio para a Festa de Nossa Senhora de F\u00e1tima, padroeira do bairro, celebrada no dia 13 de maio.<\/p>\n\n\n\n<p>A celebra\u00e7\u00e3o deste ano ter\u00e1 o tema <strong>\u201cPor fim, meu Imaculado Cora\u00e7\u00e3o Triunfar\u00e1\u201d<\/strong> e o lema <strong>\u201cO meu Imaculado Cora\u00e7\u00e3o ser\u00e1 o teu ref\u00fagio e o caminho que te conduzir\u00e1 para Deus\u201d<\/strong>.<\/p>\n\n\n\n<p class=\"has-black-color has-text-color has-medium-font-size\"><strong>Confira a programa\u00e7\u00e3o:<\/strong><\/p>\n\n\n\n<p class=\"has-vivid-purple-color has-text-color\"><strong>09\/05 &#8211; Abertura<\/strong><\/p>\n\n\n\n<p>\u00c0s 19:30h<\/p>\n\n\n\n<p>\u25ba Cerim\u00f4nia de Abertura com a prociss\u00e3o do Estandarte saindo da Rua Volunt\u00e1rios da P\u00e1tria n\u00ba 375.<\/p>\n\n\n\n<p class=\"has-luminous-vivid-orange-color has-text-color\"><strong>Tr\u00edduo<\/strong><\/p>\n\n\n\n<p class=\"has-vivid-purple-color has-text-color\"><strong>10\/05 &#8211; 1\u00b0 Dia<\/strong><\/p>\n\n\n\n<p>5h \u2013 Recita\u00e7\u00e3o do Ter\u00e7o<br>19:30h \u2013 Celebra\u00e7\u00e3o Eucar\u00edstica<\/p>\n\n\n\n<p class=\"has-luminous-vivid-orange-color has-text-color\">\u25ba <strong>Momento Devocional<\/strong><\/p>\n\n\n\n<p>Canto, Sauda\u00e7\u00e3o \u00e0 Padroeira, Ladainha, Consagra\u00e7\u00e3o, Ora\u00e7\u00e3o<br>Convidados: Comunidades da P\u00eara, Alto do Cigano, Santos Dumont, Pastoral Familiar, Pastoral do Batismo, Pastoral do D\u00edzimo, Pastoral Vocacional, Pascom, Ministros Extraordin\u00e1rios da Comunh\u00e3o, Coroinhas, MEJ e Miss\u00e3o Galileia.<\/p>\n\n\n\n<p class=\"has-vivid-purple-color has-text-color\"><strong>11\/05 &#8211; 2\u00b0 Dia<\/strong><\/p>\n\n\n\n<p>5h \u2013 Recita\u00e7\u00e3o do Ter\u00e7o<br>19:30h &#8211; Celebra\u00e7\u00e3o Eucar\u00edstica<\/p>\n\n\n\n<p class=\"has-luminous-vivid-orange-color has-text-color\"><strong>\u25ba Momento Devocional<\/strong><\/p>\n\n\n\n<p>Canto, Sauda\u00e7\u00e3o \u00e0 Padroeira, Ladainha, Consagra\u00e7\u00e3o, Ora\u00e7\u00e3o<br>Convidados: Comunidades da Olaria, Derba, Gamboa, Grupo Jesus Misericordioso, Legi\u00e3o de Maria, Cursilho, ECC, RCC Grupo dos Consagrados, Pastoral Lit\u00fargica, Grupo da 3\u00aa Idade, Pastoral da Crian\u00e7a e Mission\u00e1rios Leigos Redentoristas.<\/p>\n\n\n\n<p class=\"has-vivid-purple-color has-text-color\"><strong>12\/05 &#8211; 3\u00b0 Dia<\/strong><\/p>\n\n\n\n<p>5h \u2013 Recita\u00e7\u00e3o do Ter\u00e7o<br>19:30h &#8211; Celebra\u00e7\u00e3o Eucar\u00edstica<\/p>\n\n\n\n<p class=\"has-luminous-vivid-orange-color has-text-color\"><strong>\u25ba Momento Devocional<\/strong><\/p>\n\n\n\n<p>Canto, Sauda\u00e7\u00e3o \u00e0 Padroeira, Ladainha, Consagra\u00e7\u00e3o, Ora\u00e7\u00e3o<br>Convidados: Comunidades do Brisas, Pernambuquinho, Kolping, Vicentinos, Fraternidade Eucar\u00edstica Pierre Vigne, Catequistas, Ter\u00e7os dos Homens, Apostolado da Ora\u00e7\u00e3o, Pastoral da Acolhida, Pastoral Hospitalar e Pastoral Mission\u00e1ria.<\/p>\n\n\n\n<p class=\"has-vivid-purple-color has-text-color\"><strong>13 de maio &#8211; Solenidade da festa<\/strong><\/p>\n\n\n\n<p>5h \u2013 Recita\u00e7\u00e3o do Ter\u00e7o<br>18h \u2013 Prociss\u00e3o saindo da Catedral para a comunidade.<br>19h \u2013 Missa Solene de encerramento dos festejos<\/p>\n\n\n\n<p>Todos os dias haver\u00e1 quermesse.<\/p>\n","protected":false},"excerpt":{"rendered":"<p>Por Blog do Eloilton Cajuhy A comunidade cat\u00f3lica do Alto da Maravilha inicia nesta segunda-feira (09), o Tr\u00edduo preparat\u00f3rio para a Festa de Nossa Senhora de F\u00e1tima, padroeira do bairro, celebrada no dia 13 de maio. A celebra\u00e7\u00e3o deste ano ter\u00e1 o tema \u201cPor fim, meu Imaculado Cora\u00e7\u00e3o Triunfar\u00e1\u201d e o lema \u201cO meu Imaculado [&hellip;]<\/p>\n","protected":false},"author":2,"featured_media":64842,"comment_status":"open","ping_status":"open","sticky":false,"template":"","format":"standard","meta":{"_acf_changed":false,"_monsterinsights_skip_tracking":false,"_monsterinsights_sitenote_active":false,"_monsterinsights_sitenote_note":"","_monsterinsights_sitenote_category":0,"_jetpack_memberships_contains_paid_content":false,"footnotes":"","jetpack_publicize_message":"","jetpack_publicize_feature_enabled":true,"jetpack_social_post_already_shared":true,"jetpack_social_options":{"image_generator_settings":{"template":"highway","default_image_id":0,"font":"","enabled":false},"version":2}},"categories":[4],"tags":[],"class_list":["post-64841","post","type-post","status-publish","format-standard","has-post-thumbnail","hentry","category-local"],"acf":[],"jetpack_publicize_connections":[],"jetpack_featured_media_url":"https:\/\/i0.wp.com\/blogdoeloiltoncajuhy.com.br\/site\/wp-content\/uploads\/2022\/05\/Festa-de-N-S-Fatima-2022.png?fit=428%2C535&ssl=1","jetpack_sharing_enabled":true,"publishpress_future_workflow_manual_trigger":{"enabledWorkflows":[]},"_links":{"self":[{"href":"https:\/\/blogdoeloiltoncajuhy.com.br\/site\/wp-json\/wp\/v2\/posts\/64841","targetHints":{"allow":["GET"]}}],"collection":[{"href":"https:\/\/blogdoeloiltoncajuhy.com.br\/site\/wp-json\/wp\/v2\/posts"}],"about":[{"href":"https:\/\/blogdoeloiltoncajuhy.com.br\/site\/wp-json\/wp\/v2\/types\/post"}],"author":[{"embeddable":true,"href":"https:\/\/blogdoeloiltoncajuhy.com.br\/site\/wp-json\/wp\/v2\/users\/2"}],"replies":[{"embeddable":true,"href":"https:\/\/blogdoeloiltoncajuhy.com.br\/site\/wp-json\/wp\/v2\/comments?post=64841"}],"version-history":[{"count":1,"href":"https:\/\/blogdoeloiltoncajuhy.com.br\/site\/wp-json\/wp\/v2\/posts\/64841\/revisions"}],"predecessor-version":[{"id":64843,"href":"https:\/\/blogdoeloiltoncajuhy.com.br\/site\/wp-json\/wp\/v2\/posts\/64841\/revisions\/64843"}],"wp:featuredmedia":[{"embeddable":true,"href":"https:\/\/blogdoeloiltoncajuhy.com.br\/site\/wp-json\/wp\/v2\/media\/64842"}],"wp:attachment":[{"href":"https:\/\/blogdoeloiltoncajuhy.com.br\/site\/wp-json\/wp\/v2\/media?parent=64841"}],"wp:term":[{"taxonomy":"category","embeddable":true,"href":"https:\/\/blogdoeloiltoncajuhy.com.br\/site\/wp-json\/wp\/v2\/categories?post=64841"},{"taxonomy":"post_tag","embeddable":true,"href":"https:\/\/blogdoeloiltoncajuhy.com.br\/site\/wp-json\/wp\/v2\/tags?post=64841"}],"curies":[{"name":"wp","href":"https:\/\/api.w.org\/{rel}","templated":true}]}}