{"id":64838,"date":"2022-05-09T18:37:08","date_gmt":"2022-05-09T21:37:08","guid":{"rendered":"http:\/\/blogdoeloiltoncajuhy.com.br\/site\/?p=64838"},"modified":"2022-05-09T18:37:09","modified_gmt":"2022-05-09T21:37:09","slug":"bule-cultural-reune-musica-memoria-e-literatura-em-juazeiro-ba","status":"publish","type":"post","link":"https:\/\/blogdoeloiltoncajuhy.com.br\/site\/bule-cultural-reune-musica-memoria-e-literatura-em-juazeiro-ba\/","title":{"rendered":"Bule Cultural re\u00fane m\u00fasica, mem\u00f3ria e literatura em Juazeiro &#8211; BA"},"content":{"rendered":"\n<p><strong>Por Clas Comunica\u00e7\u00e3o e Marketing<\/strong><\/p>\n\n\n\n<div class=\"wp-block-image\"><figure class=\"aligncenter size-full\"><a href=\"https:\/\/i0.wp.com\/blogdoeloiltoncajuhy.com.br\/site\/wp-content\/uploads\/2022\/05\/Juazeiro_Bule-Cultural-09052022.png\"><img data-recalc-dims=\"1\" fetchpriority=\"high\" decoding=\"async\" width=\"447\" height=\"621\" src=\"https:\/\/i0.wp.com\/blogdoeloiltoncajuhy.com.br\/site\/wp-content\/uploads\/2022\/05\/Juazeiro_Bule-Cultural-09052022.png?resize=447%2C621\" alt=\"\" class=\"wp-image-64839\" srcset=\"https:\/\/i0.wp.com\/blogdoeloiltoncajuhy.com.br\/site\/wp-content\/uploads\/2022\/05\/Juazeiro_Bule-Cultural-09052022.png?w=447&amp;ssl=1 447w, https:\/\/i0.wp.com\/blogdoeloiltoncajuhy.com.br\/site\/wp-content\/uploads\/2022\/05\/Juazeiro_Bule-Cultural-09052022.png?resize=216%2C300&amp;ssl=1 216w\" sizes=\"(max-width: 447px) 100vw, 447px\" \/><\/a><\/figure><\/div>\n\n\n\n<p>Um evento que vai reunir m\u00fasica, mem\u00f3ria e literatura com a participa\u00e7\u00e3o de autores e autoras da cultura regional e nacional, em oficinas liter\u00e1rias, saraus po\u00e9ticos, lan\u00e7amentos de livros, cantorias, glosas e shows gratuitos. Come\u00e7a no dia 18 de maio e prossegue nos dias 2, 3, 4 e 5 de junho, em Juazeiro-BA, o projeto Bule Cultural.<\/p>\n\n\n\n<p>Na abertura do grande encontro, em homenagem ao poeta, cantador e repentista Bule Bule, patrim\u00f4nio cultural do Brasil, o movimento tem in\u00edcio \u00e0s 8h, na Escola Modelo com a realiza\u00e7\u00e3o de oficinas para 240 alunos.<\/p>\n\n\n\n<p>A noite, come\u00e7ando \u00e0s 19h, a pauta inclui a apresenta\u00e7\u00e3o da programa\u00e7\u00e3o completa, seguida do show musical &#8216;Teclas, Acordes e Sons&#8217; com Rennan Mendes e Maviael Melo, este \u00faltimo idealizador e realizador do projeto.<\/p>\n\n\n\n<p>Na etapa junina, o Bule Cultural segue de forma presencial com nomes a exemplo de Roberto Mendes, Raimundo Sodr\u00e9 e Chico Pedrosa e no formato virtual, atrav\u00e9s de v\u00eddeos de Xangai, Maciel Melo e Fl\u00e1vio Leandro. &#8220;Teremos atra\u00e7\u00f5es pela manh\u00e3, de tarde e a noite em lugares como o Centro de Cultura Jo\u00e3o Gilberto, Galp\u00e3o do Armaz\u00e9m da Caatinga e na Orla de Juazeiro, onde realizaremos tamb\u00e9m uma Feira de Economia Solid\u00e1ria e atividades de conscientiza\u00e7\u00e3o ambiental na orla do Rio S\u00e3o Francisco com distribui\u00e7\u00e3o de mudas e recitais ambientais&#8221;, conforme adiantou Maviael Melo.<\/p>\n\n\n\n<p>O evento que tamb\u00e9m j\u00e1 confirmou uma mesa liter\u00e1ria com Xico S\u00e1, um show com Lazzo Matumbi, feira e desfile da economia solid\u00e1ria, cortejo po\u00e9tico e at\u00e9 uma mesa sobre poesia e glosa com Jorge Fil\u00f3, Ant\u00f4nio Marinho e Isabely Moreira, tamb\u00e9m promete surpreender com as presen\u00e7as de Mariana Guimar\u00e3es, Adila Madan\u00e7a e Sert\u00e3o Sol, mostrando &#8216;Liter\u00e1ridas&#8217;. E para o encerramento, no dia 5 ao meio dia, o Bule Cultural d\u00e1 adeus a primeira edi\u00e7\u00e3o com uma cantoria reunindo Jo\u00e3o Sereno, Maviael Melo e Alisson Menezes.<\/p>\n\n\n\n<p>O projeto \u00e9 realizado pela Entre Versos e Can\u00e7\u00f5es e conta com as parcerias\/patroc\u00ednio da Bahiag\u00e1s, Secretaria de Educa\u00e7\u00e3o do Estado da Bahia \u2013 NTE Juazeiro, TVE Bahia, TV UNEB, Col\u00e9gio Modelo, APLB, Editora IMEPH, IRPAA, Agrovale, Centro de Cultura Jo\u00e3o Gilberto e r\u00e1dios da regi\u00e3o.<\/p>\n","protected":false},"excerpt":{"rendered":"<p>Por Clas Comunica\u00e7\u00e3o e Marketing Um evento que vai reunir m\u00fasica, mem\u00f3ria e literatura com a participa\u00e7\u00e3o de autores e autoras da cultura regional e nacional, em oficinas liter\u00e1rias, saraus po\u00e9ticos, lan\u00e7amentos de livros, cantorias, glosas e shows gratuitos. Come\u00e7a no dia 18 de maio e prossegue nos dias 2, 3, 4 e 5 de [&hellip;]<\/p>\n","protected":false},"author":2,"featured_media":64839,"comment_status":"open","ping_status":"open","sticky":false,"template":"","format":"standard","meta":{"_acf_changed":false,"_monsterinsights_skip_tracking":false,"_monsterinsights_sitenote_active":false,"_monsterinsights_sitenote_note":"","_monsterinsights_sitenote_category":0,"_jetpack_memberships_contains_paid_content":false,"footnotes":"","jetpack_publicize_message":"","jetpack_publicize_feature_enabled":true,"jetpack_social_post_already_shared":true,"jetpack_social_options":{"image_generator_settings":{"template":"highway","default_image_id":0,"font":"","enabled":false},"version":2}},"categories":[11],"tags":[],"class_list":["post-64838","post","type-post","status-publish","format-standard","has-post-thumbnail","hentry","category-regional"],"acf":[],"jetpack_publicize_connections":[],"jetpack_featured_media_url":"https:\/\/i0.wp.com\/blogdoeloiltoncajuhy.com.br\/site\/wp-content\/uploads\/2022\/05\/Juazeiro_Bule-Cultural-09052022.png?fit=447%2C621&ssl=1","jetpack_sharing_enabled":true,"publishpress_future_workflow_manual_trigger":{"enabledWorkflows":[]},"_links":{"self":[{"href":"https:\/\/blogdoeloiltoncajuhy.com.br\/site\/wp-json\/wp\/v2\/posts\/64838","targetHints":{"allow":["GET"]}}],"collection":[{"href":"https:\/\/blogdoeloiltoncajuhy.com.br\/site\/wp-json\/wp\/v2\/posts"}],"about":[{"href":"https:\/\/blogdoeloiltoncajuhy.com.br\/site\/wp-json\/wp\/v2\/types\/post"}],"author":[{"embeddable":true,"href":"https:\/\/blogdoeloiltoncajuhy.com.br\/site\/wp-json\/wp\/v2\/users\/2"}],"replies":[{"embeddable":true,"href":"https:\/\/blogdoeloiltoncajuhy.com.br\/site\/wp-json\/wp\/v2\/comments?post=64838"}],"version-history":[{"count":1,"href":"https:\/\/blogdoeloiltoncajuhy.com.br\/site\/wp-json\/wp\/v2\/posts\/64838\/revisions"}],"predecessor-version":[{"id":64840,"href":"https:\/\/blogdoeloiltoncajuhy.com.br\/site\/wp-json\/wp\/v2\/posts\/64838\/revisions\/64840"}],"wp:featuredmedia":[{"embeddable":true,"href":"https:\/\/blogdoeloiltoncajuhy.com.br\/site\/wp-json\/wp\/v2\/media\/64839"}],"wp:attachment":[{"href":"https:\/\/blogdoeloiltoncajuhy.com.br\/site\/wp-json\/wp\/v2\/media?parent=64838"}],"wp:term":[{"taxonomy":"category","embeddable":true,"href":"https:\/\/blogdoeloiltoncajuhy.com.br\/site\/wp-json\/wp\/v2\/categories?post=64838"},{"taxonomy":"post_tag","embeddable":true,"href":"https:\/\/blogdoeloiltoncajuhy.com.br\/site\/wp-json\/wp\/v2\/tags?post=64838"}],"curies":[{"name":"wp","href":"https:\/\/api.w.org\/{rel}","templated":true}]}}