{"id":64828,"date":"2022-05-09T10:39:03","date_gmt":"2022-05-09T13:39:03","guid":{"rendered":"http:\/\/blogdoeloiltoncajuhy.com.br\/site\/?p=64828"},"modified":"2022-05-09T10:39:05","modified_gmt":"2022-05-09T13:39:05","slug":"dois-pms-sao-mortos-enquanto-voltavam-do-velorio-de-outro-militar-assassinado-em-salvador","status":"publish","type":"post","link":"https:\/\/blogdoeloiltoncajuhy.com.br\/site\/dois-pms-sao-mortos-enquanto-voltavam-do-velorio-de-outro-militar-assassinado-em-salvador\/","title":{"rendered":"Dois PMs s\u00e3o mortos enquanto voltavam do vel\u00f3rio de outro militar assassinado, em Salvador"},"content":{"rendered":"\n<p class=\"has-text-align-center\"><em>Dupla estava \u00e0 paisana e chegou a ser socorrida para hospital, mas n\u00e3o resistiu aos ferimentos.<\/em><\/p>\n\n\n\n<p><strong>Por g1 BA e TV Bahia<\/strong><\/p>\n\n\n\n<div class=\"wp-block-image\"><figure class=\"aligncenter size-full\"><a href=\"https:\/\/i0.wp.com\/blogdoeloiltoncajuhy.com.br\/site\/wp-content\/uploads\/2022\/05\/SSA_PMs-mortos-09052022.webp\"><img data-recalc-dims=\"1\" fetchpriority=\"high\" decoding=\"async\" width=\"800\" height=\"389\" src=\"https:\/\/i0.wp.com\/blogdoeloiltoncajuhy.com.br\/site\/wp-content\/uploads\/2022\/05\/SSA_PMs-mortos-09052022.webp?resize=800%2C389\" alt=\"\" class=\"wp-image-64829\" srcset=\"https:\/\/i0.wp.com\/blogdoeloiltoncajuhy.com.br\/site\/wp-content\/uploads\/2022\/05\/SSA_PMs-mortos-09052022.webp?w=984&amp;ssl=1 984w, https:\/\/i0.wp.com\/blogdoeloiltoncajuhy.com.br\/site\/wp-content\/uploads\/2022\/05\/SSA_PMs-mortos-09052022.webp?resize=300%2C146&amp;ssl=1 300w, https:\/\/i0.wp.com\/blogdoeloiltoncajuhy.com.br\/site\/wp-content\/uploads\/2022\/05\/SSA_PMs-mortos-09052022.webp?resize=768%2C373&amp;ssl=1 768w\" sizes=\"(max-width: 800px) 100vw, 800px\" \/><\/a><figcaption><sub>Dois PMs s\u00e3o mortos enquanto voltavam de vel\u00f3rio de outro militar assassinado, em Salvador \u2014 Foto: Reprodu\u00e7\u00e3o\/TV Bahia<\/sub><\/figcaption><\/figure><\/div>\n\n\n\n<p>Dois policiais militares foram mortos na Rua Vereador Zezeu Ribeiro, no bairro da Fazenda Grande I, em Salvador, enquanto voltavam do vel\u00f3rio do soldado Alexandre Menezes, na noite de domingo (8). A dupla estava \u00e0 paisana.<\/p>\n\n\n\n<p>As v\u00edtimas s\u00e3o Vitor Vieira Ferreira Cruz e Shanderson Lopes Ferreira. Moradores da regi\u00e3o chamaram a Pol\u00edcia Militar e o Servi\u00e7o de Atendimento M\u00f3vel de Urg\u00eancia (Samu), que prestou atendimento e socorreu os dois PMs para o Hospital Municipal de Salvador, por\u00e9m, eles n\u00e3o resistiram aos ferimentos.<\/p>\n\n\n\n<p>A PM n\u00e3o detalhou se os dois militares estavam a p\u00e9 ou de carro. Tamb\u00e9m n\u00e3o h\u00e1 detalhes sobre as circunst\u00e2ncias do crime, se houve troca de tiros, tentativa de assalto ou se os policiais foram executados.<\/p>\n\n\n\n<p>Na manh\u00e3 desta segunda-feira (9), o policiamento est\u00e1 refor\u00e7ado na regi\u00e3o da Fazenda Grande I, Cajazeiras e \u00c1guas Claras. O com\u00e9rcio funciona normalmente, assim como o transporte p\u00fablico.<\/p>\n\n\n\n<p class=\"has-black-color has-text-color has-medium-font-size\"><strong>Morte do Soldado Alexandre<\/strong><\/p>\n\n\n\n<div class=\"wp-block-image\"><figure class=\"aligncenter size-full is-resized\"><a href=\"https:\/\/i0.wp.com\/blogdoeloiltoncajuhy.com.br\/site\/wp-content\/uploads\/2022\/05\/SSA_PM-Alexandre-09052022.webp\"><img data-recalc-dims=\"1\" decoding=\"async\" src=\"https:\/\/i0.wp.com\/blogdoeloiltoncajuhy.com.br\/site\/wp-content\/uploads\/2022\/05\/SSA_PM-Alexandre-09052022.webp?resize=648%2C599\" alt=\"\" class=\"wp-image-64830\" width=\"648\" height=\"599\" srcset=\"https:\/\/i0.wp.com\/blogdoeloiltoncajuhy.com.br\/site\/wp-content\/uploads\/2022\/05\/SSA_PM-Alexandre-09052022.webp?w=984&amp;ssl=1 984w, https:\/\/i0.wp.com\/blogdoeloiltoncajuhy.com.br\/site\/wp-content\/uploads\/2022\/05\/SSA_PM-Alexandre-09052022.webp?resize=300%2C277&amp;ssl=1 300w, https:\/\/i0.wp.com\/blogdoeloiltoncajuhy.com.br\/site\/wp-content\/uploads\/2022\/05\/SSA_PM-Alexandre-09052022.webp?resize=768%2C709&amp;ssl=1 768w\" sizes=\"(max-width: 648px) 100vw, 648px\" \/><\/a><\/figure><\/div>\n\n\n\n<p>O soldado morreu ap\u00f3s trocar tiros contra homens armados na Rua Ulisses Guimar\u00e3es, no bairro de \u00c1guas Claras, no final da noite de s\u00e1bado (7). Ele estava junto com a equipe fazendo rondas na regi\u00e3o, quando foram surpreendidos por homens que atiraram na dire\u00e7\u00e3o da viatura.<\/p>\n\n\n\n<p>De acordo com a PM, ele chegou a ser socorrido para o Hospital Professor El\u00e1dio Lasserre (HPEL), na pr\u00f3pria viatura, e, em seguida, foi transferido para o Hospital Geral do Estado (HGE), mas n\u00e3o resistiu aos ferimentos.<\/p>\n\n\n\n<p>Alexandre Menezes era lotado na 3\u00aa Companhia Independente da Pol\u00edcia Militar (CIPM) de Cajazeiras, que prestou condol\u00eancias \u00e0 fam\u00edlia e amigos dele. O corpo dele foi sepultado no Cemit\u00e9rio da Baixa de Quintas, na tarde de domingo (8).<\/p>\n","protected":false},"excerpt":{"rendered":"<p>Dupla estava \u00e0 paisana e chegou a ser socorrida para hospital, mas n\u00e3o resistiu aos ferimentos. Por g1 BA e TV Bahia Dois policiais militares foram mortos na Rua Vereador Zezeu Ribeiro, no bairro da Fazenda Grande I, em Salvador, enquanto voltavam do vel\u00f3rio do soldado Alexandre Menezes, na noite de domingo (8). A dupla [&hellip;]<\/p>\n","protected":false},"author":2,"featured_media":64829,"comment_status":"open","ping_status":"open","sticky":false,"template":"","format":"standard","meta":{"_acf_changed":false,"_monsterinsights_skip_tracking":false,"_monsterinsights_sitenote_active":false,"_monsterinsights_sitenote_note":"","_monsterinsights_sitenote_category":0,"_jetpack_memberships_contains_paid_content":false,"footnotes":"","jetpack_publicize_message":"","jetpack_publicize_feature_enabled":true,"jetpack_social_post_already_shared":true,"jetpack_social_options":{"image_generator_settings":{"template":"highway","default_image_id":0,"font":"","enabled":false},"version":2}},"categories":[15],"tags":[],"class_list":["post-64828","post","type-post","status-publish","format-standard","has-post-thumbnail","hentry","category-policia"],"acf":[],"jetpack_publicize_connections":[],"jetpack_featured_media_url":"https:\/\/i0.wp.com\/blogdoeloiltoncajuhy.com.br\/site\/wp-content\/uploads\/2022\/05\/SSA_PMs-mortos-09052022.webp?fit=984%2C478&ssl=1","jetpack_sharing_enabled":true,"publishpress_future_workflow_manual_trigger":{"enabledWorkflows":[]},"_links":{"self":[{"href":"https:\/\/blogdoeloiltoncajuhy.com.br\/site\/wp-json\/wp\/v2\/posts\/64828","targetHints":{"allow":["GET"]}}],"collection":[{"href":"https:\/\/blogdoeloiltoncajuhy.com.br\/site\/wp-json\/wp\/v2\/posts"}],"about":[{"href":"https:\/\/blogdoeloiltoncajuhy.com.br\/site\/wp-json\/wp\/v2\/types\/post"}],"author":[{"embeddable":true,"href":"https:\/\/blogdoeloiltoncajuhy.com.br\/site\/wp-json\/wp\/v2\/users\/2"}],"replies":[{"embeddable":true,"href":"https:\/\/blogdoeloiltoncajuhy.com.br\/site\/wp-json\/wp\/v2\/comments?post=64828"}],"version-history":[{"count":1,"href":"https:\/\/blogdoeloiltoncajuhy.com.br\/site\/wp-json\/wp\/v2\/posts\/64828\/revisions"}],"predecessor-version":[{"id":64831,"href":"https:\/\/blogdoeloiltoncajuhy.com.br\/site\/wp-json\/wp\/v2\/posts\/64828\/revisions\/64831"}],"wp:featuredmedia":[{"embeddable":true,"href":"https:\/\/blogdoeloiltoncajuhy.com.br\/site\/wp-json\/wp\/v2\/media\/64829"}],"wp:attachment":[{"href":"https:\/\/blogdoeloiltoncajuhy.com.br\/site\/wp-json\/wp\/v2\/media?parent=64828"}],"wp:term":[{"taxonomy":"category","embeddable":true,"href":"https:\/\/blogdoeloiltoncajuhy.com.br\/site\/wp-json\/wp\/v2\/categories?post=64828"},{"taxonomy":"post_tag","embeddable":true,"href":"https:\/\/blogdoeloiltoncajuhy.com.br\/site\/wp-json\/wp\/v2\/tags?post=64828"}],"curies":[{"name":"wp","href":"https:\/\/api.w.org\/{rel}","templated":true}]}}