{"id":64807,"date":"2022-05-07T16:45:52","date_gmt":"2022-05-07T19:45:52","guid":{"rendered":"http:\/\/blogdoeloiltoncajuhy.com.br\/site\/?p=64807"},"modified":"2022-05-07T16:45:53","modified_gmt":"2022-05-07T19:45:53","slug":"homem-comete-suicidio-no-distrito-de-igara","status":"publish","type":"post","link":"https:\/\/blogdoeloiltoncajuhy.com.br\/site\/homem-comete-suicidio-no-distrito-de-igara\/","title":{"rendered":"Homem comete suic\u00eddio no distrito de Igara"},"content":{"rendered":"\n<p><strong>Por Nonato Not\u00edcias<\/strong> <\/p>\n\n\n\n<div class=\"wp-block-image\"><figure class=\"aligncenter size-full is-resized\"><a href=\"https:\/\/i0.wp.com\/blogdoeloiltoncajuhy.com.br\/site\/wp-content\/uploads\/2022\/05\/FOTO_20220507_141027.jpg\"><img data-recalc-dims=\"1\" fetchpriority=\"high\" decoding=\"async\" src=\"https:\/\/i0.wp.com\/blogdoeloiltoncajuhy.com.br\/site\/wp-content\/uploads\/2022\/05\/FOTO_20220507_141027.jpg?resize=312%2C436\" alt=\"\" class=\"wp-image-64808\" width=\"312\" height=\"436\" srcset=\"https:\/\/i0.wp.com\/blogdoeloiltoncajuhy.com.br\/site\/wp-content\/uploads\/2022\/05\/FOTO_20220507_141027.jpg?w=450&amp;ssl=1 450w, https:\/\/i0.wp.com\/blogdoeloiltoncajuhy.com.br\/site\/wp-content\/uploads\/2022\/05\/FOTO_20220507_141027.jpg?resize=215%2C300&amp;ssl=1 215w\" sizes=\"(max-width: 312px) 100vw, 312px\" \/><\/a><figcaption><sub>Foto: Redes Sociais<\/sub> <\/figcaption><\/figure><\/div>\n\n\n\n<p>Um homem identificado por F\u00e1bio Castro Santos, 32 anos, cometeu sucidio em sua casa, no distrito  de Igara, interior de Senhor do Bonfim, no in\u00edcio  da tarde deste s\u00e1bado (07).<\/p>\n\n\n\n<p>Segundo informa\u00e7\u00f5es, F\u00e1bio do Narciso, como era conhecido, ligou para a ex- mulher informando que iria suicidar-se. Imediatamente ela ligou para uma vizinha, mas quando arrombaram o port\u00e3o se depararam com a vitima morta nas depend\u00eancias da casa.<\/p>\n\n\n\n<p>A pol\u00edcia t\u00e9cnica esteve no local para proceder o levantamento cadav\u00e9rico. O caso ser\u00e1 investigado na Delegacia Territorial de Senhor do Bonfim.<\/p>\n","protected":false},"excerpt":{"rendered":"<p>Por Nonato Not\u00edcias Um homem identificado por F\u00e1bio Castro Santos, 32 anos, cometeu sucidio em sua casa, no distrito de Igara, interior de Senhor do Bonfim, no in\u00edcio da tarde deste s\u00e1bado (07). Segundo informa\u00e7\u00f5es, F\u00e1bio do Narciso, como era conhecido, ligou para a ex- mulher informando que iria suicidar-se. Imediatamente ela ligou para uma [&hellip;]<\/p>\n","protected":false},"author":2,"featured_media":64808,"comment_status":"open","ping_status":"open","sticky":false,"template":"","format":"standard","meta":{"_acf_changed":false,"_monsterinsights_skip_tracking":false,"_monsterinsights_sitenote_active":false,"_monsterinsights_sitenote_note":"","_monsterinsights_sitenote_category":0,"_jetpack_memberships_contains_paid_content":false,"footnotes":"","jetpack_publicize_message":"","jetpack_publicize_feature_enabled":true,"jetpack_social_post_already_shared":true,"jetpack_social_options":{"image_generator_settings":{"template":"highway","default_image_id":0,"font":"","enabled":false},"version":2}},"categories":[15],"tags":[],"class_list":["post-64807","post","type-post","status-publish","format-standard","has-post-thumbnail","hentry","category-policia"],"acf":[],"jetpack_publicize_connections":[],"jetpack_featured_media_url":"https:\/\/i0.wp.com\/blogdoeloiltoncajuhy.com.br\/site\/wp-content\/uploads\/2022\/05\/FOTO_20220507_141027.jpg?fit=450%2C629&ssl=1","jetpack_sharing_enabled":true,"publishpress_future_workflow_manual_trigger":{"enabledWorkflows":[]},"_links":{"self":[{"href":"https:\/\/blogdoeloiltoncajuhy.com.br\/site\/wp-json\/wp\/v2\/posts\/64807","targetHints":{"allow":["GET"]}}],"collection":[{"href":"https:\/\/blogdoeloiltoncajuhy.com.br\/site\/wp-json\/wp\/v2\/posts"}],"about":[{"href":"https:\/\/blogdoeloiltoncajuhy.com.br\/site\/wp-json\/wp\/v2\/types\/post"}],"author":[{"embeddable":true,"href":"https:\/\/blogdoeloiltoncajuhy.com.br\/site\/wp-json\/wp\/v2\/users\/2"}],"replies":[{"embeddable":true,"href":"https:\/\/blogdoeloiltoncajuhy.com.br\/site\/wp-json\/wp\/v2\/comments?post=64807"}],"version-history":[{"count":1,"href":"https:\/\/blogdoeloiltoncajuhy.com.br\/site\/wp-json\/wp\/v2\/posts\/64807\/revisions"}],"predecessor-version":[{"id":64809,"href":"https:\/\/blogdoeloiltoncajuhy.com.br\/site\/wp-json\/wp\/v2\/posts\/64807\/revisions\/64809"}],"wp:featuredmedia":[{"embeddable":true,"href":"https:\/\/blogdoeloiltoncajuhy.com.br\/site\/wp-json\/wp\/v2\/media\/64808"}],"wp:attachment":[{"href":"https:\/\/blogdoeloiltoncajuhy.com.br\/site\/wp-json\/wp\/v2\/media?parent=64807"}],"wp:term":[{"taxonomy":"category","embeddable":true,"href":"https:\/\/blogdoeloiltoncajuhy.com.br\/site\/wp-json\/wp\/v2\/categories?post=64807"},{"taxonomy":"post_tag","embeddable":true,"href":"https:\/\/blogdoeloiltoncajuhy.com.br\/site\/wp-json\/wp\/v2\/tags?post=64807"}],"curies":[{"name":"wp","href":"https:\/\/api.w.org\/{rel}","templated":true}]}}