{"id":64803,"date":"2022-05-07T15:51:20","date_gmt":"2022-05-07T18:51:20","guid":{"rendered":"http:\/\/blogdoeloiltoncajuhy.com.br\/site\/?p=64803"},"modified":"2022-05-07T15:51:22","modified_gmt":"2022-05-07T18:51:22","slug":"aleksandro-da-dupla-com-conrado-morre-em-acidente-de-onibus-na-regis-bittencourt-no-interior-de-sp-mais-5-morreram","status":"publish","type":"post","link":"https:\/\/blogdoeloiltoncajuhy.com.br\/site\/aleksandro-da-dupla-com-conrado-morre-em-acidente-de-onibus-na-regis-bittencourt-no-interior-de-sp-mais-5-morreram\/","title":{"rendered":"Aleksandro, da dupla com Conrado, morre em acidente de \u00f4nibus na R\u00e9gis Bittencourt, no interior de SP; mais 5 morreram"},"content":{"rendered":"\n<p class=\"has-text-align-center\">Trag\u00e9dia ocorreu na altura da cidade de Miracatu. Empres\u00e1rio de Conrado e Aleksandro informou que ao menos 19 pessoas estavam no ve\u00edculo, inclusive os artistas.<\/p>\n\n\n\n<p><strong>Por g1 Santos<\/strong><\/p>\n\n\n\n<div class=\"wp-block-image\"><figure class=\"aligncenter size-large is-resized\"><a href=\"https:\/\/i0.wp.com\/blogdoeloiltoncajuhy.com.br\/site\/wp-content\/uploads\/2022\/05\/aleksandro.jpeg\"><img data-recalc-dims=\"1\" fetchpriority=\"high\" decoding=\"async\" src=\"https:\/\/i0.wp.com\/blogdoeloiltoncajuhy.com.br\/site\/wp-content\/uploads\/2022\/05\/aleksandro.jpeg?resize=303%2C379\" alt=\"\" class=\"wp-image-64804\" width=\"303\" height=\"379\" srcset=\"https:\/\/i0.wp.com\/blogdoeloiltoncajuhy.com.br\/site\/wp-content\/uploads\/2022\/05\/aleksandro.jpeg?resize=816%2C1024&amp;ssl=1 816w, https:\/\/i0.wp.com\/blogdoeloiltoncajuhy.com.br\/site\/wp-content\/uploads\/2022\/05\/aleksandro.jpeg?resize=239%2C300&amp;ssl=1 239w, https:\/\/i0.wp.com\/blogdoeloiltoncajuhy.com.br\/site\/wp-content\/uploads\/2022\/05\/aleksandro.jpeg?resize=768%2C964&amp;ssl=1 768w, https:\/\/i0.wp.com\/blogdoeloiltoncajuhy.com.br\/site\/wp-content\/uploads\/2022\/05\/aleksandro.jpeg?w=984&amp;ssl=1 984w\" sizes=\"(max-width: 303px) 100vw, 303px\" \/><\/a><figcaption><sub>Cantor Aleksandro, da dupla com Conrado \u2014 Foto: Instagram\/Reprodu\u00e7\u00e3o<\/sub><\/figcaption><\/figure><\/div>\n\n\n\n<p>O cantor Aleksandro, da dupla com Conrado, morreu em um grave acidente de \u00f4nibus, na manh\u00e3 deste s\u00e1bado (7), na rodovia R\u00e9gis Bittencourt, na altura de Miracatu, no interior de S\u00e3o Paulo. Outras cinco mortes foram confirmadas, mas n\u00e3o tiveram a identidade divulgada.<\/p>\n\n\n\n<p>Segundo apurado pelo g1, ao menos 19 pessoas estavam no ve\u00edculo, incluindo os artistas. Al\u00e9m dos \u00f3bitos, 11 v\u00edtimas foram encaminhadas aos prontos-socorros da regi\u00e3o com ferimentos leves e outras duas pessoas n\u00e3o sofreram les\u00f5es.<\/p>\n\n\n\n<p>O acidente aconteceu, por volta das 10h30, no km 402,2 da pista com sentido S\u00e3o Paulo (SP).<\/p>\n\n\n\n<div class=\"wp-block-image\"><figure class=\"aligncenter size-full\"><a href=\"https:\/\/i0.wp.com\/blogdoeloiltoncajuhy.com.br\/site\/wp-content\/uploads\/2022\/05\/acidente-sertanejo.jpeg\"><img data-recalc-dims=\"1\" decoding=\"async\" width=\"800\" height=\"400\" src=\"https:\/\/i0.wp.com\/blogdoeloiltoncajuhy.com.br\/site\/wp-content\/uploads\/2022\/05\/acidente-sertanejo.jpeg?resize=800%2C400\" alt=\"\" class=\"wp-image-64805\" srcset=\"https:\/\/i0.wp.com\/blogdoeloiltoncajuhy.com.br\/site\/wp-content\/uploads\/2022\/05\/acidente-sertanejo.jpeg?w=984&amp;ssl=1 984w, https:\/\/i0.wp.com\/blogdoeloiltoncajuhy.com.br\/site\/wp-content\/uploads\/2022\/05\/acidente-sertanejo.jpeg?resize=300%2C150&amp;ssl=1 300w, https:\/\/i0.wp.com\/blogdoeloiltoncajuhy.com.br\/site\/wp-content\/uploads\/2022\/05\/acidente-sertanejo.jpeg?resize=768%2C384&amp;ssl=1 768w\" sizes=\"(max-width: 800px) 100vw, 800px\" \/><\/a><figcaption><sub>\u00d4nibus de dupla sertaneja Conrado e Aleksandro sofre acidente na rodovia R\u00e9gis Bittencourt, no interior de SP \u2014 Foto: Reprodu\u00e7\u00e3o\/Redes Sociais<\/sub><\/figcaption><\/figure><\/div>\n\n\n\n<p>Segundo o empres\u00e1rio da dupla, Jos\u00e9 Carlos Cassucce, o ve\u00edculo saiu de Tijucas do Sul (PR), onde a dupla fez um show na sexta-feira (6), e seguia com destino para S\u00e3o Pedro (SP), onde havia um show agendado para este s\u00e1bado, mas o evento foi cancelado.<\/p>\n\n\n\n<p>Ainda de acordo com a concession\u00e1ria que administra o trecho, uma faixa da pista e o canteiro central foram interditados. Segundo a Pol\u00edcia Rodovi\u00e1ria Federal (PRF), o pneu dianteiro esquerdo estourou fazendo com que o motorista perdesse o controle e tombasse no canteiro central.<\/p>\n","protected":false},"excerpt":{"rendered":"<p>Trag\u00e9dia ocorreu na altura da cidade de Miracatu. Empres\u00e1rio de Conrado e Aleksandro informou que ao menos 19 pessoas estavam no ve\u00edculo, inclusive os artistas. Por g1 Santos O cantor Aleksandro, da dupla com Conrado, morreu em um grave acidente de \u00f4nibus, na manh\u00e3 deste s\u00e1bado (7), na rodovia R\u00e9gis Bittencourt, na altura de Miracatu, [&hellip;]<\/p>\n","protected":false},"author":2,"featured_media":64804,"comment_status":"open","ping_status":"open","sticky":false,"template":"","format":"standard","meta":{"_acf_changed":false,"_monsterinsights_skip_tracking":false,"_monsterinsights_sitenote_active":false,"_monsterinsights_sitenote_note":"","_monsterinsights_sitenote_category":0,"_jetpack_memberships_contains_paid_content":false,"footnotes":"","jetpack_publicize_message":"","jetpack_publicize_feature_enabled":true,"jetpack_social_post_already_shared":true,"jetpack_social_options":{"image_generator_settings":{"template":"highway","default_image_id":0,"font":"","enabled":false},"version":2}},"categories":[8],"tags":[],"class_list":["post-64803","post","type-post","status-publish","format-standard","has-post-thumbnail","hentry","category-cultura"],"acf":[],"jetpack_publicize_connections":[],"jetpack_featured_media_url":"https:\/\/i0.wp.com\/blogdoeloiltoncajuhy.com.br\/site\/wp-content\/uploads\/2022\/05\/aleksandro.jpeg?fit=984%2C1235&ssl=1","jetpack_sharing_enabled":true,"publishpress_future_workflow_manual_trigger":{"enabledWorkflows":[]},"_links":{"self":[{"href":"https:\/\/blogdoeloiltoncajuhy.com.br\/site\/wp-json\/wp\/v2\/posts\/64803","targetHints":{"allow":["GET"]}}],"collection":[{"href":"https:\/\/blogdoeloiltoncajuhy.com.br\/site\/wp-json\/wp\/v2\/posts"}],"about":[{"href":"https:\/\/blogdoeloiltoncajuhy.com.br\/site\/wp-json\/wp\/v2\/types\/post"}],"author":[{"embeddable":true,"href":"https:\/\/blogdoeloiltoncajuhy.com.br\/site\/wp-json\/wp\/v2\/users\/2"}],"replies":[{"embeddable":true,"href":"https:\/\/blogdoeloiltoncajuhy.com.br\/site\/wp-json\/wp\/v2\/comments?post=64803"}],"version-history":[{"count":1,"href":"https:\/\/blogdoeloiltoncajuhy.com.br\/site\/wp-json\/wp\/v2\/posts\/64803\/revisions"}],"predecessor-version":[{"id":64806,"href":"https:\/\/blogdoeloiltoncajuhy.com.br\/site\/wp-json\/wp\/v2\/posts\/64803\/revisions\/64806"}],"wp:featuredmedia":[{"embeddable":true,"href":"https:\/\/blogdoeloiltoncajuhy.com.br\/site\/wp-json\/wp\/v2\/media\/64804"}],"wp:attachment":[{"href":"https:\/\/blogdoeloiltoncajuhy.com.br\/site\/wp-json\/wp\/v2\/media?parent=64803"}],"wp:term":[{"taxonomy":"category","embeddable":true,"href":"https:\/\/blogdoeloiltoncajuhy.com.br\/site\/wp-json\/wp\/v2\/categories?post=64803"},{"taxonomy":"post_tag","embeddable":true,"href":"https:\/\/blogdoeloiltoncajuhy.com.br\/site\/wp-json\/wp\/v2\/tags?post=64803"}],"curies":[{"name":"wp","href":"https:\/\/api.w.org\/{rel}","templated":true}]}}