{"id":64801,"date":"2022-05-07T10:01:22","date_gmt":"2022-05-07T13:01:22","guid":{"rendered":"http:\/\/blogdoeloiltoncajuhy.com.br\/site\/?p=64801"},"modified":"2022-05-07T10:01:24","modified_gmt":"2022-05-07T13:01:24","slug":"nota-de-repudio-do-pt-de-senhor-do-bonfim","status":"publish","type":"post","link":"https:\/\/blogdoeloiltoncajuhy.com.br\/site\/nota-de-repudio-do-pt-de-senhor-do-bonfim\/","title":{"rendered":"Nota de Rep\u00fadio do PT de Senhor do Bonfim"},"content":{"rendered":"\n<div class=\"wp-block-image\"><figure class=\"aligncenter size-full is-resized\"><a href=\"https:\/\/i0.wp.com\/blogdoeloiltoncajuhy.com.br\/site\/wp-content\/uploads\/2016\/09\/Nota-de-Repudio.png\"><img data-recalc-dims=\"1\" fetchpriority=\"high\" decoding=\"async\" src=\"https:\/\/i0.wp.com\/blogdoeloiltoncajuhy.com.br\/site\/wp-content\/uploads\/2016\/09\/Nota-de-Repudio.png?resize=525%2C307\" alt=\"\" class=\"wp-image-12199\" width=\"525\" height=\"307\" srcset=\"https:\/\/i0.wp.com\/blogdoeloiltoncajuhy.com.br\/site\/wp-content\/uploads\/2016\/09\/Nota-de-Repudio.png?w=453&amp;ssl=1 453w, https:\/\/i0.wp.com\/blogdoeloiltoncajuhy.com.br\/site\/wp-content\/uploads\/2016\/09\/Nota-de-Repudio.png?resize=300%2C175&amp;ssl=1 300w, https:\/\/i0.wp.com\/blogdoeloiltoncajuhy.com.br\/site\/wp-content\/uploads\/2016\/09\/Nota-de-Repudio.png?resize=250%2C146&amp;ssl=1 250w\" sizes=\"(max-width: 525px) 100vw, 525px\" \/><\/a><\/figure><\/div>\n\n\n\n<p>Reafirmando os princ\u00edpios \u00e9ticos, pol\u00edticos e jur\u00eddicos que d\u00e3o suporte \u00e0 educa\u00e7\u00e3o brasileira em suas diferentes etapas e modalidades, o Partido dos Trabalhadores &#8211; PT de Senhor do Bonfim, vem publicamente se colocar terminantemente contra ao projeto \u201cEscola sem Partido\u201d, apresentado na C\u00e2mara de Vereadores pelo seu presidente Idailton Galeguinho.<\/p>\n\n\n\n<p>Este supracitado vereador mostrando uma postura antidemocr\u00e1tica, desrespeitosa, ultraconservadora e de total desconhecimento jur\u00eddico, apresenta \u00e0 Casa Legislativa uma Lei que fere diretamente tr\u00eas princ\u00edpios Constitucionais que fundamentam a educa\u00e7\u00e3o no Brasil: a \u201cliberdade de aprender, ensinar, pesquisar e divulgar o pensamento, a arte e o saber\u201d, \u201co pluralismo de concep\u00e7\u00f5es pedag\u00f3gicas\u201d e a \u201cvaloriza\u00e7\u00e3o dos profissionais da educa\u00e7\u00e3o escolar\u201d (Constitui\u00e7\u00e3o de 1988, Art. 206, incisos II, III e V respectivamente).<\/p>\n\n\n\n<p>O PT enquanto representante efetivo dos interesses dos trabalhadores, e por ser um partido radicalmente democr\u00e1tico, se coloca permanentemente a favor de uma educa\u00e7\u00e3o emancipadora, que defenda a liberdade e o pluralismo de ideias e concep\u00e7\u00f5es pedag\u00f3gicas, assim como enfatiza o mestre Paulo Freire.<\/p>\n\n\n\n<p>Reiteramos que o projeto do vereador \u00e9 inconstitucional, como j\u00e1 decidido pelo Supremo Tribunal Federal em outras oportunidades, porque dentre outras situa\u00e7\u00f5es, visa aniquilar a liberdade acad\u00eamica de professoras e professores, bem como restringir a liberdade de express\u00e3o e pensamento, criando s\u00e9rios obst\u00e1culos \u00e0 forma\u00e7\u00e3o dos alunos e alunas.<\/p>\n\n\n\n<p>Reafirmamos ainda, que n\u00e3o h\u00e1 democracia sem respeito aos direitos humanos garantidos por Lei, por isso reagiremos sempre contra toda e qualquer prepot\u00eancia e arbitrariedade de todo e qualquer vereador que se atreva a ferir os direitos fundamentais dos profissionais da educa\u00e7\u00e3o, bem como o direito dos educandos e educandas de constru\u00edrem uma consci\u00eancia cr\u00edtica, a partir do ensino sistematizado e do di\u00e1logo propositivo nas Institui\u00e7\u00f5es Educacionais.<\/p>\n\n\n\n<p>Assim, sigamos fortes e determinados sempre em busca de uma educa\u00e7\u00e3o de qualidade e de inspira\u00e7\u00e3o humanista que promova justi\u00e7a social.<\/p>\n\n\n\n<p>Lutemos juntos para impedir a aprova\u00e7\u00e3o desse projeto totalmente inconstitucional.<\/p>\n\n\n\n<p><strong><em>Diret\u00f3rio do Partido dos Trabalhadores de Senhor do Bonfim.<\/em><\/strong><\/p>\n","protected":false},"excerpt":{"rendered":"<p>Reafirmando os princ\u00edpios \u00e9ticos, pol\u00edticos e jur\u00eddicos que d\u00e3o suporte \u00e0 educa\u00e7\u00e3o brasileira em suas diferentes etapas e modalidades, o Partido dos Trabalhadores &#8211; PT de Senhor do Bonfim, vem publicamente se colocar terminantemente contra ao projeto \u201cEscola sem Partido\u201d, apresentado na C\u00e2mara de Vereadores pelo seu presidente Idailton Galeguinho. Este supracitado vereador mostrando uma [&hellip;]<\/p>\n","protected":false},"author":2,"featured_media":12199,"comment_status":"open","ping_status":"open","sticky":false,"template":"","format":"standard","meta":{"_acf_changed":false,"_monsterinsights_skip_tracking":false,"_monsterinsights_sitenote_active":false,"_monsterinsights_sitenote_note":"","_monsterinsights_sitenote_category":0,"_jetpack_memberships_contains_paid_content":false,"footnotes":"","jetpack_publicize_message":"","jetpack_publicize_feature_enabled":true,"jetpack_social_post_already_shared":true,"jetpack_social_options":{"image_generator_settings":{"template":"highway","default_image_id":0,"font":"","enabled":false},"version":2}},"categories":[4],"tags":[],"class_list":["post-64801","post","type-post","status-publish","format-standard","has-post-thumbnail","hentry","category-local"],"acf":[],"jetpack_publicize_connections":[],"jetpack_featured_media_url":"https:\/\/i0.wp.com\/blogdoeloiltoncajuhy.com.br\/site\/wp-content\/uploads\/2016\/09\/Nota-de-Repudio.png?fit=453%2C265&ssl=1","jetpack_sharing_enabled":true,"publishpress_future_workflow_manual_trigger":{"enabledWorkflows":[]},"_links":{"self":[{"href":"https:\/\/blogdoeloiltoncajuhy.com.br\/site\/wp-json\/wp\/v2\/posts\/64801","targetHints":{"allow":["GET"]}}],"collection":[{"href":"https:\/\/blogdoeloiltoncajuhy.com.br\/site\/wp-json\/wp\/v2\/posts"}],"about":[{"href":"https:\/\/blogdoeloiltoncajuhy.com.br\/site\/wp-json\/wp\/v2\/types\/post"}],"author":[{"embeddable":true,"href":"https:\/\/blogdoeloiltoncajuhy.com.br\/site\/wp-json\/wp\/v2\/users\/2"}],"replies":[{"embeddable":true,"href":"https:\/\/blogdoeloiltoncajuhy.com.br\/site\/wp-json\/wp\/v2\/comments?post=64801"}],"version-history":[{"count":1,"href":"https:\/\/blogdoeloiltoncajuhy.com.br\/site\/wp-json\/wp\/v2\/posts\/64801\/revisions"}],"predecessor-version":[{"id":64802,"href":"https:\/\/blogdoeloiltoncajuhy.com.br\/site\/wp-json\/wp\/v2\/posts\/64801\/revisions\/64802"}],"wp:featuredmedia":[{"embeddable":true,"href":"https:\/\/blogdoeloiltoncajuhy.com.br\/site\/wp-json\/wp\/v2\/media\/12199"}],"wp:attachment":[{"href":"https:\/\/blogdoeloiltoncajuhy.com.br\/site\/wp-json\/wp\/v2\/media?parent=64801"}],"wp:term":[{"taxonomy":"category","embeddable":true,"href":"https:\/\/blogdoeloiltoncajuhy.com.br\/site\/wp-json\/wp\/v2\/categories?post=64801"},{"taxonomy":"post_tag","embeddable":true,"href":"https:\/\/blogdoeloiltoncajuhy.com.br\/site\/wp-json\/wp\/v2\/tags?post=64801"}],"curies":[{"name":"wp","href":"https:\/\/api.w.org\/{rel}","templated":true}]}}