{"id":64793,"date":"2022-05-07T09:23:07","date_gmt":"2022-05-07T12:23:07","guid":{"rendered":"http:\/\/blogdoeloiltoncajuhy.com.br\/site\/?p=64793"},"modified":"2022-05-07T09:23:41","modified_gmt":"2022-05-07T12:23:41","slug":"bonfim-para-expandir-atuacao-no-mercado-cesol-lanca-nova-identidade-visual-de-produtos-derivados-da-mandioca-produzidos-em-canavieira","status":"publish","type":"post","link":"https:\/\/blogdoeloiltoncajuhy.com.br\/site\/bonfim-para-expandir-atuacao-no-mercado-cesol-lanca-nova-identidade-visual-de-produtos-derivados-da-mandioca-produzidos-em-canavieira\/","title":{"rendered":"Bonfim: Para expandir atua\u00e7\u00e3o no mercado, Cesol lan\u00e7a nova identidade visual de produtos derivados da mandioca produzidos em Canavieira"},"content":{"rendered":"\n<p><strong>Ascom\/Cesol<\/strong><\/p>\n\n\n\n<div class=\"wp-block-image\"><figure class=\"aligncenter size-large is-resized\"><a href=\"https:\/\/i0.wp.com\/blogdoeloiltoncajuhy.com.br\/site\/wp-content\/uploads\/2022\/05\/Cesol_07052022-01.jpg\"><img data-recalc-dims=\"1\" fetchpriority=\"high\" decoding=\"async\" src=\"https:\/\/i0.wp.com\/blogdoeloiltoncajuhy.com.br\/site\/wp-content\/uploads\/2022\/05\/Cesol_07052022-01.jpg?resize=768%2C696\" alt=\"\" class=\"wp-image-64794\" width=\"768\" height=\"696\" srcset=\"https:\/\/i0.wp.com\/blogdoeloiltoncajuhy.com.br\/site\/wp-content\/uploads\/2022\/05\/Cesol_07052022-01.jpg?resize=1024%2C928&amp;ssl=1 1024w, https:\/\/i0.wp.com\/blogdoeloiltoncajuhy.com.br\/site\/wp-content\/uploads\/2022\/05\/Cesol_07052022-01.jpg?resize=300%2C272&amp;ssl=1 300w, https:\/\/i0.wp.com\/blogdoeloiltoncajuhy.com.br\/site\/wp-content\/uploads\/2022\/05\/Cesol_07052022-01.jpg?resize=768%2C696&amp;ssl=1 768w, https:\/\/i0.wp.com\/blogdoeloiltoncajuhy.com.br\/site\/wp-content\/uploads\/2022\/05\/Cesol_07052022-01.jpg?w=1280&amp;ssl=1 1280w\" sizes=\"(max-width: 768px) 100vw, 768px\" \/><\/a><\/figure><\/div>\n\n\n\n<p>A nova identidade visual criada pela equipe do Cesol traz um conjunto de itens e elementos de design que contempla o logotipo, a tipografia, as cores, as imagens e tamb\u00e9m alguns aspectos n\u00e3o tang\u00edveis, como valores e princ\u00edpios a serem transmitidos.<\/p>\n\n\n\n<p>A rotulagem tamb\u00e9m est\u00e1 acompanhada da uma nova embalagem em potes pl\u00e1sticos descart\u00e1veis de 500 e 1000 ml. Outra inova\u00e7\u00e3o \u00e9 que o produto traz o c\u00f3digo de barras, QR Code, validade e variedade de sabores.<\/p>\n\n\n\n<p>Antes da transforma\u00e7\u00e3o pela equipe do Cesol, o produto produzido era comercializado em sacos pl\u00e1sticos, sem nenhuma identifica\u00e7\u00e3o.<\/p>\n\n\n\n<div class=\"wp-block-image\"><figure class=\"aligncenter size-large is-resized\"><a href=\"https:\/\/i0.wp.com\/blogdoeloiltoncajuhy.com.br\/site\/wp-content\/uploads\/2022\/05\/Cesol_07052022-02.jpg\"><img data-recalc-dims=\"1\" decoding=\"async\" src=\"https:\/\/i0.wp.com\/blogdoeloiltoncajuhy.com.br\/site\/wp-content\/uploads\/2022\/05\/Cesol_07052022-02.jpg?resize=512%2C512\" alt=\"\" class=\"wp-image-64795\" width=\"512\" height=\"512\" srcset=\"https:\/\/i0.wp.com\/blogdoeloiltoncajuhy.com.br\/site\/wp-content\/uploads\/2022\/05\/Cesol_07052022-02.jpg?resize=1024%2C1024&amp;ssl=1 1024w, https:\/\/i0.wp.com\/blogdoeloiltoncajuhy.com.br\/site\/wp-content\/uploads\/2022\/05\/Cesol_07052022-02.jpg?resize=300%2C300&amp;ssl=1 300w, https:\/\/i0.wp.com\/blogdoeloiltoncajuhy.com.br\/site\/wp-content\/uploads\/2022\/05\/Cesol_07052022-02.jpg?resize=150%2C150&amp;ssl=1 150w, https:\/\/i0.wp.com\/blogdoeloiltoncajuhy.com.br\/site\/wp-content\/uploads\/2022\/05\/Cesol_07052022-02.jpg?resize=768%2C768&amp;ssl=1 768w, https:\/\/i0.wp.com\/blogdoeloiltoncajuhy.com.br\/site\/wp-content\/uploads\/2022\/05\/Cesol_07052022-02.jpg?w=1080&amp;ssl=1 1080w\" sizes=\"(max-width: 512px) 100vw, 512px\" \/><\/a><\/figure><\/div>\n\n\n\n<p>O empreendimento Arte e Cultura da Mandioca \u00e9 assessorado desde de 2021, pelo Centro P\u00fablico de Economia Solid\u00e1ria (Cesol) Piemonte da Diamantina e Munic\u00edpios, e fica em Canavieira, interior de Senhor do Bonfim.<\/p>\n\n\n\n<p>Dando continuidade o assessoramento e a nova fase do empreendimento, a associada Regina Vieira esteve na sede do Cesol para cumprir o processo de aprova\u00e7\u00e3o do novo rotulo.<\/p>\n\n\n\n<p>\u201cEssa ser\u00e1 a nova maneira como as pessoas agora v\u00e3o enxergar, lembrar e reconhecer o nosso produto. Estamos muto felizes pelo apoio e profissionalismo do Cesol\u201d, agradeceu Regina.<\/p>\n\n\n\n<p>A partir de agora, al\u00e9m das feiras livres, as famosas delicias de tapioca de Canavieira, podem ser encontradas em estabelecimentos comerciais diversos, inclusive na Rede Meu Sert\u00e3o \u2013 formada pelo Emp\u00f3rio do Piemonte (Bonfim) e Sert\u00e3o do S\u00e3o Francisco (Juazeiro).<\/p>\n","protected":false},"excerpt":{"rendered":"<p>Ascom\/Cesol A nova identidade visual criada pela equipe do Cesol traz um conjunto de itens e elementos de design que contempla o logotipo, a tipografia, as cores, as imagens e tamb\u00e9m alguns aspectos n\u00e3o tang\u00edveis, como valores e princ\u00edpios a serem transmitidos. A rotulagem tamb\u00e9m est\u00e1 acompanhada da uma nova embalagem em potes pl\u00e1sticos descart\u00e1veis [&hellip;]<\/p>\n","protected":false},"author":2,"featured_media":64794,"comment_status":"open","ping_status":"open","sticky":false,"template":"","format":"standard","meta":{"_acf_changed":false,"_monsterinsights_skip_tracking":false,"_monsterinsights_sitenote_active":false,"_monsterinsights_sitenote_note":"","_monsterinsights_sitenote_category":0,"_jetpack_memberships_contains_paid_content":false,"footnotes":"","jetpack_publicize_message":"","jetpack_publicize_feature_enabled":true,"jetpack_social_post_already_shared":true,"jetpack_social_options":{"image_generator_settings":{"template":"highway","default_image_id":0,"font":"","enabled":false},"version":2}},"categories":[4],"tags":[],"class_list":["post-64793","post","type-post","status-publish","format-standard","has-post-thumbnail","hentry","category-local"],"acf":[],"jetpack_publicize_connections":[],"jetpack_featured_media_url":"https:\/\/i0.wp.com\/blogdoeloiltoncajuhy.com.br\/site\/wp-content\/uploads\/2022\/05\/Cesol_07052022-01.jpg?fit=1280%2C1160&ssl=1","jetpack_sharing_enabled":true,"publishpress_future_workflow_manual_trigger":{"enabledWorkflows":[]},"_links":{"self":[{"href":"https:\/\/blogdoeloiltoncajuhy.com.br\/site\/wp-json\/wp\/v2\/posts\/64793","targetHints":{"allow":["GET"]}}],"collection":[{"href":"https:\/\/blogdoeloiltoncajuhy.com.br\/site\/wp-json\/wp\/v2\/posts"}],"about":[{"href":"https:\/\/blogdoeloiltoncajuhy.com.br\/site\/wp-json\/wp\/v2\/types\/post"}],"author":[{"embeddable":true,"href":"https:\/\/blogdoeloiltoncajuhy.com.br\/site\/wp-json\/wp\/v2\/users\/2"}],"replies":[{"embeddable":true,"href":"https:\/\/blogdoeloiltoncajuhy.com.br\/site\/wp-json\/wp\/v2\/comments?post=64793"}],"version-history":[{"count":2,"href":"https:\/\/blogdoeloiltoncajuhy.com.br\/site\/wp-json\/wp\/v2\/posts\/64793\/revisions"}],"predecessor-version":[{"id":64797,"href":"https:\/\/blogdoeloiltoncajuhy.com.br\/site\/wp-json\/wp\/v2\/posts\/64793\/revisions\/64797"}],"wp:featuredmedia":[{"embeddable":true,"href":"https:\/\/blogdoeloiltoncajuhy.com.br\/site\/wp-json\/wp\/v2\/media\/64794"}],"wp:attachment":[{"href":"https:\/\/blogdoeloiltoncajuhy.com.br\/site\/wp-json\/wp\/v2\/media?parent=64793"}],"wp:term":[{"taxonomy":"category","embeddable":true,"href":"https:\/\/blogdoeloiltoncajuhy.com.br\/site\/wp-json\/wp\/v2\/categories?post=64793"},{"taxonomy":"post_tag","embeddable":true,"href":"https:\/\/blogdoeloiltoncajuhy.com.br\/site\/wp-json\/wp\/v2\/tags?post=64793"}],"curies":[{"name":"wp","href":"https:\/\/api.w.org\/{rel}","templated":true}]}}