{"id":64788,"date":"2022-05-06T21:43:52","date_gmt":"2022-05-07T00:43:52","guid":{"rendered":"http:\/\/blogdoeloiltoncajuhy.com.br\/site\/?p=64788"},"modified":"2022-05-06T21:43:54","modified_gmt":"2022-05-07T00:43:54","slug":"nota-de-pesar-do-esporte-clube-bonfinense","status":"publish","type":"post","link":"https:\/\/blogdoeloiltoncajuhy.com.br\/site\/nota-de-pesar-do-esporte-clube-bonfinense\/","title":{"rendered":"Nota de Pesar do Esporte Clube Bonfinense"},"content":{"rendered":"\n<div class=\"wp-block-image\"><figure class=\"aligncenter size-full is-resized\"><a href=\"https:\/\/i0.wp.com\/blogdoeloiltoncajuhy.com.br\/site\/wp-content\/uploads\/2022\/05\/FOTO_20220506_214149.jpg\"><img data-recalc-dims=\"1\" fetchpriority=\"high\" decoding=\"async\" src=\"https:\/\/i0.wp.com\/blogdoeloiltoncajuhy.com.br\/site\/wp-content\/uploads\/2022\/05\/FOTO_20220506_214149.jpg?resize=297%2C392\" alt=\"\" class=\"wp-image-64789\" width=\"297\" height=\"392\" srcset=\"https:\/\/i0.wp.com\/blogdoeloiltoncajuhy.com.br\/site\/wp-content\/uploads\/2022\/05\/FOTO_20220506_214149.jpg?w=522&amp;ssl=1 522w, https:\/\/i0.wp.com\/blogdoeloiltoncajuhy.com.br\/site\/wp-content\/uploads\/2022\/05\/FOTO_20220506_214149.jpg?resize=228%2C300&amp;ssl=1 228w\" sizes=\"(max-width: 297px) 100vw, 297px\" \/><\/a><\/figure><\/div>\n\n\n\n<p>O Esporte Clube Bonfinense lamenta com profundo pesar, o falecimento de Fl\u00e1vio Raimundo da Silva, integrante da Bandinha &amp; Cia, ocorrido nesta sexta-feira (06), em Senhor do Bonfim. <\/p>\n\n\n\n<p>Fl\u00e1vio era um m\u00fasico excepcional. Tinha a incr\u00edvel capacidade de alinhar o som do bumbo \u00e0s batidas dos nossos cora\u00e7\u00f5es. E assim, foram in\u00fameras Alvoradas da Grande Gamboa e principalmente as charangas, que incentivaram os jogadores do Bonfinense em busca da Vit\u00f3ria.<\/p>\n\n\n\n<p>Jamais esqueceremos a sua alegria e a sua vontade de nos fazer felizes. E com os nossos cora\u00e7\u00f5es consternados, rogamos a Deus pedindo o merecido repouso eterno em seu reino.<\/p>\n\n\n\n<p>Diante deste momento de dor, respeitosamente, prestamos as nossas condol\u00eancias e deixamos os nossos sinceros p\u00easames aos familiares e amigos.<\/p>\n\n\n\n<p>Pablo Fabiano &#8211; Presidente do Esporte Clube Bonfinense.<\/p>\n","protected":false},"excerpt":{"rendered":"<p>O Esporte Clube Bonfinense lamenta com profundo pesar, o falecimento de Fl\u00e1vio Raimundo da Silva, integrante da Bandinha &amp; Cia, ocorrido nesta sexta-feira (06), em Senhor do Bonfim. Fl\u00e1vio era um m\u00fasico excepcional. Tinha a incr\u00edvel capacidade de alinhar o som do bumbo \u00e0s batidas dos nossos cora\u00e7\u00f5es. E assim, foram in\u00fameras Alvoradas da Grande [&hellip;]<\/p>\n","protected":false},"author":2,"featured_media":64789,"comment_status":"open","ping_status":"open","sticky":false,"template":"","format":"standard","meta":{"_acf_changed":false,"_monsterinsights_skip_tracking":false,"_monsterinsights_sitenote_active":false,"_monsterinsights_sitenote_note":"","_monsterinsights_sitenote_category":0,"_jetpack_memberships_contains_paid_content":false,"footnotes":"","jetpack_publicize_message":"","jetpack_publicize_feature_enabled":true,"jetpack_social_post_already_shared":true,"jetpack_social_options":{"image_generator_settings":{"template":"highway","default_image_id":0,"font":"","enabled":false},"version":2}},"categories":[6],"tags":[],"class_list":["post-64788","post","type-post","status-publish","format-standard","has-post-thumbnail","hentry","category-esportes"],"acf":[],"jetpack_publicize_connections":[],"jetpack_featured_media_url":"https:\/\/i0.wp.com\/blogdoeloiltoncajuhy.com.br\/site\/wp-content\/uploads\/2022\/05\/FOTO_20220506_214149.jpg?fit=522%2C688&ssl=1","jetpack_sharing_enabled":true,"publishpress_future_workflow_manual_trigger":{"enabledWorkflows":[]},"_links":{"self":[{"href":"https:\/\/blogdoeloiltoncajuhy.com.br\/site\/wp-json\/wp\/v2\/posts\/64788","targetHints":{"allow":["GET"]}}],"collection":[{"href":"https:\/\/blogdoeloiltoncajuhy.com.br\/site\/wp-json\/wp\/v2\/posts"}],"about":[{"href":"https:\/\/blogdoeloiltoncajuhy.com.br\/site\/wp-json\/wp\/v2\/types\/post"}],"author":[{"embeddable":true,"href":"https:\/\/blogdoeloiltoncajuhy.com.br\/site\/wp-json\/wp\/v2\/users\/2"}],"replies":[{"embeddable":true,"href":"https:\/\/blogdoeloiltoncajuhy.com.br\/site\/wp-json\/wp\/v2\/comments?post=64788"}],"version-history":[{"count":1,"href":"https:\/\/blogdoeloiltoncajuhy.com.br\/site\/wp-json\/wp\/v2\/posts\/64788\/revisions"}],"predecessor-version":[{"id":64790,"href":"https:\/\/blogdoeloiltoncajuhy.com.br\/site\/wp-json\/wp\/v2\/posts\/64788\/revisions\/64790"}],"wp:featuredmedia":[{"embeddable":true,"href":"https:\/\/blogdoeloiltoncajuhy.com.br\/site\/wp-json\/wp\/v2\/media\/64789"}],"wp:attachment":[{"href":"https:\/\/blogdoeloiltoncajuhy.com.br\/site\/wp-json\/wp\/v2\/media?parent=64788"}],"wp:term":[{"taxonomy":"category","embeddable":true,"href":"https:\/\/blogdoeloiltoncajuhy.com.br\/site\/wp-json\/wp\/v2\/categories?post=64788"},{"taxonomy":"post_tag","embeddable":true,"href":"https:\/\/blogdoeloiltoncajuhy.com.br\/site\/wp-json\/wp\/v2\/tags?post=64788"}],"curies":[{"name":"wp","href":"https:\/\/api.w.org\/{rel}","templated":true}]}}