{"id":64785,"date":"2022-05-06T21:30:27","date_gmt":"2022-05-07T00:30:27","guid":{"rendered":"http:\/\/blogdoeloiltoncajuhy.com.br\/site\/?p=64785"},"modified":"2022-05-06T21:30:29","modified_gmt":"2022-05-07T00:30:29","slug":"icone-do-brega-restos-mortais-de-waldick-soriano-sao-transferidos-para-bahia-14-anos-apos-sepultamento-no-rio-de-janeiro","status":"publish","type":"post","link":"https:\/\/blogdoeloiltoncajuhy.com.br\/site\/icone-do-brega-restos-mortais-de-waldick-soriano-sao-transferidos-para-bahia-14-anos-apos-sepultamento-no-rio-de-janeiro\/","title":{"rendered":"\u00cdcone do brega: Restos mortais de Waldick Soriano s\u00e3o transferidos para Bahia, 14 anos ap\u00f3s sepultamento no Rio de Janeiro"},"content":{"rendered":"\n<p>Artista marcou gera\u00e7\u00f5es com sucessos como &#8220;Eu n\u00e3o sou cachorro, n\u00e3o&#8221; e &#8220;Tortura de amor&#8221;. T\u00famulo ficar\u00e1 em Caetit\u00e9, sua cidade natal.<\/p>\n\n\n\n<p><strong>Por g1 BA<\/strong><\/p>\n\n\n\n<div class=\"wp-block-image\"><figure class=\"aligncenter size-full\"><a href=\"https:\/\/i0.wp.com\/blogdoeloiltoncajuhy.com.br\/site\/wp-content\/uploads\/2022\/05\/whatsapp-image-2022-05-06-at-10.32.25.jpeg\"><img data-recalc-dims=\"1\" fetchpriority=\"high\" decoding=\"async\" width=\"800\" height=\"437\" src=\"https:\/\/i0.wp.com\/blogdoeloiltoncajuhy.com.br\/site\/wp-content\/uploads\/2022\/05\/whatsapp-image-2022-05-06-at-10.32.25.jpeg?resize=800%2C437\" alt=\"\" class=\"wp-image-64786\" srcset=\"https:\/\/i0.wp.com\/blogdoeloiltoncajuhy.com.br\/site\/wp-content\/uploads\/2022\/05\/whatsapp-image-2022-05-06-at-10.32.25.jpeg?w=984&amp;ssl=1 984w, https:\/\/i0.wp.com\/blogdoeloiltoncajuhy.com.br\/site\/wp-content\/uploads\/2022\/05\/whatsapp-image-2022-05-06-at-10.32.25.jpeg?resize=300%2C164&amp;ssl=1 300w, https:\/\/i0.wp.com\/blogdoeloiltoncajuhy.com.br\/site\/wp-content\/uploads\/2022\/05\/whatsapp-image-2022-05-06-at-10.32.25.jpeg?resize=768%2C419&amp;ssl=1 768w\" sizes=\"(max-width: 800px) 100vw, 800px\" \/><\/a><figcaption><sub>Waldick Soriano \u2014 Foto: Reprodu\u00e7\u00e3o\/TV Bahia<\/sub><\/figcaption><\/figure><\/div>\n\n\n\n<p>Os restos mortais do cantor Waldick Soriano, \u00edcone da m\u00fasica brega brasileira, foram transferidos para Caetit\u00e9, cidade natal do artista, no sudoeste da Bahia. Nesta sexta-feira (6), uma cerim\u00f4nia foi realizada no Cemit\u00e9rio Bosque da Paz, \u00e0s 9h, para marcar o novo sepultamento.<\/p>\n\n\n\n<p>Waldick Soriano morreu aos 75 anos, no Rio de Janeiro, em decorr\u00eancia de um c\u00e2ncer de pr\u00f3stata. F\u00e3s do artista disseram que o t\u00famulo onde o corpo dele foi sepultado estava abandonado, e sem receber os devidos cuidados.<\/p>\n\n\n\n<p>Com isso, eles mobilizaram familiares do artista e conseguiram a transfer\u00eancia dos restos mortais de Waldick para Caetit\u00e9. As ossadas do pai do cantor e de um sobrinho dele tamb\u00e9m foram deslocadas para a cidade do sudoeste baiano. Se estivesse vivo, Waldick Soriano completaria 89 anos na pr\u00f3xima sexta-feira, dia 13 de maio.<\/p>\n\n\n\n<p>O artista tinha mais de 40 anos de carreira e marcou gera\u00e7\u00f5es com grandes sucessos como &#8220;Eu n\u00e3o sou cachorro, n\u00e3o&#8221; e &#8220;Tortura de amor&#8221;. Antes de se enveredar na m\u00fasica, ele chegou a ser pe\u00e3o, motorista de caminh\u00e3o e garimpeiro.<\/p>\n","protected":false},"excerpt":{"rendered":"<p>Artista marcou gera\u00e7\u00f5es com sucessos como &#8220;Eu n\u00e3o sou cachorro, n\u00e3o&#8221; e &#8220;Tortura de amor&#8221;. T\u00famulo ficar\u00e1 em Caetit\u00e9, sua cidade natal. Por g1 BA Os restos mortais do cantor Waldick Soriano, \u00edcone da m\u00fasica brega brasileira, foram transferidos para Caetit\u00e9, cidade natal do artista, no sudoeste da Bahia. Nesta sexta-feira (6), uma cerim\u00f4nia foi [&hellip;]<\/p>\n","protected":false},"author":2,"featured_media":64786,"comment_status":"open","ping_status":"open","sticky":false,"template":"","format":"standard","meta":{"_acf_changed":false,"_monsterinsights_skip_tracking":false,"_monsterinsights_sitenote_active":false,"_monsterinsights_sitenote_note":"","_monsterinsights_sitenote_category":0,"_jetpack_memberships_contains_paid_content":false,"footnotes":"","jetpack_publicize_message":"","jetpack_publicize_feature_enabled":true,"jetpack_social_post_already_shared":true,"jetpack_social_options":{"image_generator_settings":{"template":"highway","default_image_id":0,"font":"","enabled":false},"version":2}},"categories":[8],"tags":[],"class_list":["post-64785","post","type-post","status-publish","format-standard","has-post-thumbnail","hentry","category-cultura"],"acf":[],"jetpack_publicize_connections":[],"jetpack_featured_media_url":"https:\/\/i0.wp.com\/blogdoeloiltoncajuhy.com.br\/site\/wp-content\/uploads\/2022\/05\/whatsapp-image-2022-05-06-at-10.32.25.jpeg?fit=984%2C537&ssl=1","jetpack_sharing_enabled":true,"publishpress_future_workflow_manual_trigger":{"enabledWorkflows":[]},"_links":{"self":[{"href":"https:\/\/blogdoeloiltoncajuhy.com.br\/site\/wp-json\/wp\/v2\/posts\/64785","targetHints":{"allow":["GET"]}}],"collection":[{"href":"https:\/\/blogdoeloiltoncajuhy.com.br\/site\/wp-json\/wp\/v2\/posts"}],"about":[{"href":"https:\/\/blogdoeloiltoncajuhy.com.br\/site\/wp-json\/wp\/v2\/types\/post"}],"author":[{"embeddable":true,"href":"https:\/\/blogdoeloiltoncajuhy.com.br\/site\/wp-json\/wp\/v2\/users\/2"}],"replies":[{"embeddable":true,"href":"https:\/\/blogdoeloiltoncajuhy.com.br\/site\/wp-json\/wp\/v2\/comments?post=64785"}],"version-history":[{"count":1,"href":"https:\/\/blogdoeloiltoncajuhy.com.br\/site\/wp-json\/wp\/v2\/posts\/64785\/revisions"}],"predecessor-version":[{"id":64787,"href":"https:\/\/blogdoeloiltoncajuhy.com.br\/site\/wp-json\/wp\/v2\/posts\/64785\/revisions\/64787"}],"wp:featuredmedia":[{"embeddable":true,"href":"https:\/\/blogdoeloiltoncajuhy.com.br\/site\/wp-json\/wp\/v2\/media\/64786"}],"wp:attachment":[{"href":"https:\/\/blogdoeloiltoncajuhy.com.br\/site\/wp-json\/wp\/v2\/media?parent=64785"}],"wp:term":[{"taxonomy":"category","embeddable":true,"href":"https:\/\/blogdoeloiltoncajuhy.com.br\/site\/wp-json\/wp\/v2\/categories?post=64785"},{"taxonomy":"post_tag","embeddable":true,"href":"https:\/\/blogdoeloiltoncajuhy.com.br\/site\/wp-json\/wp\/v2\/tags?post=64785"}],"curies":[{"name":"wp","href":"https:\/\/api.w.org\/{rel}","templated":true}]}}