{"id":64782,"date":"2022-05-06T09:36:41","date_gmt":"2022-05-06T12:36:41","guid":{"rendered":"http:\/\/blogdoeloiltoncajuhy.com.br\/site\/?p=64782"},"modified":"2022-05-06T09:36:42","modified_gmt":"2022-05-06T12:36:42","slug":"combate-a-violencia-contra-mulher-agora-faz-parte-do-plano-nacional-de-seguranca-publica","status":"publish","type":"post","link":"https:\/\/blogdoeloiltoncajuhy.com.br\/site\/combate-a-violencia-contra-mulher-agora-faz-parte-do-plano-nacional-de-seguranca-publica\/","title":{"rendered":"Combate \u00e0 viol\u00eancia contra mulher agora faz parte do Plano Nacional de Seguran\u00e7a P\u00fablica"},"content":{"rendered":"\n<div class=\"wp-block-image\"><figure class=\"aligncenter size-large is-resized\"><a href=\"https:\/\/i0.wp.com\/blogdoeloiltoncajuhy.com.br\/site\/wp-content\/uploads\/2022\/05\/viole%CC%82ncia-contra-a-mulher.webp\"><img data-recalc-dims=\"1\" fetchpriority=\"high\" decoding=\"async\" src=\"https:\/\/i0.wp.com\/blogdoeloiltoncajuhy.com.br\/site\/wp-content\/uploads\/2022\/05\/viole%CC%82ncia-contra-a-mulher.webp?resize=656%2C437\" alt=\"\" class=\"wp-image-64783\" width=\"656\" height=\"437\" srcset=\"https:\/\/i0.wp.com\/blogdoeloiltoncajuhy.com.br\/site\/wp-content\/uploads\/2022\/05\/viole%CC%82ncia-contra-a-mulher.webp?resize=1024%2C683&amp;ssl=1 1024w, https:\/\/i0.wp.com\/blogdoeloiltoncajuhy.com.br\/site\/wp-content\/uploads\/2022\/05\/viole%CC%82ncia-contra-a-mulher.webp?resize=300%2C200&amp;ssl=1 300w, https:\/\/i0.wp.com\/blogdoeloiltoncajuhy.com.br\/site\/wp-content\/uploads\/2022\/05\/viole%CC%82ncia-contra-a-mulher.webp?resize=768%2C512&amp;ssl=1 768w, https:\/\/i0.wp.com\/blogdoeloiltoncajuhy.com.br\/site\/wp-content\/uploads\/2022\/05\/viole%CC%82ncia-contra-a-mulher.webp?resize=1536%2C1024&amp;ssl=1 1536w, https:\/\/i0.wp.com\/blogdoeloiltoncajuhy.com.br\/site\/wp-content\/uploads\/2022\/05\/viole%CC%82ncia-contra-a-mulher.webp?resize=2048%2C1365&amp;ssl=1 2048w, https:\/\/i0.wp.com\/blogdoeloiltoncajuhy.com.br\/site\/wp-content\/uploads\/2022\/05\/viole%CC%82ncia-contra-a-mulher.webp?w=1600 1600w\" sizes=\"(max-width: 656px) 100vw, 656px\" \/><\/a><\/figure><\/div>\n\n\n\n<p>J\u00e1 est\u00e1 em vigor a lei que prev\u00ea o Plano Nacional de Preven\u00e7\u00e3o e Enfrentamento \u00e0 Viol\u00eancia contra a Mulher. As a\u00e7\u00f5es do novo plano estar\u00e3o entre as medidas previstas na Pol\u00edtica Nacional de Seguran\u00e7a P\u00fablica e Defesa Social.<\/p>\n\n\n\n<p>A relatora do projeto, deputada Tabata Amaral (PSB-SP), defendeu um percentual m\u00ednimo de 5% do Fundo de Seguran\u00e7a como forma de garantir a aplica\u00e7\u00e3o das Leis Maria da Penha e do Feminic\u00eddio que n\u00e3o s\u00e3o mais eficazes por falta de recursos p\u00fablicos.<\/p>\n\n\n\n<p>\u201cEstou falando de 30 milh\u00f5es de brasileiras que relatam ter sofrido algum tipo de viol\u00eancia ou agress\u00e3o. N\u00f3s mulheres n\u00e3o podemos aceitar menos do que isso quando estamos falando do direito \u00e0 vida. Precisamos de mais recursos para pol\u00edticas p\u00fablicas de preven\u00e7\u00e3o, de acolhimento, de seguran\u00e7a para as mulheres como casas de abrigo, casas da mulher brasileira, medidas protetivas, guardi\u00e3s Maria da Penha, entre tantas outras iniciativas muito importantes\u201d.<\/p>\n\n\n\n<p>A proposta original, da deputada Margarete Coelho (PP-PI), n\u00e3o previa um percentual de investimento, que foi inclu\u00eddo pelos parlamentares.<\/p>\n\n\n\n<p>Durante a discuss\u00e3o no Plen\u00e1rio da C\u00e2mara, o Novo apresentou destaque suprimindo a determina\u00e7\u00e3o desse percentual. Segundo o deputado Paulo Ganime (Novo-RJ), o partido \u00e9 favor\u00e1vel \u00e0 desvincula\u00e7\u00e3o do Or\u00e7amento, dando mais liberdade para que os gestores possam atender as necessidades do pa\u00eds.<\/p>\n\n\n\n<p>\u201cEntendemos que o Or\u00e7amento deve ser definido de acordo com as pol\u00edticas p\u00fablicas e n\u00e3o com uma defini\u00e7\u00e3o pr\u00e9via desse percentual, que talvez seja at\u00e9 baixo. Pode ser que seja baixo, pequeno, perto do que deveria ser. Mas pode ser tamb\u00e9m que, em algum momento, seja elevado. A gente entende que isso deve ser definido regularmente, pontualmente, de acordo com as necessidades moment\u00e2neas. Isso vale para esse tema e para qualquer outro\u201d.<\/p>\n\n\n\n<p>O Fundo Nacional de Seguran\u00e7a P\u00fablica foi criado em 2018 e tem um or\u00e7amento previsto para este ano de um bilh\u00e3o e 970 milh\u00f5es de reais.<\/p>\n\n\n\n<p><strong><em>Da R\u00e1dio C\u00e2mara, de Bras\u00edlia, Karla Alessandra<\/em><\/strong><\/p>\n","protected":false},"excerpt":{"rendered":"<p>J\u00e1 est\u00e1 em vigor a lei que prev\u00ea o Plano Nacional de Preven\u00e7\u00e3o e Enfrentamento \u00e0 Viol\u00eancia contra a Mulher. As a\u00e7\u00f5es do novo plano estar\u00e3o entre as medidas previstas na Pol\u00edtica Nacional de Seguran\u00e7a P\u00fablica e Defesa Social. A relatora do projeto, deputada Tabata Amaral (PSB-SP), defendeu um percentual m\u00ednimo de 5% do Fundo [&hellip;]<\/p>\n","protected":false},"author":2,"featured_media":64783,"comment_status":"open","ping_status":"open","sticky":false,"template":"","format":"standard","meta":{"_acf_changed":false,"_monsterinsights_skip_tracking":false,"_monsterinsights_sitenote_active":false,"_monsterinsights_sitenote_note":"","_monsterinsights_sitenote_category":0,"_jetpack_memberships_contains_paid_content":false,"footnotes":"","jetpack_publicize_message":"","jetpack_publicize_feature_enabled":true,"jetpack_social_post_already_shared":true,"jetpack_social_options":{"image_generator_settings":{"template":"highway","default_image_id":0,"font":"","enabled":false},"version":2}},"categories":[3],"tags":[],"class_list":["post-64782","post","type-post","status-publish","format-standard","has-post-thumbnail","hentry","category-politica"],"acf":[],"jetpack_publicize_connections":[],"jetpack_featured_media_url":"https:\/\/i0.wp.com\/blogdoeloiltoncajuhy.com.br\/site\/wp-content\/uploads\/2022\/05\/viole%CC%82ncia-contra-a-mulher.webp?fit=2121%2C1414&ssl=1","jetpack_sharing_enabled":true,"publishpress_future_workflow_manual_trigger":{"enabledWorkflows":[]},"_links":{"self":[{"href":"https:\/\/blogdoeloiltoncajuhy.com.br\/site\/wp-json\/wp\/v2\/posts\/64782","targetHints":{"allow":["GET"]}}],"collection":[{"href":"https:\/\/blogdoeloiltoncajuhy.com.br\/site\/wp-json\/wp\/v2\/posts"}],"about":[{"href":"https:\/\/blogdoeloiltoncajuhy.com.br\/site\/wp-json\/wp\/v2\/types\/post"}],"author":[{"embeddable":true,"href":"https:\/\/blogdoeloiltoncajuhy.com.br\/site\/wp-json\/wp\/v2\/users\/2"}],"replies":[{"embeddable":true,"href":"https:\/\/blogdoeloiltoncajuhy.com.br\/site\/wp-json\/wp\/v2\/comments?post=64782"}],"version-history":[{"count":1,"href":"https:\/\/blogdoeloiltoncajuhy.com.br\/site\/wp-json\/wp\/v2\/posts\/64782\/revisions"}],"predecessor-version":[{"id":64784,"href":"https:\/\/blogdoeloiltoncajuhy.com.br\/site\/wp-json\/wp\/v2\/posts\/64782\/revisions\/64784"}],"wp:featuredmedia":[{"embeddable":true,"href":"https:\/\/blogdoeloiltoncajuhy.com.br\/site\/wp-json\/wp\/v2\/media\/64783"}],"wp:attachment":[{"href":"https:\/\/blogdoeloiltoncajuhy.com.br\/site\/wp-json\/wp\/v2\/media?parent=64782"}],"wp:term":[{"taxonomy":"category","embeddable":true,"href":"https:\/\/blogdoeloiltoncajuhy.com.br\/site\/wp-json\/wp\/v2\/categories?post=64782"},{"taxonomy":"post_tag","embeddable":true,"href":"https:\/\/blogdoeloiltoncajuhy.com.br\/site\/wp-json\/wp\/v2\/tags?post=64782"}],"curies":[{"name":"wp","href":"https:\/\/api.w.org\/{rel}","templated":true}]}}