{"id":64779,"date":"2022-05-06T09:15:16","date_gmt":"2022-05-06T12:15:16","guid":{"rendered":"http:\/\/blogdoeloiltoncajuhy.com.br\/site\/?p=64779"},"modified":"2022-05-06T09:15:18","modified_gmt":"2022-05-06T12:15:18","slug":"vai-a-sancao-a-lei-henry-borel-que-protege-criancas-e-adolescentes","status":"publish","type":"post","link":"https:\/\/blogdoeloiltoncajuhy.com.br\/site\/vai-a-sancao-a-lei-henry-borel-que-protege-criancas-e-adolescentes\/","title":{"rendered":"Vai a san\u00e7\u00e3o a Lei Henry Borel que protege crian\u00e7as e adolescentes"},"content":{"rendered":"\n<p class=\"has-text-align-center\"><em>A lei prev\u00ea medidas protetivas espec\u00edficas pra crian\u00e7as e adolescentes v\u00edtimas de viol\u00eancia dom\u00e9stica e familiar e considera hediondo, o crime de assassinato de menores de 14 anos.<\/em><\/p>\n\n\n\n<div class=\"wp-block-image\"><figure class=\"aligncenter size-full\"><a href=\"https:\/\/i0.wp.com\/blogdoeloiltoncajuhy.com.br\/site\/wp-content\/uploads\/2022\/05\/Senado_Lei-Henry-Borel.jpg\"><img data-recalc-dims=\"1\" fetchpriority=\"high\" decoding=\"async\" width=\"673\" height=\"450\" src=\"https:\/\/i0.wp.com\/blogdoeloiltoncajuhy.com.br\/site\/wp-content\/uploads\/2022\/05\/Senado_Lei-Henry-Borel.jpg?resize=673%2C450\" alt=\"\" class=\"wp-image-64780\" srcset=\"https:\/\/i0.wp.com\/blogdoeloiltoncajuhy.com.br\/site\/wp-content\/uploads\/2022\/05\/Senado_Lei-Henry-Borel.jpg?w=673&amp;ssl=1 673w, https:\/\/i0.wp.com\/blogdoeloiltoncajuhy.com.br\/site\/wp-content\/uploads\/2022\/05\/Senado_Lei-Henry-Borel.jpg?resize=300%2C201&amp;ssl=1 300w\" sizes=\"(max-width: 673px) 100vw, 673px\" \/><\/a><\/figure><\/div>\n\n\n\n<p>O Projeto de Lei foi batizado como Henry Borel em homenagem ao menino de quatro anos morto no ano de 2021 ap\u00f3s ser espancado no apartamento em que morava com a m\u00e3e e o padrasto, no Rio de Janeiro.<\/p>\n\n\n\n<p>A ideia da lei \u00e9 estabelecer medidas protetivas espec\u00edficas para crian\u00e7as e adolescentes v\u00edtimas de viol\u00eancia dom\u00e9stica e familiar, como o afastamento do agressor do lar e a inclus\u00e3o da v\u00edtima e da fam\u00edlia em atendimentos de assist\u00eancia social e tornar o assassinato de menores de 14 anos crime hediondo, que \u00e9 um crime inafian\u00e7\u00e1vel e insuscet\u00edvel de gra\u00e7a, indulto ou anistia.<\/p>\n\n\n\n<p>O projeto foi iniciativa de deputadas federais e no Senado teve como relatora a senadora Daniella Ribeiro, do PSD da Para\u00edba. Ela disse que a proposi\u00e7\u00e3o teve como inspira\u00e7\u00e3o a Lei Maria da Penha, criada para proteger e resguardar os direitos das mulheres.<\/p>\n\n\n\n<p>Na justifica\u00e7\u00e3o, as autoras pontuam que n\u00e3o s\u00e3o isolados casos como o do menino Henry Borel, v\u00edtima de viol\u00eancia praticada em ambiente dom\u00e9stico, e que \u00e9 necess\u00e1rio dar um basta \u00e0s in\u00fameras trag\u00e9dias que assolam crian\u00e7as e adolescentes em contextos similares. Para tanto, prop\u00f5em mecanismos de prote\u00e7\u00e3o da inf\u00e2ncia e da juventude contra a viol\u00eancia dom\u00e9stica, inspirados pela Lei Maria da Penha.<\/p>\n\n\n\n<p>No texto da lei foi inclu\u00eddo a obriga\u00e7\u00e3o de promover a paternidade positiva, a educa\u00e7\u00e3o sem castigos f\u00edsicos e a\u00e7\u00f5es de preven\u00e7\u00e3o e enfrentamento \u00e0 viol\u00eancia dom\u00e9stica e familiar contra crian\u00e7as e adolescentes.<\/p>\n\n\n\n<p>A lei dos juizados especiais n\u00e3o poder\u00e1 ser aplicada nesses crimes e a pena n\u00e3o pode ser convertida em cesta b\u00e1sica ou em multa de forma isolada. A proposta segue para san\u00e7\u00e3o presidencial.<\/p>\n\n\n\n<p><strong><em>Sob a supervis\u00e3o de Maur\u00edcio de Santi, da R\u00e1dio Senado, Carol Teixeira.<\/em><\/strong><\/p>\n","protected":false},"excerpt":{"rendered":"<p>A lei prev\u00ea medidas protetivas espec\u00edficas pra crian\u00e7as e adolescentes v\u00edtimas de viol\u00eancia dom\u00e9stica e familiar e considera hediondo, o crime de assassinato de menores de 14 anos. O Projeto de Lei foi batizado como Henry Borel em homenagem ao menino de quatro anos morto no ano de 2021 ap\u00f3s ser espancado no apartamento em [&hellip;]<\/p>\n","protected":false},"author":2,"featured_media":64780,"comment_status":"open","ping_status":"open","sticky":false,"template":"","format":"standard","meta":{"_acf_changed":false,"_monsterinsights_skip_tracking":false,"_monsterinsights_sitenote_active":false,"_monsterinsights_sitenote_note":"","_monsterinsights_sitenote_category":0,"_jetpack_memberships_contains_paid_content":false,"footnotes":"","jetpack_publicize_message":"","jetpack_publicize_feature_enabled":true,"jetpack_social_post_already_shared":true,"jetpack_social_options":{"image_generator_settings":{"template":"highway","default_image_id":0,"font":"","enabled":false},"version":2}},"categories":[3],"tags":[],"class_list":["post-64779","post","type-post","status-publish","format-standard","has-post-thumbnail","hentry","category-politica"],"acf":[],"jetpack_publicize_connections":[],"jetpack_featured_media_url":"https:\/\/i0.wp.com\/blogdoeloiltoncajuhy.com.br\/site\/wp-content\/uploads\/2022\/05\/Senado_Lei-Henry-Borel.jpg?fit=673%2C450&ssl=1","jetpack_sharing_enabled":true,"publishpress_future_workflow_manual_trigger":{"enabledWorkflows":[]},"_links":{"self":[{"href":"https:\/\/blogdoeloiltoncajuhy.com.br\/site\/wp-json\/wp\/v2\/posts\/64779","targetHints":{"allow":["GET"]}}],"collection":[{"href":"https:\/\/blogdoeloiltoncajuhy.com.br\/site\/wp-json\/wp\/v2\/posts"}],"about":[{"href":"https:\/\/blogdoeloiltoncajuhy.com.br\/site\/wp-json\/wp\/v2\/types\/post"}],"author":[{"embeddable":true,"href":"https:\/\/blogdoeloiltoncajuhy.com.br\/site\/wp-json\/wp\/v2\/users\/2"}],"replies":[{"embeddable":true,"href":"https:\/\/blogdoeloiltoncajuhy.com.br\/site\/wp-json\/wp\/v2\/comments?post=64779"}],"version-history":[{"count":1,"href":"https:\/\/blogdoeloiltoncajuhy.com.br\/site\/wp-json\/wp\/v2\/posts\/64779\/revisions"}],"predecessor-version":[{"id":64781,"href":"https:\/\/blogdoeloiltoncajuhy.com.br\/site\/wp-json\/wp\/v2\/posts\/64779\/revisions\/64781"}],"wp:featuredmedia":[{"embeddable":true,"href":"https:\/\/blogdoeloiltoncajuhy.com.br\/site\/wp-json\/wp\/v2\/media\/64780"}],"wp:attachment":[{"href":"https:\/\/blogdoeloiltoncajuhy.com.br\/site\/wp-json\/wp\/v2\/media?parent=64779"}],"wp:term":[{"taxonomy":"category","embeddable":true,"href":"https:\/\/blogdoeloiltoncajuhy.com.br\/site\/wp-json\/wp\/v2\/categories?post=64779"},{"taxonomy":"post_tag","embeddable":true,"href":"https:\/\/blogdoeloiltoncajuhy.com.br\/site\/wp-json\/wp\/v2\/tags?post=64779"}],"curies":[{"name":"wp","href":"https:\/\/api.w.org\/{rel}","templated":true}]}}