{"id":64776,"date":"2022-05-06T09:01:57","date_gmt":"2022-05-06T12:01:57","guid":{"rendered":"http:\/\/blogdoeloiltoncajuhy.com.br\/site\/?p=64776"},"modified":"2022-05-06T09:01:59","modified_gmt":"2022-05-06T12:01:59","slug":"camara-aprova-emendas-do-senado-a-mp-que-amplia-o-acesso-de-estudantes-de-escolas-privadas-ao-prouni","status":"publish","type":"post","link":"https:\/\/blogdoeloiltoncajuhy.com.br\/site\/camara-aprova-emendas-do-senado-a-mp-que-amplia-o-acesso-de-estudantes-de-escolas-privadas-ao-prouni\/","title":{"rendered":"C\u00e2mara aprova emendas do Senado \u00e0 MP que amplia o acesso de estudantes de escolas privadas ao Prouni"},"content":{"rendered":"\n<div class=\"wp-block-image\"><figure class=\"aligncenter size-full\"><a href=\"https:\/\/i0.wp.com\/blogdoeloiltoncajuhy.com.br\/site\/wp-content\/uploads\/2022\/05\/Prouni_Senado.jpg\"><img data-recalc-dims=\"1\" fetchpriority=\"high\" decoding=\"async\" width=\"676\" height=\"450\" src=\"https:\/\/i0.wp.com\/blogdoeloiltoncajuhy.com.br\/site\/wp-content\/uploads\/2022\/05\/Prouni_Senado.jpg?resize=676%2C450\" alt=\"\" class=\"wp-image-64777\" srcset=\"https:\/\/i0.wp.com\/blogdoeloiltoncajuhy.com.br\/site\/wp-content\/uploads\/2022\/05\/Prouni_Senado.jpg?w=676&amp;ssl=1 676w, https:\/\/i0.wp.com\/blogdoeloiltoncajuhy.com.br\/site\/wp-content\/uploads\/2022\/05\/Prouni_Senado.jpg?resize=300%2C200&amp;ssl=1 300w\" sizes=\"(max-width: 676px) 100vw, 676px\" \/><\/a><\/figure><\/div>\n\n\n\n<p>A C\u00e2mara dos Deputados aprovou as emendas do Senado \u00e0 Medida Provis\u00f3ria 1075 de 2021 que muda as regras do Programa Universidade para Todos, o Prouni, que prev\u00ea a oferta de bolsas de estudos para estudantes de gradua\u00e7\u00e3o em faculdades privadas em troca da isen\u00e7\u00e3o de tributos como Imposto de Renda, CSLL e PIS\/Cofins.<\/p>\n\n\n\n<p>A MP amplia a oferta de bolsas de estudos aos alunos de escolas particulares sem bolsa integral. At\u00e9 ent\u00e3o, tinham direito ao benef\u00edcio apenas os alunos que conclu\u00edssem o Ensino M\u00e9dio em escolas da rede p\u00fablica ou na condi\u00e7\u00e3o de bolsistas totais na rede privada.<\/p>\n\n\n\n<p>A regra de renda para concess\u00e3o da bolsa se mant\u00e9m a mesma: bolsa integral para quem tem renda familiar mensal per capita de at\u00e9 1,5 (um e meio) sal\u00e1rio m\u00ednimo e bolsa parcial para aqueles com renda de at\u00e9 tr\u00eas sal\u00e1rios.<\/p>\n\n\n\n<p>Uma das emendas propostas pelo Senado, aprovada na C\u00e2mara, acrescenta dois par\u00e1grafos ao art. 2\u00ba da Lei do Prouni, que diz respeito \u00e0 documenta\u00e7\u00e3o comprobat\u00f3ria de renda. A MP retirou a exig\u00eancia da apresenta\u00e7\u00e3o desses documentos. A justificativa do Senado \u00e9 desburocratizar o processo. O relator, senador Wellington Fagundes, do PL de Mato Grosso, explica que assim o Minist\u00e9rio da Educa\u00e7\u00e3o poder\u00e1 evitar poss\u00edveis fraudes.<\/p>\n\n\n\n<p>&#8220;O que n\u00f3s estamos fazendo aqui \u00e9 facilitando a vida daqueles que querem ter acesso ao Prouni, dando credibilidade \u00e0 declara\u00e7\u00e3o dos estudantes e, al\u00e9m disso, dando condi\u00e7\u00f5es para que o Governo possa, atrav\u00e9s do seu banco de dados, fiscalizar isso. Ent\u00e3o, eu acredito que, quando n\u00f3s estamos atendendo desta forma, n\u00f3s estamos simplificando e desburocratizando. \u00c9 o que mais a gente fala no Brasil, \u00e9 desburocratizar, simplificar esse Estado t\u00e3o complicado&#8221;.<\/p>\n\n\n\n<p>A partir de julho de 2022, o percentual de vagas reservadas para pessoas com defici\u00eancia, ind\u00edgenas, negros ou pardos vai considerar o quantitativo dessas popula\u00e7\u00f5es em cada estado segundo o IBGE. Antes, o c\u00e1lculo da cota n\u00e3o seguia o percentual de cada subgrupo. O relator, deputado \u00c1tila Lira, incluiu um novo subgrupo, estudantes vindos dos servi\u00e7os de acolhimento familiar e institucional. O deputado destaca a import\u00e2ncia do Prouni.<\/p>\n\n\n\n<p>&#8220;O Prouni \u00e9 um projeto eficaz, ele n\u00e3o tem registrado nenhuma distor\u00e7\u00e3o, esse projeto \u00e9 que permitiu que as pessoas pobres, os afrodescendentes tivessem uma melhor oferta de vagas para medicina. Todos sabem que as escolas p\u00fablicas, federais e estaduais, s\u00e3o excludentes nessa quest\u00e3o das pessoas pobres e o ensino privado criou essa condi\u00e7\u00e3o de acesso&#8221;.<\/p>\n\n\n\n<p>A MP mant\u00e9m a proibi\u00e7\u00e3o do ac\u00famulo de mais de uma bolsa por estudante e a concess\u00e3o de bolsa para quem j\u00e1 cursa ensino superior em universidade p\u00fablica. A medida provis\u00f3ria abre uma exce\u00e7\u00e3o e conceder\u00e1 bolsa para quem possui bacharelado e quiser uma licenciatura, para ser professor. O projeto seguir\u00e1 para san\u00e7\u00e3o presidencial.<\/p>\n\n\n\n<p><strong><em>Sob a supervis\u00e3o de Maur\u00edcio de Santi, da R\u00e1dio Senado, Bianca Mingote.<\/em><\/strong><\/p>\n","protected":false},"excerpt":{"rendered":"<p>A C\u00e2mara dos Deputados aprovou as emendas do Senado \u00e0 Medida Provis\u00f3ria 1075 de 2021 que muda as regras do Programa Universidade para Todos, o Prouni, que prev\u00ea a oferta de bolsas de estudos para estudantes de gradua\u00e7\u00e3o em faculdades privadas em troca da isen\u00e7\u00e3o de tributos como Imposto de Renda, CSLL e PIS\/Cofins. A [&hellip;]<\/p>\n","protected":false},"author":2,"featured_media":64777,"comment_status":"open","ping_status":"open","sticky":false,"template":"","format":"standard","meta":{"_acf_changed":false,"_monsterinsights_skip_tracking":false,"_monsterinsights_sitenote_active":false,"_monsterinsights_sitenote_note":"","_monsterinsights_sitenote_category":0,"_jetpack_memberships_contains_paid_content":false,"footnotes":"","jetpack_publicize_message":"","jetpack_publicize_feature_enabled":true,"jetpack_social_post_already_shared":true,"jetpack_social_options":{"image_generator_settings":{"template":"highway","default_image_id":0,"font":"","enabled":false},"version":2}},"categories":[3],"tags":[],"class_list":["post-64776","post","type-post","status-publish","format-standard","has-post-thumbnail","hentry","category-politica"],"acf":[],"jetpack_publicize_connections":[],"jetpack_featured_media_url":"https:\/\/i0.wp.com\/blogdoeloiltoncajuhy.com.br\/site\/wp-content\/uploads\/2022\/05\/Prouni_Senado.jpg?fit=676%2C450&ssl=1","jetpack_sharing_enabled":true,"publishpress_future_workflow_manual_trigger":{"enabledWorkflows":[]},"_links":{"self":[{"href":"https:\/\/blogdoeloiltoncajuhy.com.br\/site\/wp-json\/wp\/v2\/posts\/64776","targetHints":{"allow":["GET"]}}],"collection":[{"href":"https:\/\/blogdoeloiltoncajuhy.com.br\/site\/wp-json\/wp\/v2\/posts"}],"about":[{"href":"https:\/\/blogdoeloiltoncajuhy.com.br\/site\/wp-json\/wp\/v2\/types\/post"}],"author":[{"embeddable":true,"href":"https:\/\/blogdoeloiltoncajuhy.com.br\/site\/wp-json\/wp\/v2\/users\/2"}],"replies":[{"embeddable":true,"href":"https:\/\/blogdoeloiltoncajuhy.com.br\/site\/wp-json\/wp\/v2\/comments?post=64776"}],"version-history":[{"count":1,"href":"https:\/\/blogdoeloiltoncajuhy.com.br\/site\/wp-json\/wp\/v2\/posts\/64776\/revisions"}],"predecessor-version":[{"id":64778,"href":"https:\/\/blogdoeloiltoncajuhy.com.br\/site\/wp-json\/wp\/v2\/posts\/64776\/revisions\/64778"}],"wp:featuredmedia":[{"embeddable":true,"href":"https:\/\/blogdoeloiltoncajuhy.com.br\/site\/wp-json\/wp\/v2\/media\/64777"}],"wp:attachment":[{"href":"https:\/\/blogdoeloiltoncajuhy.com.br\/site\/wp-json\/wp\/v2\/media?parent=64776"}],"wp:term":[{"taxonomy":"category","embeddable":true,"href":"https:\/\/blogdoeloiltoncajuhy.com.br\/site\/wp-json\/wp\/v2\/categories?post=64776"},{"taxonomy":"post_tag","embeddable":true,"href":"https:\/\/blogdoeloiltoncajuhy.com.br\/site\/wp-json\/wp\/v2\/tags?post=64776"}],"curies":[{"name":"wp","href":"https:\/\/api.w.org\/{rel}","templated":true}]}}