{"id":64772,"date":"2022-05-06T08:33:06","date_gmt":"2022-05-06T11:33:06","guid":{"rendered":"http:\/\/blogdoeloiltoncajuhy.com.br\/site\/?p=64772"},"modified":"2022-05-06T08:33:07","modified_gmt":"2022-05-06T11:33:07","slug":"em-nota-associacao-dos-agentes-de-saude-de-senhor-do-bonfim-destaca-luta-pela-aprovacao-do-piso-salarial-da-categoria","status":"publish","type":"post","link":"https:\/\/blogdoeloiltoncajuhy.com.br\/site\/em-nota-associacao-dos-agentes-de-saude-de-senhor-do-bonfim-destaca-luta-pela-aprovacao-do-piso-salarial-da-categoria\/","title":{"rendered":"Em nota, Associa\u00e7\u00e3o dos Agentes de Sa\u00fade de Senhor do Bonfim destaca luta pela aprova\u00e7\u00e3o do piso salarial da categoria"},"content":{"rendered":"\n<p><strong>Blog do Eloilton Cajuhy<\/strong><\/p>\n\n\n\n<div class=\"wp-block-image\"><figure class=\"aligncenter size-large is-resized\"><a href=\"https:\/\/i0.wp.com\/blogdoeloiltoncajuhy.com.br\/site\/wp-content\/uploads\/2022\/05\/AMACS-SB-em-Brasilia-04052022-01.jpg\"><img data-recalc-dims=\"1\" fetchpriority=\"high\" decoding=\"async\" src=\"https:\/\/i0.wp.com\/blogdoeloiltoncajuhy.com.br\/site\/wp-content\/uploads\/2022\/05\/AMACS-SB-em-Brasilia-04052022-01.jpg?resize=576%2C768\" alt=\"\" class=\"wp-image-64773\" width=\"576\" height=\"768\" srcset=\"https:\/\/i0.wp.com\/blogdoeloiltoncajuhy.com.br\/site\/wp-content\/uploads\/2022\/05\/AMACS-SB-em-Brasilia-04052022-01.jpg?resize=768%2C1024&amp;ssl=1 768w, https:\/\/i0.wp.com\/blogdoeloiltoncajuhy.com.br\/site\/wp-content\/uploads\/2022\/05\/AMACS-SB-em-Brasilia-04052022-01.jpg?resize=225%2C300&amp;ssl=1 225w, https:\/\/i0.wp.com\/blogdoeloiltoncajuhy.com.br\/site\/wp-content\/uploads\/2022\/05\/AMACS-SB-em-Brasilia-04052022-01.jpg?resize=1152%2C1536&amp;ssl=1 1152w, https:\/\/i0.wp.com\/blogdoeloiltoncajuhy.com.br\/site\/wp-content\/uploads\/2022\/05\/AMACS-SB-em-Brasilia-04052022-01.jpg?w=1200&amp;ssl=1 1200w\" sizes=\"(max-width: 576px) 100vw, 576px\" \/><\/a><\/figure><\/div>\n\n\n\n<p>Assim como os Agentes de Endemias, os Agentes Comunit\u00e1rios de Sa\u00fade de Senhor do Bonfim tamb\u00e9m foram representados em Bras\u00edlia-DF, na mobiliza\u00e7\u00e3o nacional que garantiu a aprova\u00e7\u00e3o do Piso Nacional das duas categorias, na \u00faltima quarta-feira (04).<\/p>\n\n\n\n<p>Em nota divulgada nesta quinta-feira (05), a Associa\u00e7\u00e3o Municipal dos Agentes Comunit\u00e1rios de Sa\u00fade de Senhor do Bonfim (AMACS-SB), destaca a luta incans\u00e1vel em prol da categoria, empenhando h\u00e1 muito tempo, com organiza\u00e7\u00e3o, dedica\u00e7\u00e3o e uni\u00e3o, esfor\u00e7os em prol de melhorias para a classe, &#8220;que exerce suas fun\u00e7\u00f5es com muito profissionalismo, responsabilidade, coragem, aten\u00e7\u00e3o, aprendizado e, acima de tudo, dedica\u00e7\u00e3o e amor&#8221;.<\/p>\n\n\n\n<p>A AMACS-SB refor\u00e7a que, &#8220;desde quando essa categoria foi criada, foram muitas idas e vindas a Bras\u00edlia em busca de lideran\u00e7as pol\u00edticas para aprova\u00e7\u00e3o de emendas constitucionais que pudessem dar dignidade a estes guerreiros, que h\u00e1 muito tempo s\u00e3o o carro-chefe da sa\u00fade p\u00fablica preventiva no Brasil&#8221;.<\/p>\n\n\n\n<div class=\"wp-block-image\"><figure class=\"aligncenter size-full is-resized\"><a href=\"https:\/\/i0.wp.com\/blogdoeloiltoncajuhy.com.br\/site\/wp-content\/uploads\/2022\/05\/AMACS-SB-em-Brasilia-04052022-02.jpg\"><img data-recalc-dims=\"1\" decoding=\"async\" src=\"https:\/\/i0.wp.com\/blogdoeloiltoncajuhy.com.br\/site\/wp-content\/uploads\/2022\/05\/AMACS-SB-em-Brasilia-04052022-02.jpg?resize=583%2C583\" alt=\"\" class=\"wp-image-64774\" width=\"583\" height=\"583\" srcset=\"https:\/\/i0.wp.com\/blogdoeloiltoncajuhy.com.br\/site\/wp-content\/uploads\/2022\/05\/AMACS-SB-em-Brasilia-04052022-02.jpg?w=720&amp;ssl=1 720w, https:\/\/i0.wp.com\/blogdoeloiltoncajuhy.com.br\/site\/wp-content\/uploads\/2022\/05\/AMACS-SB-em-Brasilia-04052022-02.jpg?resize=300%2C300&amp;ssl=1 300w, https:\/\/i0.wp.com\/blogdoeloiltoncajuhy.com.br\/site\/wp-content\/uploads\/2022\/05\/AMACS-SB-em-Brasilia-04052022-02.jpg?resize=150%2C150&amp;ssl=1 150w\" sizes=\"(max-width: 583px) 100vw, 583px\" \/><\/a><\/figure><\/div>\n\n\n\n<p>Na quarta-feira, ap\u00f3s grande mobiliza\u00e7\u00e3o envolvendo todos os estados, os agentes de sa\u00fade lotaram as depend\u00eancias da C\u00e2mara e do Senado acompanhando de perto a vota\u00e7\u00e3o da PEC 09\/22, que terminou com a aprova\u00e7\u00e3o do Piso Salarial Nacional dos ACS e de Endemias para 2 sal\u00e1rios m\u00ednimos.<\/p>\n\n\n\n<p>A diretoria da associa\u00e7\u00e3o, que sempre acreditou nos seus associados, em parceria com a Rede Peba &#8211; Pernambuco\/Bahia, enviou nove dos seus filiados \u00e0 capital federal para acompanhar de perto a vota\u00e7\u00e3o no Congresso Nacional.<\/p>\n\n\n\n<p>&#8220;Nossos sinceros agradecimentos a todos que, direta ou indiretamente, contribu\u00edram conosco para essa grande conquista, principalmente aos colegas ACS Ana Maria, Erandi Soares, Elizabete, Cleonice Barbosa, Iara, Jos\u00e9 Luiz, Jos\u00e9 Orlando, Luciano Amaral e Kenia&#8221;, finaliza a nota.<\/p>\n","protected":false},"excerpt":{"rendered":"<p>Blog do Eloilton Cajuhy Assim como os Agentes de Endemias, os Agentes Comunit\u00e1rios de Sa\u00fade de Senhor do Bonfim tamb\u00e9m foram representados em Bras\u00edlia-DF, na mobiliza\u00e7\u00e3o nacional que garantiu a aprova\u00e7\u00e3o do Piso Nacional das duas categorias, na \u00faltima quarta-feira (04). Em nota divulgada nesta quinta-feira (05), a Associa\u00e7\u00e3o Municipal dos Agentes Comunit\u00e1rios de Sa\u00fade [&hellip;]<\/p>\n","protected":false},"author":2,"featured_media":64774,"comment_status":"open","ping_status":"open","sticky":false,"template":"","format":"standard","meta":{"_acf_changed":false,"_monsterinsights_skip_tracking":false,"_monsterinsights_sitenote_active":false,"_monsterinsights_sitenote_note":"","_monsterinsights_sitenote_category":0,"_jetpack_memberships_contains_paid_content":false,"footnotes":"","jetpack_publicize_message":"","jetpack_publicize_feature_enabled":true,"jetpack_social_post_already_shared":true,"jetpack_social_options":{"image_generator_settings":{"template":"highway","default_image_id":0,"font":"","enabled":false},"version":2}},"categories":[4],"tags":[],"class_list":["post-64772","post","type-post","status-publish","format-standard","has-post-thumbnail","hentry","category-local"],"acf":[],"jetpack_publicize_connections":[],"jetpack_featured_media_url":"https:\/\/i0.wp.com\/blogdoeloiltoncajuhy.com.br\/site\/wp-content\/uploads\/2022\/05\/AMACS-SB-em-Brasilia-04052022-02.jpg?fit=720%2C720&ssl=1","jetpack_sharing_enabled":true,"publishpress_future_workflow_manual_trigger":{"enabledWorkflows":[]},"_links":{"self":[{"href":"https:\/\/blogdoeloiltoncajuhy.com.br\/site\/wp-json\/wp\/v2\/posts\/64772","targetHints":{"allow":["GET"]}}],"collection":[{"href":"https:\/\/blogdoeloiltoncajuhy.com.br\/site\/wp-json\/wp\/v2\/posts"}],"about":[{"href":"https:\/\/blogdoeloiltoncajuhy.com.br\/site\/wp-json\/wp\/v2\/types\/post"}],"author":[{"embeddable":true,"href":"https:\/\/blogdoeloiltoncajuhy.com.br\/site\/wp-json\/wp\/v2\/users\/2"}],"replies":[{"embeddable":true,"href":"https:\/\/blogdoeloiltoncajuhy.com.br\/site\/wp-json\/wp\/v2\/comments?post=64772"}],"version-history":[{"count":1,"href":"https:\/\/blogdoeloiltoncajuhy.com.br\/site\/wp-json\/wp\/v2\/posts\/64772\/revisions"}],"predecessor-version":[{"id":64775,"href":"https:\/\/blogdoeloiltoncajuhy.com.br\/site\/wp-json\/wp\/v2\/posts\/64772\/revisions\/64775"}],"wp:featuredmedia":[{"embeddable":true,"href":"https:\/\/blogdoeloiltoncajuhy.com.br\/site\/wp-json\/wp\/v2\/media\/64774"}],"wp:attachment":[{"href":"https:\/\/blogdoeloiltoncajuhy.com.br\/site\/wp-json\/wp\/v2\/media?parent=64772"}],"wp:term":[{"taxonomy":"category","embeddable":true,"href":"https:\/\/blogdoeloiltoncajuhy.com.br\/site\/wp-json\/wp\/v2\/categories?post=64772"},{"taxonomy":"post_tag","embeddable":true,"href":"https:\/\/blogdoeloiltoncajuhy.com.br\/site\/wp-json\/wp\/v2\/tags?post=64772"}],"curies":[{"name":"wp","href":"https:\/\/api.w.org\/{rel}","templated":true}]}}