{"id":64754,"date":"2022-05-05T19:27:39","date_gmt":"2022-05-05T22:27:39","guid":{"rendered":"http:\/\/blogdoeloiltoncajuhy.com.br\/site\/?p=64754"},"modified":"2022-05-05T19:27:40","modified_gmt":"2022-05-05T22:27:40","slug":"latino-tem-contas-bancarias-zeradas-para-pagar-divida-de-mais-de-500-mil-reais-diz-colunista","status":"publish","type":"post","link":"https:\/\/blogdoeloiltoncajuhy.com.br\/site\/latino-tem-contas-bancarias-zeradas-para-pagar-divida-de-mais-de-500-mil-reais-diz-colunista\/","title":{"rendered":"Latino tem contas banc\u00e1rias zeradas para pagar d\u00edvida de mais de 500 mil reais, diz colunista"},"content":{"rendered":"\n<p><strong>Por Estrelando<\/strong><\/p>\n\n\n\n<div class=\"wp-block-image\"><figure class=\"aligncenter size-full is-resized\"><a href=\"https:\/\/i0.wp.com\/blogdoeloiltoncajuhy.com.br\/site\/wp-content\/uploads\/2022\/05\/Latino-Contas-zeradas.jpg\"><img data-recalc-dims=\"1\" fetchpriority=\"high\" decoding=\"async\" src=\"https:\/\/i0.wp.com\/blogdoeloiltoncajuhy.com.br\/site\/wp-content\/uploads\/2022\/05\/Latino-Contas-zeradas.jpg?resize=506%2C484\" alt=\"\" class=\"wp-image-64756\" width=\"506\" height=\"484\" srcset=\"https:\/\/i0.wp.com\/blogdoeloiltoncajuhy.com.br\/site\/wp-content\/uploads\/2022\/05\/Latino-Contas-zeradas.jpg?w=675&amp;ssl=1 675w, https:\/\/i0.wp.com\/blogdoeloiltoncajuhy.com.br\/site\/wp-content\/uploads\/2022\/05\/Latino-Contas-zeradas.jpg?resize=300%2C287&amp;ssl=1 300w\" sizes=\"(max-width: 506px) 100vw, 506px\" \/><\/a><figcaption><sub>A ordem de bloqueio foi dada pela Justi\u00e7a ap\u00f3s o cantor n\u00e3o cumprir acordo para pagar pend\u00eancias de seu condom\u00ednio<\/sub><\/figcaption><\/figure><\/div>\n\n\n\n<p>Cad\u00ea o dinheiro que estava aqui? Latino se envolveu em mais uma pol\u00eamica nesta quinta-feira, dia 5, ap\u00f3s ter as contas banc\u00e1rias zeradas. De acordo com o colunista Anselmo Gois, o detalhamento da ordem de bloqueio de valores das economias do artista foi apresentado e ele est\u00e1 sem <em>money<\/em>.<\/p>\n\n\n\n<p>Isso porque Latino estava devendo mais de 500 mil reais de pend\u00eancias condominiais da propriedade Quintas do Rio e n\u00e3o cumpriu o acordo. Sendo assim, a ordem de bloqueio foi dada pela Justi\u00e7a do Rio de Janeiro.<\/p>\n\n\n\n<p>Vale lembrar que a disputa vem acontecendo desde 2016 e parece estar longe de terminar.<\/p>\n","protected":false},"excerpt":{"rendered":"<p>Por Estrelando Cad\u00ea o dinheiro que estava aqui? Latino se envolveu em mais uma pol\u00eamica nesta quinta-feira, dia 5, ap\u00f3s ter as contas banc\u00e1rias zeradas. De acordo com o colunista Anselmo Gois, o detalhamento da ordem de bloqueio de valores das economias do artista foi apresentado e ele est\u00e1 sem money. Isso porque Latino estava [&hellip;]<\/p>\n","protected":false},"author":2,"featured_media":64756,"comment_status":"open","ping_status":"open","sticky":false,"template":"","format":"standard","meta":{"_acf_changed":false,"_monsterinsights_skip_tracking":false,"_monsterinsights_sitenote_active":false,"_monsterinsights_sitenote_note":"","_monsterinsights_sitenote_category":0,"_jetpack_memberships_contains_paid_content":false,"footnotes":"","jetpack_publicize_message":"","jetpack_publicize_feature_enabled":true,"jetpack_social_post_already_shared":true,"jetpack_social_options":{"image_generator_settings":{"template":"highway","default_image_id":0,"font":"","enabled":false},"version":2}},"categories":[8],"tags":[],"class_list":["post-64754","post","type-post","status-publish","format-standard","has-post-thumbnail","hentry","category-cultura"],"acf":[],"jetpack_publicize_connections":[],"jetpack_featured_media_url":"https:\/\/i0.wp.com\/blogdoeloiltoncajuhy.com.br\/site\/wp-content\/uploads\/2022\/05\/Latino-Contas-zeradas.jpg?fit=675%2C645&ssl=1","jetpack_sharing_enabled":true,"publishpress_future_workflow_manual_trigger":{"enabledWorkflows":[]},"_links":{"self":[{"href":"https:\/\/blogdoeloiltoncajuhy.com.br\/site\/wp-json\/wp\/v2\/posts\/64754","targetHints":{"allow":["GET"]}}],"collection":[{"href":"https:\/\/blogdoeloiltoncajuhy.com.br\/site\/wp-json\/wp\/v2\/posts"}],"about":[{"href":"https:\/\/blogdoeloiltoncajuhy.com.br\/site\/wp-json\/wp\/v2\/types\/post"}],"author":[{"embeddable":true,"href":"https:\/\/blogdoeloiltoncajuhy.com.br\/site\/wp-json\/wp\/v2\/users\/2"}],"replies":[{"embeddable":true,"href":"https:\/\/blogdoeloiltoncajuhy.com.br\/site\/wp-json\/wp\/v2\/comments?post=64754"}],"version-history":[{"count":2,"href":"https:\/\/blogdoeloiltoncajuhy.com.br\/site\/wp-json\/wp\/v2\/posts\/64754\/revisions"}],"predecessor-version":[{"id":64757,"href":"https:\/\/blogdoeloiltoncajuhy.com.br\/site\/wp-json\/wp\/v2\/posts\/64754\/revisions\/64757"}],"wp:featuredmedia":[{"embeddable":true,"href":"https:\/\/blogdoeloiltoncajuhy.com.br\/site\/wp-json\/wp\/v2\/media\/64756"}],"wp:attachment":[{"href":"https:\/\/blogdoeloiltoncajuhy.com.br\/site\/wp-json\/wp\/v2\/media?parent=64754"}],"wp:term":[{"taxonomy":"category","embeddable":true,"href":"https:\/\/blogdoeloiltoncajuhy.com.br\/site\/wp-json\/wp\/v2\/categories?post=64754"},{"taxonomy":"post_tag","embeddable":true,"href":"https:\/\/blogdoeloiltoncajuhy.com.br\/site\/wp-json\/wp\/v2\/tags?post=64754"}],"curies":[{"name":"wp","href":"https:\/\/api.w.org\/{rel}","templated":true}]}}