{"id":64749,"date":"2022-05-05T09:44:13","date_gmt":"2022-05-05T12:44:13","guid":{"rendered":"http:\/\/blogdoeloiltoncajuhy.com.br\/site\/?p=64749"},"modified":"2022-05-05T09:44:14","modified_gmt":"2022-05-05T12:44:14","slug":"mp-barra-gastos-de-irece-com-sao-joao-e-pede-contratacao-de-artistas-por-licitacao-tramites-devem-ser-publicados-em-tempo-real-no-site","status":"publish","type":"post","link":"https:\/\/blogdoeloiltoncajuhy.com.br\/site\/mp-barra-gastos-de-irece-com-sao-joao-e-pede-contratacao-de-artistas-por-licitacao-tramites-devem-ser-publicados-em-tempo-real-no-site\/","title":{"rendered":"MP barra gastos de Irec\u00ea com S\u00e3o Jo\u00e3o e pede contrata\u00e7\u00e3o de artistas por licita\u00e7\u00e3o; tr\u00e2mites devem ser publicados em tempo real no site"},"content":{"rendered":"\n<p><strong>Por Aratu On<\/strong><\/p>\n\n\n\n<div class=\"wp-block-image\"><figure class=\"aligncenter size-large is-resized\"><a href=\"https:\/\/i0.wp.com\/blogdoeloiltoncajuhy.com.br\/site\/wp-content\/uploads\/2022\/05\/Sao-Joao-Irece-05052022-Carol-GarciaGOVBA.jpg\"><img data-recalc-dims=\"1\" fetchpriority=\"high\" decoding=\"async\" src=\"https:\/\/i0.wp.com\/blogdoeloiltoncajuhy.com.br\/site\/wp-content\/uploads\/2022\/05\/Sao-Joao-Irece-05052022-Carol-GarciaGOVBA.jpg?resize=641%2C517\" alt=\"\" class=\"wp-image-64750\" width=\"641\" height=\"517\" srcset=\"https:\/\/i0.wp.com\/blogdoeloiltoncajuhy.com.br\/site\/wp-content\/uploads\/2022\/05\/Sao-Joao-Irece-05052022-Carol-GarciaGOVBA.jpg?resize=1024%2C826&amp;ssl=1 1024w, https:\/\/i0.wp.com\/blogdoeloiltoncajuhy.com.br\/site\/wp-content\/uploads\/2022\/05\/Sao-Joao-Irece-05052022-Carol-GarciaGOVBA.jpg?resize=300%2C242&amp;ssl=1 300w, https:\/\/i0.wp.com\/blogdoeloiltoncajuhy.com.br\/site\/wp-content\/uploads\/2022\/05\/Sao-Joao-Irece-05052022-Carol-GarciaGOVBA.jpg?resize=768%2C620&amp;ssl=1 768w, https:\/\/i0.wp.com\/blogdoeloiltoncajuhy.com.br\/site\/wp-content\/uploads\/2022\/05\/Sao-Joao-Irece-05052022-Carol-GarciaGOVBA.jpg?w=1140&amp;ssl=1 1140w\" sizes=\"(max-width: 641px) 100vw, 641px\" \/><\/a><figcaption><sub>Foto: Carol Garcia\/GOVBA<\/sub><\/figcaption><\/figure><\/div>\n\n\n\n<p>O Minist\u00e9rio P\u00fablico estadual (MP-BA) pediu ao Munic\u00edpio de Irec\u00ea que somente efetue gastos com festejos, tais como S\u00e3o Jo\u00e3o e anivers\u00e1rio da cidade, caso exista previs\u00e3o na Lei Or\u00e7ament\u00e1ria Anual (LOA) que os autorize. Entre as medidas solicitadas pela pasta, est\u00e1 a obrigatoriedade de avisar cada gasto em tempo real no site da Prefeitura.<\/p>\n\n\n\n<p>O MP recomendou ainda que a contrata\u00e7\u00e3o de artistas n\u00e3o consagrados se d\u00ea por meio de procedimento licitat\u00f3rio, ou seja, ganhando o cantor que cobrar mais parado pelo show, com contrata\u00e7\u00e3o direta via credenciamento. \u201cCaso o Munic\u00edpio opte por contratar artistas consagrados mediante procedimento de inexigibilidade de licita\u00e7\u00e3o, deve fazer por meio de procedimento formal, com a comprova\u00e7\u00e3o da consagra\u00e7\u00e3o, justificativa do pre\u00e7o, a publica\u00e7\u00e3o na imprensa oficial e o aval da autoridade administrativa superior\u201d, destacou a promotora de Justi\u00e7a Edna M\u00e1rcia Souza, autora da recomenda\u00e7\u00e3o.<\/p>\n\n\n\n<p>A administra\u00e7\u00e3o municipal foi recomendada ainda a n\u00e3o efetuar a contrata\u00e7\u00e3o de artistas ou bandas por meio de \u201cempres\u00e1rio exclusivo para per\u00edodo\u201d, \u201cintermediador\/atravessador\u201d ou qualquer outro profissional que atue de maneira temporalmente limitada como representante da atra\u00e7\u00e3o musical. Al\u00e9m disso, o MP pede que as despesas sejam compat\u00edveis com os limites previstos na legisla\u00e7\u00e3o or\u00e7ament\u00e1ria.<\/p>\n\n\n\n<p>Outra a\u00e7\u00e3o proposta pela promotora \u00e9 de que o Munic\u00edpio de Irec\u00ea passe a publicar em tempo real, no site da prefeitura, a lista de todos os editais de licita\u00e7\u00e3o divulgados, de procedimentos administrativos licitat\u00f3rios em tr\u00e2mite e os respectivos contratos firmados. Toda essa publiciza\u00e7\u00e3o deve ser feita independentemente do compartilhamento com o Tribunal de Contas dos Munic\u00edpios (TCM) do estado da Bahia.<\/p>\n","protected":false},"excerpt":{"rendered":"<p>Por Aratu On O Minist\u00e9rio P\u00fablico estadual (MP-BA) pediu ao Munic\u00edpio de Irec\u00ea que somente efetue gastos com festejos, tais como S\u00e3o Jo\u00e3o e anivers\u00e1rio da cidade, caso exista previs\u00e3o na Lei Or\u00e7ament\u00e1ria Anual (LOA) que os autorize. Entre as medidas solicitadas pela pasta, est\u00e1 a obrigatoriedade de avisar cada gasto em tempo real no [&hellip;]<\/p>\n","protected":false},"author":2,"featured_media":64750,"comment_status":"open","ping_status":"open","sticky":false,"template":"","format":"standard","meta":{"_acf_changed":false,"_monsterinsights_skip_tracking":false,"_monsterinsights_sitenote_active":false,"_monsterinsights_sitenote_note":"","_monsterinsights_sitenote_category":0,"_jetpack_memberships_contains_paid_content":false,"footnotes":"","jetpack_publicize_message":"","jetpack_publicize_feature_enabled":true,"jetpack_social_post_already_shared":true,"jetpack_social_options":{"image_generator_settings":{"template":"highway","default_image_id":0,"font":"","enabled":false},"version":2}},"categories":[8],"tags":[],"class_list":["post-64749","post","type-post","status-publish","format-standard","has-post-thumbnail","hentry","category-cultura"],"acf":[],"jetpack_publicize_connections":[],"jetpack_featured_media_url":"https:\/\/i0.wp.com\/blogdoeloiltoncajuhy.com.br\/site\/wp-content\/uploads\/2022\/05\/Sao-Joao-Irece-05052022-Carol-GarciaGOVBA.jpg?fit=1140%2C920&ssl=1","jetpack_sharing_enabled":true,"publishpress_future_workflow_manual_trigger":{"enabledWorkflows":[]},"_links":{"self":[{"href":"https:\/\/blogdoeloiltoncajuhy.com.br\/site\/wp-json\/wp\/v2\/posts\/64749","targetHints":{"allow":["GET"]}}],"collection":[{"href":"https:\/\/blogdoeloiltoncajuhy.com.br\/site\/wp-json\/wp\/v2\/posts"}],"about":[{"href":"https:\/\/blogdoeloiltoncajuhy.com.br\/site\/wp-json\/wp\/v2\/types\/post"}],"author":[{"embeddable":true,"href":"https:\/\/blogdoeloiltoncajuhy.com.br\/site\/wp-json\/wp\/v2\/users\/2"}],"replies":[{"embeddable":true,"href":"https:\/\/blogdoeloiltoncajuhy.com.br\/site\/wp-json\/wp\/v2\/comments?post=64749"}],"version-history":[{"count":2,"href":"https:\/\/blogdoeloiltoncajuhy.com.br\/site\/wp-json\/wp\/v2\/posts\/64749\/revisions"}],"predecessor-version":[{"id":64752,"href":"https:\/\/blogdoeloiltoncajuhy.com.br\/site\/wp-json\/wp\/v2\/posts\/64749\/revisions\/64752"}],"wp:featuredmedia":[{"embeddable":true,"href":"https:\/\/blogdoeloiltoncajuhy.com.br\/site\/wp-json\/wp\/v2\/media\/64750"}],"wp:attachment":[{"href":"https:\/\/blogdoeloiltoncajuhy.com.br\/site\/wp-json\/wp\/v2\/media?parent=64749"}],"wp:term":[{"taxonomy":"category","embeddable":true,"href":"https:\/\/blogdoeloiltoncajuhy.com.br\/site\/wp-json\/wp\/v2\/categories?post=64749"},{"taxonomy":"post_tag","embeddable":true,"href":"https:\/\/blogdoeloiltoncajuhy.com.br\/site\/wp-json\/wp\/v2\/tags?post=64749"}],"curies":[{"name":"wp","href":"https:\/\/api.w.org\/{rel}","templated":true}]}}