{"id":64742,"date":"2022-05-05T09:09:25","date_gmt":"2022-05-05T12:09:25","guid":{"rendered":"http:\/\/blogdoeloiltoncajuhy.com.br\/site\/?p=64742"},"modified":"2022-05-05T09:09:27","modified_gmt":"2022-05-05T12:09:27","slug":"camara-aprova-piso-salarial-da-enfermagem-mas-lei-ainda-depende-de-fonte-de-recursos-para-cobrir-os-gastos","status":"publish","type":"post","link":"https:\/\/blogdoeloiltoncajuhy.com.br\/site\/camara-aprova-piso-salarial-da-enfermagem-mas-lei-ainda-depende-de-fonte-de-recursos-para-cobrir-os-gastos\/","title":{"rendered":"C\u00e2mara aprova piso salarial da enfermagem, mas lei ainda depende de fonte de recursos para cobrir os gastos"},"content":{"rendered":"\n<p><strong>Da R\u00e1dio C\u00e2mara, de Bras\u00edlia, Antonio Vital<\/strong><\/p>\n\n\n\n<div class=\"wp-block-image\"><figure class=\"aligncenter size-full is-resized\"><a href=\"https:\/\/i0.wp.com\/blogdoeloiltoncajuhy.com.br\/site\/wp-content\/uploads\/2022\/05\/Piso-Salarial-Enfermagem-aprovado-01.jpg\"><img data-recalc-dims=\"1\" fetchpriority=\"high\" decoding=\"async\" src=\"https:\/\/i0.wp.com\/blogdoeloiltoncajuhy.com.br\/site\/wp-content\/uploads\/2022\/05\/Piso-Salarial-Enfermagem-aprovado-01.jpg?resize=776%2C517\" alt=\"\" class=\"wp-image-64743\" width=\"776\" height=\"517\" srcset=\"https:\/\/i0.wp.com\/blogdoeloiltoncajuhy.com.br\/site\/wp-content\/uploads\/2022\/05\/Piso-Salarial-Enfermagem-aprovado-01.jpg?w=680&amp;ssl=1 680w, https:\/\/i0.wp.com\/blogdoeloiltoncajuhy.com.br\/site\/wp-content\/uploads\/2022\/05\/Piso-Salarial-Enfermagem-aprovado-01.jpg?resize=300%2C200&amp;ssl=1 300w\" sizes=\"(max-width: 776px) 100vw, 776px\" \/><\/a><\/figure><\/div>\n\n\n\n<p>Com as galerias do Plen\u00e1rio lotadas pela primeira vez desde o in\u00edcio da pandemia, dois anos atr\u00e1s, deputados e deputadas aprovaram o projeto (PL 2564\/20) que estabelece o piso salarial de enfermeiros, t\u00e9cnicos de enfermagem e parteiras.<\/p>\n\n\n\n<p>A vota\u00e7\u00e3o foi acompanhada por profissionais de sa\u00fade de todo o pa\u00eds, que comemoraram a aprova\u00e7\u00e3o da proposta e a defini\u00e7\u00e3o do piso salarial nacional de R$ 4.750 reais para enfermeiros e enfermeiras nos servi\u00e7os de sa\u00fade p\u00fablicos e privados, o que inclui os hospitais filantr\u00f3picos e santas casas.<\/p>\n\n\n\n<p>J\u00e1 o piso dos t\u00e9cnicos de enfermagem ser\u00e1 de 70% deste valor, ou R$ 3.325 reais. E o dos auxiliares e parteiras ser\u00e1 a metade do valor dos enfermeiros, ou R$ 2.375 reais.<\/p>\n\n\n\n<p>Mas, apesar da aprova\u00e7\u00e3o, os profissionais de sa\u00fade que acompanharam a vota\u00e7\u00e3o sa\u00edram sem a previs\u00e3o de prazo para que o projeto seja sancionado e passe a valer. Isso porque a Lei de Responsabilidade Fiscal exige que haja previs\u00e3o de fonte de recursos or\u00e7ament\u00e1rios para o gasto extra dos estados, munic\u00edpios e governo federal, e isso ainda n\u00e3o foi definido.<\/p>\n\n\n\n<p>A relatora do projeto, deputada Carmen Zanotto (Cidadania-SC), estimou que s\u00f3 o impacto do piso para o governo federal ser\u00e1 de R$ 50 milh\u00f5es de reais por ano, sem contar os gastos dos estados, munic\u00edpios e dos hospitais privados. Ela deixou claro que a proposta s\u00f3 ser\u00e1 encaminhada para san\u00e7\u00e3o depois de encontrada a fonte de financiamento.<\/p>\n\n\n\n<p>\u201cA enfermagem n\u00e3o \u00e9 inimiga dos hospitais. Os diretores dos hospitais n\u00e3o s\u00e3o inimigos da enfermagem. Nenhum profissional de enfermagem quer fechar nenhum leito, quer fechar nenhum hospital. Nenhum deputado quer fechar nenhum hospital. Por isso, juntos, n\u00f3s vamos buscar os caminhos para garantir os respectivos recursos financeiros e, no momento adequado, ap\u00f3s a seguran\u00e7a total, encaminharmos para a san\u00e7\u00e3o presidencial\u201d.<\/p>\n\n\n\n<div class=\"wp-block-image\"><figure class=\"aligncenter size-full\"><a href=\"https:\/\/i0.wp.com\/blogdoeloiltoncajuhy.com.br\/site\/wp-content\/uploads\/2022\/05\/Piso-Salarial-Enfermagem-aprovado-02.jpg\"><img data-recalc-dims=\"1\" decoding=\"async\" width=\"800\" height=\"450\" src=\"https:\/\/i0.wp.com\/blogdoeloiltoncajuhy.com.br\/site\/wp-content\/uploads\/2022\/05\/Piso-Salarial-Enfermagem-aprovado-02.jpg?resize=800%2C450\" alt=\"\" class=\"wp-image-64744\" srcset=\"https:\/\/i0.wp.com\/blogdoeloiltoncajuhy.com.br\/site\/wp-content\/uploads\/2022\/05\/Piso-Salarial-Enfermagem-aprovado-02.jpg?w=1024&amp;ssl=1 1024w, https:\/\/i0.wp.com\/blogdoeloiltoncajuhy.com.br\/site\/wp-content\/uploads\/2022\/05\/Piso-Salarial-Enfermagem-aprovado-02.jpg?resize=300%2C169&amp;ssl=1 300w, https:\/\/i0.wp.com\/blogdoeloiltoncajuhy.com.br\/site\/wp-content\/uploads\/2022\/05\/Piso-Salarial-Enfermagem-aprovado-02.jpg?resize=768%2C432&amp;ssl=1 768w\" sizes=\"(max-width: 800px) 100vw, 800px\" \/><\/a><\/figure><\/div>\n\n\n\n<p>O l\u00edder do governo na C\u00e2mara, deputado Ricardo Barros (PP-PR), orientou a bancada aliada a votar contra a proposta, em fun\u00e7\u00e3o da falta de previs\u00e3o de fonte de recursos. Ele disse, por\u00e9m, que o governo est\u00e1 analisando eventuais fontes de recursos para viabilizar a san\u00e7\u00e3o presidencial.<\/p>\n\n\n\n<p>Ele citou v\u00e1rias possibilidades, entre elas o aumento da Compensa\u00e7\u00e3o Financeira pela Explora\u00e7\u00e3o Mineral, a CFEM, devida pelas empresas mineradoras aos estados e munic\u00edpios. Outras fontes analisadas, segundo ele, s\u00e3o os royalties do petr\u00f3leo, os dividendos pagos pelas empresas estatais aos seus acionistas e at\u00e9 mesmo os recursos arrecadados pela eventual aprova\u00e7\u00e3o da legaliza\u00e7\u00e3o dos jogos, que est\u00e1 no Senado.<\/p>\n\n\n\n<p>Ricardo Barros mencionou tamb\u00e9m projeto que d\u00e1 mais flexibilidade para os gastos de estados e munic\u00edpios, ao permitir que, em vez de gastar no m\u00ednimo 15% com educa\u00e7\u00e3o e 25% com sa\u00fade, as prefeituras possam gastar 40% com os dois setores.<\/p>\n\n\n\n<p>\u201cL\u00e1 no projeto dos jogos a sa\u00fade j\u00e1 conseguiu 4%, mas precisa chegar a 12% l\u00e1 no Senado para contribuir para o financiamento do aumento da enfermagem. Uma outra solu\u00e7\u00e3o seria n\u00f3s somarmos, como j\u00e1 tem uma proposta aqui, o limite da educa\u00e7\u00e3o com o limite da sa\u00fade. Isso daria aos prefeitos, aos governadores, uma flexibilidade para deslocar recursos para atender esta demanda leg\u00edtima dos enfermeiros\u201d.<\/p>\n\n\n\n<p>O piso salarial da enfermagem foi aprovado por ampla maioria, com 449 votos a favor e apenas 12 contr\u00e1rios. Entre os que votaram contra est\u00e1 o deputado Tiago Mitraud (Novo-MG). Segundo ele, o piso salarial, sem fonte de recursos, vai provocar o fechamento de hospitais e desemprego.<\/p>\n\n\n\n<p>\u201cCoragem \u00e9 de quem vai votar a favor deste projeto e arcar as consequ\u00eancias depois de ver as santas casas do Brasil fechando, de verem leitos de hospitais, j\u00e1 escassos no Brasil, fechando. E de verem os profissionais da enfermagem, que est\u00e3o aqui hoje lutando pelo piso, desempregados porque os hospitais, os estados, os munic\u00edpios, n\u00e3o conseguir\u00e3o pagar este piso\u201d.<\/p>\n\n\n\n<p>Mas a maioria dos deputados defendeu a defini\u00e7\u00e3o do piso. E a atua\u00e7\u00e3o da categoria durante a pandemia foi lembrada por todos, como disse o deputado C\u00e9lio Studart (PSD-CE), autor do pedido de urg\u00eancia para a vota\u00e7\u00e3o do projeto.<\/p>\n\n\n\n<p>\u201cEnquanto n\u00f3s est\u00e1vamos em nossas casas debatendo muitos e muitos direitos, eles estavam l\u00e1 colocando sua vida e a vida de suas fam\u00edlias em risco. Todo trabalhador tem direito a um piso salarial e a enfermagem n\u00e3o somente representa a maior categoria da sa\u00fade brasileira, como representa tudo o que este pa\u00eds aplaudiu nos \u00faltimos anos\u201d.<\/p>\n\n\n\n<p>Ainda n\u00e3o h\u00e1 prazo para que o projeto que define o piso salarial dos enfermeiros, t\u00e9cnicos de enfermagem e parteiras seja enviado \u00e0 san\u00e7\u00e3o presidencial.<\/p>\n","protected":false},"excerpt":{"rendered":"<p>Da R\u00e1dio C\u00e2mara, de Bras\u00edlia, Antonio Vital Com as galerias do Plen\u00e1rio lotadas pela primeira vez desde o in\u00edcio da pandemia, dois anos atr\u00e1s, deputados e deputadas aprovaram o projeto (PL 2564\/20) que estabelece o piso salarial de enfermeiros, t\u00e9cnicos de enfermagem e parteiras. A vota\u00e7\u00e3o foi acompanhada por profissionais de sa\u00fade de todo o [&hellip;]<\/p>\n","protected":false},"author":2,"featured_media":64744,"comment_status":"open","ping_status":"open","sticky":false,"template":"","format":"standard","meta":{"_acf_changed":false,"_monsterinsights_skip_tracking":false,"_monsterinsights_sitenote_active":false,"_monsterinsights_sitenote_note":"","_monsterinsights_sitenote_category":0,"_jetpack_memberships_contains_paid_content":false,"footnotes":"","jetpack_publicize_message":"","jetpack_publicize_feature_enabled":true,"jetpack_social_post_already_shared":true,"jetpack_social_options":{"image_generator_settings":{"template":"highway","default_image_id":0,"font":"","enabled":false},"version":2}},"categories":[3],"tags":[],"class_list":["post-64742","post","type-post","status-publish","format-standard","has-post-thumbnail","hentry","category-politica"],"acf":[],"jetpack_publicize_connections":[],"jetpack_featured_media_url":"https:\/\/i0.wp.com\/blogdoeloiltoncajuhy.com.br\/site\/wp-content\/uploads\/2022\/05\/Piso-Salarial-Enfermagem-aprovado-02.jpg?fit=1024%2C576&ssl=1","jetpack_sharing_enabled":true,"publishpress_future_workflow_manual_trigger":{"enabledWorkflows":[]},"_links":{"self":[{"href":"https:\/\/blogdoeloiltoncajuhy.com.br\/site\/wp-json\/wp\/v2\/posts\/64742","targetHints":{"allow":["GET"]}}],"collection":[{"href":"https:\/\/blogdoeloiltoncajuhy.com.br\/site\/wp-json\/wp\/v2\/posts"}],"about":[{"href":"https:\/\/blogdoeloiltoncajuhy.com.br\/site\/wp-json\/wp\/v2\/types\/post"}],"author":[{"embeddable":true,"href":"https:\/\/blogdoeloiltoncajuhy.com.br\/site\/wp-json\/wp\/v2\/users\/2"}],"replies":[{"embeddable":true,"href":"https:\/\/blogdoeloiltoncajuhy.com.br\/site\/wp-json\/wp\/v2\/comments?post=64742"}],"version-history":[{"count":1,"href":"https:\/\/blogdoeloiltoncajuhy.com.br\/site\/wp-json\/wp\/v2\/posts\/64742\/revisions"}],"predecessor-version":[{"id":64745,"href":"https:\/\/blogdoeloiltoncajuhy.com.br\/site\/wp-json\/wp\/v2\/posts\/64742\/revisions\/64745"}],"wp:featuredmedia":[{"embeddable":true,"href":"https:\/\/blogdoeloiltoncajuhy.com.br\/site\/wp-json\/wp\/v2\/media\/64744"}],"wp:attachment":[{"href":"https:\/\/blogdoeloiltoncajuhy.com.br\/site\/wp-json\/wp\/v2\/media?parent=64742"}],"wp:term":[{"taxonomy":"category","embeddable":true,"href":"https:\/\/blogdoeloiltoncajuhy.com.br\/site\/wp-json\/wp\/v2\/categories?post=64742"},{"taxonomy":"post_tag","embeddable":true,"href":"https:\/\/blogdoeloiltoncajuhy.com.br\/site\/wp-json\/wp\/v2\/tags?post=64742"}],"curies":[{"name":"wp","href":"https:\/\/api.w.org\/{rel}","templated":true}]}}