{"id":64734,"date":"2022-05-05T08:26:10","date_gmt":"2022-05-05T11:26:10","guid":{"rendered":"http:\/\/blogdoeloiltoncajuhy.com.br\/site\/?p=64734"},"modified":"2022-05-05T08:26:11","modified_gmt":"2022-05-05T11:26:11","slug":"agentes-de-endemias-de-senhor-do-bonfim-participam-de-mobilizacao-em-brasilia-e-garantem-aprovacao-da-pec-09-2022","status":"publish","type":"post","link":"https:\/\/blogdoeloiltoncajuhy.com.br\/site\/agentes-de-endemias-de-senhor-do-bonfim-participam-de-mobilizacao-em-brasilia-e-garantem-aprovacao-da-pec-09-2022\/","title":{"rendered":"Agentes de Endemias de Senhor do Bonfim participam de mobiliza\u00e7\u00e3o em Bras\u00edlia e garantem aprova\u00e7\u00e3o da PEC 09\/2022"},"content":{"rendered":"\n<p><strong>Por Marlon Reis<\/strong><\/p>\n\n\n\n<div class=\"wp-block-image\"><figure class=\"aligncenter size-large\"><a href=\"https:\/\/i0.wp.com\/blogdoeloiltoncajuhy.com.br\/site\/wp-content\/uploads\/2022\/05\/DF_PEC-dos-agentes-aprovada-05052022-01.jpg\"><img data-recalc-dims=\"1\" fetchpriority=\"high\" decoding=\"async\" width=\"800\" height=\"533\" src=\"https:\/\/i0.wp.com\/blogdoeloiltoncajuhy.com.br\/site\/wp-content\/uploads\/2022\/05\/DF_PEC-dos-agentes-aprovada-05052022-01.jpg?resize=800%2C533\" alt=\"\" class=\"wp-image-64735\" srcset=\"https:\/\/i0.wp.com\/blogdoeloiltoncajuhy.com.br\/site\/wp-content\/uploads\/2022\/05\/DF_PEC-dos-agentes-aprovada-05052022-01.jpg?resize=1024%2C682&amp;ssl=1 1024w, https:\/\/i0.wp.com\/blogdoeloiltoncajuhy.com.br\/site\/wp-content\/uploads\/2022\/05\/DF_PEC-dos-agentes-aprovada-05052022-01.jpg?resize=300%2C200&amp;ssl=1 300w, https:\/\/i0.wp.com\/blogdoeloiltoncajuhy.com.br\/site\/wp-content\/uploads\/2022\/05\/DF_PEC-dos-agentes-aprovada-05052022-01.jpg?resize=768%2C511&amp;ssl=1 768w, https:\/\/i0.wp.com\/blogdoeloiltoncajuhy.com.br\/site\/wp-content\/uploads\/2022\/05\/DF_PEC-dos-agentes-aprovada-05052022-01.jpg?w=1080&amp;ssl=1 1080w\" sizes=\"(max-width: 800px) 100vw, 800px\" \/><\/a><\/figure><\/div>\n\n\n\n<p>Eleneuza Fernandes e Adalberto Ribeiro, estiveram representando a Associa\u00e7\u00e3o dos Agentes de Combate \u00e0s Endemias de Senhor do Bonfim na sess\u00e3o que garantiu a aprova\u00e7\u00e3o da PEC do piso salarial dos Agentes Comunit\u00e1rios de Sa\u00fade e dos Agentes de Combate \u00e0s Endemias.<\/p>\n\n\n\n<p>A sess\u00e3o semipresencial aconteceu no Plen\u00e1rio do Senado, nesta quarta-feira (4). A proposta de emenda \u00e0 Constitui\u00e7\u00e3o (PEC) 9\/2022, que trata da pol\u00edtica remunerat\u00f3ria e da valoriza\u00e7\u00e3o dos profissionais que exercem atividades de agente comunit\u00e1rio de sa\u00fade e de agente de combate \u00e0s endemias foi aprovada por unanimidade.<\/p>\n\n\n\n<p>Por acordo entre as lideran\u00e7as, os dois turnos de vota\u00e7\u00e3o foram cumpridos na mesma sess\u00e3o. A PEC conseguiu vota\u00e7\u00e3o un\u00e2nime, com 71 votos no primeiro turno e 74 no segundo. Para ser aprovada no Senado, uma PEC precisa de no m\u00ednimo 49 votos. Agora, o texto segue para promulga\u00e7\u00e3o, em sess\u00e3o especial do Congresso Nacional que ainda ser\u00e1 marcada.<\/p>\n\n\n\n<div class=\"wp-block-image\"><figure class=\"aligncenter size-large\"><a href=\"https:\/\/i0.wp.com\/blogdoeloiltoncajuhy.com.br\/site\/wp-content\/uploads\/2022\/05\/DF_PEC-dos-agentes-aprovada-05052022-02.jpg\"><img data-recalc-dims=\"1\" decoding=\"async\" width=\"800\" height=\"533\" src=\"https:\/\/i0.wp.com\/blogdoeloiltoncajuhy.com.br\/site\/wp-content\/uploads\/2022\/05\/DF_PEC-dos-agentes-aprovada-05052022-02.jpg?resize=800%2C533\" alt=\"\" class=\"wp-image-64736\" srcset=\"https:\/\/i0.wp.com\/blogdoeloiltoncajuhy.com.br\/site\/wp-content\/uploads\/2022\/05\/DF_PEC-dos-agentes-aprovada-05052022-02.jpg?resize=1024%2C682&amp;ssl=1 1024w, https:\/\/i0.wp.com\/blogdoeloiltoncajuhy.com.br\/site\/wp-content\/uploads\/2022\/05\/DF_PEC-dos-agentes-aprovada-05052022-02.jpg?resize=300%2C200&amp;ssl=1 300w, https:\/\/i0.wp.com\/blogdoeloiltoncajuhy.com.br\/site\/wp-content\/uploads\/2022\/05\/DF_PEC-dos-agentes-aprovada-05052022-02.jpg?resize=768%2C512&amp;ssl=1 768w, https:\/\/i0.wp.com\/blogdoeloiltoncajuhy.com.br\/site\/wp-content\/uploads\/2022\/05\/DF_PEC-dos-agentes-aprovada-05052022-02.jpg?w=1081&amp;ssl=1 1081w\" sizes=\"(max-width: 800px) 100vw, 800px\" \/><\/a><\/figure><\/div>\n\n\n\n<p>O texto da PEC prev\u00ea um piso salarial nacional de dois sal\u00e1rios m\u00ednimos (equivalente hoje a R$ 2.424) para a categoria e tamb\u00e9m prev\u00ea adicional de insalubridade e aposentadoria especial, devido aos riscos inerentes \u00e0s fun\u00e7\u00f5es desempenhadas. A PEC ainda determina que estados, Distrito Federal e munic\u00edpios dever\u00e3o estabelecer outras vantagens, incentivos, aux\u00edlios, gratifica\u00e7\u00f5es e indeniza\u00e7\u00f5es, a fim de valorizar o trabalho desses profissionais.<\/p>\n\n\n\n<p>A PEC estabelece que os vencimentos dos agentes sejam pagos pela Uni\u00e3o e que os valores para esse pagamento sejam consignados no Or\u00e7amento com dota\u00e7\u00e3o pr\u00f3pria e espec\u00edfica. Conforme a proposta, os recursos financeiros repassados pela Uni\u00e3o aos estados, Distrito Federal e munic\u00edpios para pagamento do vencimento ou de qualquer outra vantagem dos agentes comunit\u00e1rios de sa\u00fade e dos agentes de combate \u00e0s endemias n\u00e3o ser\u00e3o objeto de inclus\u00e3o no c\u00e1lculo para fins do limite de despesa com pessoal.<\/p>\n","protected":false},"excerpt":{"rendered":"<p>Por Marlon Reis Eleneuza Fernandes e Adalberto Ribeiro, estiveram representando a Associa\u00e7\u00e3o dos Agentes de Combate \u00e0s Endemias de Senhor do Bonfim na sess\u00e3o que garantiu a aprova\u00e7\u00e3o da PEC do piso salarial dos Agentes Comunit\u00e1rios de Sa\u00fade e dos Agentes de Combate \u00e0s Endemias. A sess\u00e3o semipresencial aconteceu no Plen\u00e1rio do Senado, nesta quarta-feira [&hellip;]<\/p>\n","protected":false},"author":2,"featured_media":64736,"comment_status":"open","ping_status":"open","sticky":false,"template":"","format":"standard","meta":{"_acf_changed":false,"_monsterinsights_skip_tracking":false,"_monsterinsights_sitenote_active":false,"_monsterinsights_sitenote_note":"","_monsterinsights_sitenote_category":0,"_jetpack_memberships_contains_paid_content":false,"footnotes":"","jetpack_publicize_message":"","jetpack_publicize_feature_enabled":true,"jetpack_social_post_already_shared":true,"jetpack_social_options":{"image_generator_settings":{"template":"highway","default_image_id":0,"font":"","enabled":false},"version":2}},"categories":[3],"tags":[],"class_list":["post-64734","post","type-post","status-publish","format-standard","has-post-thumbnail","hentry","category-politica"],"acf":[],"jetpack_publicize_connections":[],"jetpack_featured_media_url":"https:\/\/i0.wp.com\/blogdoeloiltoncajuhy.com.br\/site\/wp-content\/uploads\/2022\/05\/DF_PEC-dos-agentes-aprovada-05052022-02.jpg?fit=1081%2C720&ssl=1","jetpack_sharing_enabled":true,"publishpress_future_workflow_manual_trigger":{"enabledWorkflows":[]},"_links":{"self":[{"href":"https:\/\/blogdoeloiltoncajuhy.com.br\/site\/wp-json\/wp\/v2\/posts\/64734","targetHints":{"allow":["GET"]}}],"collection":[{"href":"https:\/\/blogdoeloiltoncajuhy.com.br\/site\/wp-json\/wp\/v2\/posts"}],"about":[{"href":"https:\/\/blogdoeloiltoncajuhy.com.br\/site\/wp-json\/wp\/v2\/types\/post"}],"author":[{"embeddable":true,"href":"https:\/\/blogdoeloiltoncajuhy.com.br\/site\/wp-json\/wp\/v2\/users\/2"}],"replies":[{"embeddable":true,"href":"https:\/\/blogdoeloiltoncajuhy.com.br\/site\/wp-json\/wp\/v2\/comments?post=64734"}],"version-history":[{"count":1,"href":"https:\/\/blogdoeloiltoncajuhy.com.br\/site\/wp-json\/wp\/v2\/posts\/64734\/revisions"}],"predecessor-version":[{"id":64737,"href":"https:\/\/blogdoeloiltoncajuhy.com.br\/site\/wp-json\/wp\/v2\/posts\/64734\/revisions\/64737"}],"wp:featuredmedia":[{"embeddable":true,"href":"https:\/\/blogdoeloiltoncajuhy.com.br\/site\/wp-json\/wp\/v2\/media\/64736"}],"wp:attachment":[{"href":"https:\/\/blogdoeloiltoncajuhy.com.br\/site\/wp-json\/wp\/v2\/media?parent=64734"}],"wp:term":[{"taxonomy":"category","embeddable":true,"href":"https:\/\/blogdoeloiltoncajuhy.com.br\/site\/wp-json\/wp\/v2\/categories?post=64734"},{"taxonomy":"post_tag","embeddable":true,"href":"https:\/\/blogdoeloiltoncajuhy.com.br\/site\/wp-json\/wp\/v2\/tags?post=64734"}],"curies":[{"name":"wp","href":"https:\/\/api.w.org\/{rel}","templated":true}]}}