{"id":64727,"date":"2022-05-04T21:46:41","date_gmt":"2022-05-05T00:46:41","guid":{"rendered":"http:\/\/blogdoeloiltoncajuhy.com.br\/site\/?p=64727"},"modified":"2022-05-04T21:46:43","modified_gmt":"2022-05-05T00:46:43","slug":"governo-da-ba-anuncia-nova-convocacao-e-oferece-mais-de-mil-vagas-do-programa-partiu-estagio","status":"publish","type":"post","link":"https:\/\/blogdoeloiltoncajuhy.com.br\/site\/governo-da-ba-anuncia-nova-convocacao-e-oferece-mais-de-mil-vagas-do-programa-partiu-estagio\/","title":{"rendered":"Governo da BA anuncia nova convoca\u00e7\u00e3o e oferece mais de mil vagas do programa Partiu Est\u00e1gio"},"content":{"rendered":"\n<p class=\"has-text-align-center\"><em>Interessados devem acessar o site da Secretaria da Administra\u00e7\u00e3o (Saeb) para verificar procedimentos.<\/em><\/p>\n\n\n\n<p><strong>Por g1 BA<\/strong><\/p>\n\n\n\n<div class=\"wp-block-image\"><figure class=\"aligncenter size-full\"><a href=\"https:\/\/i0.wp.com\/blogdoeloiltoncajuhy.com.br\/site\/wp-content\/uploads\/2021\/10\/partiu-estagio-camilasouzagovba.jpg\"><img data-recalc-dims=\"1\" fetchpriority=\"high\" decoding=\"async\" width=\"800\" height=\"533\" src=\"https:\/\/i0.wp.com\/blogdoeloiltoncajuhy.com.br\/site\/wp-content\/uploads\/2021\/10\/partiu-estagio-camilasouzagovba.jpg?resize=800%2C533\" alt=\"\" class=\"wp-image-60158\" srcset=\"https:\/\/i0.wp.com\/blogdoeloiltoncajuhy.com.br\/site\/wp-content\/uploads\/2021\/10\/partiu-estagio-camilasouzagovba.jpg?w=984&amp;ssl=1 984w, https:\/\/i0.wp.com\/blogdoeloiltoncajuhy.com.br\/site\/wp-content\/uploads\/2021\/10\/partiu-estagio-camilasouzagovba.jpg?resize=300%2C200&amp;ssl=1 300w, https:\/\/i0.wp.com\/blogdoeloiltoncajuhy.com.br\/site\/wp-content\/uploads\/2021\/10\/partiu-estagio-camilasouzagovba.jpg?resize=768%2C512&amp;ssl=1 768w\" sizes=\"(max-width: 800px) 100vw, 800px\" \/><\/a><figcaption><sub>Foto: GOVBA<\/sub><\/figcaption><\/figure><\/div>\n\n\n\n<p>O governador Rui Costa anunciou, nesta quarta-feira (4), uma nova convoca\u00e7\u00e3o do Programa Partiu Est\u00e1gio. Atrav\u00e9s das redes sociais, ele informou que ser\u00e3o chamados 1.312 estudantes universit\u00e1rios, de 96 cursos diferentes, para atua\u00e7\u00e3o em \u00f3rg\u00e3os e entidades da administra\u00e7\u00e3o estadual.<\/p>\n\n\n\n<p>Esta \u00e9 a segunda convoca\u00e7\u00e3o do edital, que j\u00e1 abriu mais de tr\u00eas mil vagas em mar\u00e7o deste ano. A lista de selecionados pode ser consultada\u00a0<a rel=\"noreferrer noopener\" href=\"http:\/\/www.saeb.ba.gov.br\/\" target=\"_blank\">no site institucional da Secretaria da Administra\u00e7\u00e3o (Saeb)\u00a0<\/a>e a documenta\u00e7\u00e3o exigida dever\u00e1 ser entregue no \u00f3rg\u00e3o p\u00fablico indicado at\u00e9 o dia 12 de maio. Quem n\u00e3o se apresentar neste per\u00edodo poder\u00e1 perder a oportunidade.<\/p>\n\n\n\n<p>Os alunos escolhidos ser\u00e3o comunicados por e-mail, SMS ou telefonema sobre lista de documentos, local, data, endere\u00e7o e telefone do local do est\u00e1gio. Em caso de d\u00favidas, interessados podem entrar em contato com a coordena\u00e7\u00e3o do programa pelo e-mail partiuestagio@saeb.ba.gov.br ou pelo telefone (71) 3115-1714.<\/p>\n\n\n\n<p>Do total de selecionados, 842 v\u00e3o atuar em Salvador e outros 470 est\u00e3o distribu\u00eddos por cidades do interior. A convoca\u00e7\u00e3o contempla 62 munic\u00edpios baianos e abrange 55 \u00f3rg\u00e3os p\u00fablicos estaduais \u2013 com destaque \u00e0s secretarias de Educa\u00e7\u00e3o, da Sa\u00fade e da Justi\u00e7a<\/p>\n\n\n\n<p>O est\u00e1gio possui carga hor\u00e1ria de 20 horas semanais, sendo quatro horas di\u00e1rias, com bolsa aux\u00edlio de R$ 455, al\u00e9m de aux\u00edlio transporte, 30 dias de recesso remunerado. O contrato ser\u00e1 feito pelo per\u00edodo de um ano, possibilidade de prorroga\u00e7\u00e3o &#8211; exceto pessoas com defici\u00eancia, que poder\u00e3o estagiar at\u00e9 o fim do seu curso.<\/p>\n\n\n\n<p>O programa \u00e9 uma iniciativa do governo baiano para garantir oportunidades de est\u00e1gio a estudantes universit\u00e1rios de institui\u00e7\u00f5es com sede na Bahia. Lan\u00e7ado em 2017, o Partiu Est\u00e1gio j\u00e1 contratou mais de 15 mil universit\u00e1rios, desde ent\u00e3o.<\/p>\n","protected":false},"excerpt":{"rendered":"<p>Interessados devem acessar o site da Secretaria da Administra\u00e7\u00e3o (Saeb) para verificar procedimentos. Por g1 BA O governador Rui Costa anunciou, nesta quarta-feira (4), uma nova convoca\u00e7\u00e3o do Programa Partiu Est\u00e1gio. Atrav\u00e9s das redes sociais, ele informou que ser\u00e3o chamados 1.312 estudantes universit\u00e1rios, de 96 cursos diferentes, para atua\u00e7\u00e3o em \u00f3rg\u00e3os e entidades da administra\u00e7\u00e3o [&hellip;]<\/p>\n","protected":false},"author":2,"featured_media":63289,"comment_status":"open","ping_status":"open","sticky":false,"template":"","format":"standard","meta":{"_acf_changed":false,"_monsterinsights_skip_tracking":false,"_monsterinsights_sitenote_active":false,"_monsterinsights_sitenote_note":"","_monsterinsights_sitenote_category":0,"_jetpack_memberships_contains_paid_content":false,"footnotes":"","jetpack_publicize_message":"","jetpack_publicize_feature_enabled":true,"jetpack_social_post_already_shared":true,"jetpack_social_options":{"image_generator_settings":{"template":"highway","default_image_id":0,"font":"","enabled":false},"version":2}},"categories":[14],"tags":[],"class_list":["post-64727","post","type-post","status-publish","format-standard","has-post-thumbnail","hentry","category-educacao"],"acf":[],"jetpack_publicize_connections":[],"jetpack_featured_media_url":"https:\/\/i0.wp.com\/blogdoeloiltoncajuhy.com.br\/site\/wp-content\/uploads\/2022\/03\/GOVBA_Partiu-Estagio-Carol-Garcia.jpg?fit=696%2C464&ssl=1","jetpack_sharing_enabled":true,"publishpress_future_workflow_manual_trigger":{"enabledWorkflows":[]},"_links":{"self":[{"href":"https:\/\/blogdoeloiltoncajuhy.com.br\/site\/wp-json\/wp\/v2\/posts\/64727","targetHints":{"allow":["GET"]}}],"collection":[{"href":"https:\/\/blogdoeloiltoncajuhy.com.br\/site\/wp-json\/wp\/v2\/posts"}],"about":[{"href":"https:\/\/blogdoeloiltoncajuhy.com.br\/site\/wp-json\/wp\/v2\/types\/post"}],"author":[{"embeddable":true,"href":"https:\/\/blogdoeloiltoncajuhy.com.br\/site\/wp-json\/wp\/v2\/users\/2"}],"replies":[{"embeddable":true,"href":"https:\/\/blogdoeloiltoncajuhy.com.br\/site\/wp-json\/wp\/v2\/comments?post=64727"}],"version-history":[{"count":1,"href":"https:\/\/blogdoeloiltoncajuhy.com.br\/site\/wp-json\/wp\/v2\/posts\/64727\/revisions"}],"predecessor-version":[{"id":64728,"href":"https:\/\/blogdoeloiltoncajuhy.com.br\/site\/wp-json\/wp\/v2\/posts\/64727\/revisions\/64728"}],"wp:featuredmedia":[{"embeddable":true,"href":"https:\/\/blogdoeloiltoncajuhy.com.br\/site\/wp-json\/wp\/v2\/media\/63289"}],"wp:attachment":[{"href":"https:\/\/blogdoeloiltoncajuhy.com.br\/site\/wp-json\/wp\/v2\/media?parent=64727"}],"wp:term":[{"taxonomy":"category","embeddable":true,"href":"https:\/\/blogdoeloiltoncajuhy.com.br\/site\/wp-json\/wp\/v2\/categories?post=64727"},{"taxonomy":"post_tag","embeddable":true,"href":"https:\/\/blogdoeloiltoncajuhy.com.br\/site\/wp-json\/wp\/v2\/tags?post=64727"}],"curies":[{"name":"wp","href":"https:\/\/api.w.org\/{rel}","templated":true}]}}