{"id":64722,"date":"2022-05-04T11:23:58","date_gmt":"2022-05-04T14:23:58","guid":{"rendered":"http:\/\/blogdoeloiltoncajuhy.com.br\/site\/?p=64722"},"modified":"2022-05-04T11:23:59","modified_gmt":"2022-05-04T14:23:59","slug":"missa-em-acao-de-gracas-celebra-o-inicio-da-safra-2022-2023-da-agrovale","status":"publish","type":"post","link":"https:\/\/blogdoeloiltoncajuhy.com.br\/site\/missa-em-acao-de-gracas-celebra-o-inicio-da-safra-2022-2023-da-agrovale\/","title":{"rendered":"Missa em a\u00e7\u00e3o de gra\u00e7as celebra o in\u00edcio da safra 2022\/2023 da Agrovale"},"content":{"rendered":"\n<p>Por Clas Comunica\u00e7\u00e3o e Marketing<\/p>\n\n\n\n<div class=\"wp-block-image\"><figure class=\"aligncenter size-large\"><a href=\"https:\/\/i0.wp.com\/blogdoeloiltoncajuhy.com.br\/site\/wp-content\/uploads\/2022\/05\/IMG-20220504-WA0039.jpg\"><img data-recalc-dims=\"1\" fetchpriority=\"high\" decoding=\"async\" width=\"800\" height=\"533\" src=\"https:\/\/i0.wp.com\/blogdoeloiltoncajuhy.com.br\/site\/wp-content\/uploads\/2022\/05\/IMG-20220504-WA0039.jpg?resize=800%2C533\" alt=\"\" class=\"wp-image-64723\" srcset=\"https:\/\/i0.wp.com\/blogdoeloiltoncajuhy.com.br\/site\/wp-content\/uploads\/2022\/05\/IMG-20220504-WA0039.jpg?resize=1024%2C682&amp;ssl=1 1024w, https:\/\/i0.wp.com\/blogdoeloiltoncajuhy.com.br\/site\/wp-content\/uploads\/2022\/05\/IMG-20220504-WA0039.jpg?resize=300%2C200&amp;ssl=1 300w, https:\/\/i0.wp.com\/blogdoeloiltoncajuhy.com.br\/site\/wp-content\/uploads\/2022\/05\/IMG-20220504-WA0039.jpg?resize=768%2C512&amp;ssl=1 768w, https:\/\/i0.wp.com\/blogdoeloiltoncajuhy.com.br\/site\/wp-content\/uploads\/2022\/05\/IMG-20220504-WA0039.jpg?w=1280&amp;ssl=1 1280w\" sizes=\"(max-width: 800px) 100vw, 800px\" \/><\/a><\/figure><\/div>\n\n\n\n<p>Uma missa em a\u00e7\u00e3o de gra\u00e7as, celebrada pelo padre Hor\u00e1cio Miguel Sampaio e acompanhada pelos c\u00e2nticos do Coral Mensageiros da Paz, marcou nesta ter\u00e7a-feira (3), em Juazeiro-BA, o in\u00edcio da safra 2022\/23 da Agrovale, maior empresa produtora de a\u00e7\u00facar, etanol e bioeletricidade da Bahia.<\/p>\n\n\n\n<div class=\"wp-block-image\"><figure class=\"aligncenter size-large\"><a href=\"https:\/\/i0.wp.com\/blogdoeloiltoncajuhy.com.br\/site\/wp-content\/uploads\/2022\/05\/IMG-20220504-WA0036.jpg\"><img data-recalc-dims=\"1\" decoding=\"async\" width=\"800\" height=\"602\" src=\"https:\/\/i0.wp.com\/blogdoeloiltoncajuhy.com.br\/site\/wp-content\/uploads\/2022\/05\/IMG-20220504-WA0036.jpg?resize=800%2C602\" alt=\"\" class=\"wp-image-64724\" srcset=\"https:\/\/i0.wp.com\/blogdoeloiltoncajuhy.com.br\/site\/wp-content\/uploads\/2022\/05\/IMG-20220504-WA0036.jpg?resize=1024%2C770&amp;ssl=1 1024w, https:\/\/i0.wp.com\/blogdoeloiltoncajuhy.com.br\/site\/wp-content\/uploads\/2022\/05\/IMG-20220504-WA0036.jpg?resize=300%2C226&amp;ssl=1 300w, https:\/\/i0.wp.com\/blogdoeloiltoncajuhy.com.br\/site\/wp-content\/uploads\/2022\/05\/IMG-20220504-WA0036.jpg?resize=768%2C578&amp;ssl=1 768w, https:\/\/i0.wp.com\/blogdoeloiltoncajuhy.com.br\/site\/wp-content\/uploads\/2022\/05\/IMG-20220504-WA0036.jpg?w=1280&amp;ssl=1 1280w\" sizes=\"(max-width: 800px) 100vw, 800px\" \/><\/a><\/figure><\/div>\n\n\n\n<p>Durante o ato religioso, o vice-presidente, Denisson Flores; o diretor Agr\u00edcola, Cid Porto Filho; o diretor Industrial, Gustavo Cola\u00e7o Neto e colaboradores de todos os departamentos da empresa, agradeceram \u00e0 Deus pelas gra\u00e7as alcan\u00e7adas nestes 50 anos de exist\u00eancia e pediram b\u00ean\u00e7\u00e3os para o in\u00edcio da 43\u00aa moagem.<\/p>\n\n\n\n<p>No momento do ofert\u00f3rio, um grupo de funcion\u00e1rios levou at\u00e9 o altar os instrumentos usados no campo, a exemplo do capacete de seguran\u00e7a e o fac\u00e3o canavieiro, al\u00e9m dos resultados do trabalho, simbolizados atrav\u00e9s da cana-de-a\u00e7\u00facar e seus derivados.<\/p>\n\n\n\n<div class=\"wp-block-image\"><figure class=\"aligncenter size-large\"><a href=\"https:\/\/i0.wp.com\/blogdoeloiltoncajuhy.com.br\/site\/wp-content\/uploads\/2022\/05\/IMG-20220504-WA0037.jpg\"><img data-recalc-dims=\"1\" decoding=\"async\" width=\"800\" height=\"533\" src=\"https:\/\/i0.wp.com\/blogdoeloiltoncajuhy.com.br\/site\/wp-content\/uploads\/2022\/05\/IMG-20220504-WA0037.jpg?resize=800%2C533\" alt=\"\" class=\"wp-image-64725\" srcset=\"https:\/\/i0.wp.com\/blogdoeloiltoncajuhy.com.br\/site\/wp-content\/uploads\/2022\/05\/IMG-20220504-WA0037.jpg?resize=1024%2C682&amp;ssl=1 1024w, https:\/\/i0.wp.com\/blogdoeloiltoncajuhy.com.br\/site\/wp-content\/uploads\/2022\/05\/IMG-20220504-WA0037.jpg?resize=300%2C200&amp;ssl=1 300w, https:\/\/i0.wp.com\/blogdoeloiltoncajuhy.com.br\/site\/wp-content\/uploads\/2022\/05\/IMG-20220504-WA0037.jpg?resize=768%2C512&amp;ssl=1 768w, https:\/\/i0.wp.com\/blogdoeloiltoncajuhy.com.br\/site\/wp-content\/uploads\/2022\/05\/IMG-20220504-WA0037.jpg?w=1280&amp;ssl=1 1280w\" sizes=\"(max-width: 800px) 100vw, 800px\" \/><\/a><\/figure><\/div>\n\n\n\n<p>De acordo com a diretoria da empresa, a expectativa para a safra 2022\/23 \u00e9 de produzir 2.650.000 sacas de 50 quilos de a\u00e7\u00facar, 65 milh\u00f5es de litros de etanol e gerar 50.000 MWh de energia a partir do baga\u00e7o da cana.<\/p>\n","protected":false},"excerpt":{"rendered":"<p>Por Clas Comunica\u00e7\u00e3o e Marketing Uma missa em a\u00e7\u00e3o de gra\u00e7as, celebrada pelo padre Hor\u00e1cio Miguel Sampaio e acompanhada pelos c\u00e2nticos do Coral Mensageiros da Paz, marcou nesta ter\u00e7a-feira (3), em Juazeiro-BA, o in\u00edcio da safra 2022\/23 da Agrovale, maior empresa produtora de a\u00e7\u00facar, etanol e bioeletricidade da Bahia. Durante o ato religioso, o vice-presidente, [&hellip;]<\/p>\n","protected":false},"author":2,"featured_media":64723,"comment_status":"open","ping_status":"open","sticky":false,"template":"","format":"standard","meta":{"_acf_changed":false,"_monsterinsights_skip_tracking":false,"_monsterinsights_sitenote_active":false,"_monsterinsights_sitenote_note":"","_monsterinsights_sitenote_category":0,"_jetpack_memberships_contains_paid_content":false,"footnotes":"","jetpack_publicize_message":"","jetpack_publicize_feature_enabled":true,"jetpack_social_post_already_shared":true,"jetpack_social_options":{"image_generator_settings":{"template":"highway","default_image_id":0,"font":"","enabled":false},"version":2}},"categories":[11],"tags":[],"class_list":["post-64722","post","type-post","status-publish","format-standard","has-post-thumbnail","hentry","category-regional"],"acf":[],"jetpack_publicize_connections":[],"jetpack_featured_media_url":"https:\/\/i0.wp.com\/blogdoeloiltoncajuhy.com.br\/site\/wp-content\/uploads\/2022\/05\/IMG-20220504-WA0039.jpg?fit=1280%2C853&ssl=1","jetpack_sharing_enabled":true,"publishpress_future_workflow_manual_trigger":{"enabledWorkflows":[]},"_links":{"self":[{"href":"https:\/\/blogdoeloiltoncajuhy.com.br\/site\/wp-json\/wp\/v2\/posts\/64722","targetHints":{"allow":["GET"]}}],"collection":[{"href":"https:\/\/blogdoeloiltoncajuhy.com.br\/site\/wp-json\/wp\/v2\/posts"}],"about":[{"href":"https:\/\/blogdoeloiltoncajuhy.com.br\/site\/wp-json\/wp\/v2\/types\/post"}],"author":[{"embeddable":true,"href":"https:\/\/blogdoeloiltoncajuhy.com.br\/site\/wp-json\/wp\/v2\/users\/2"}],"replies":[{"embeddable":true,"href":"https:\/\/blogdoeloiltoncajuhy.com.br\/site\/wp-json\/wp\/v2\/comments?post=64722"}],"version-history":[{"count":1,"href":"https:\/\/blogdoeloiltoncajuhy.com.br\/site\/wp-json\/wp\/v2\/posts\/64722\/revisions"}],"predecessor-version":[{"id":64726,"href":"https:\/\/blogdoeloiltoncajuhy.com.br\/site\/wp-json\/wp\/v2\/posts\/64722\/revisions\/64726"}],"wp:featuredmedia":[{"embeddable":true,"href":"https:\/\/blogdoeloiltoncajuhy.com.br\/site\/wp-json\/wp\/v2\/media\/64723"}],"wp:attachment":[{"href":"https:\/\/blogdoeloiltoncajuhy.com.br\/site\/wp-json\/wp\/v2\/media?parent=64722"}],"wp:term":[{"taxonomy":"category","embeddable":true,"href":"https:\/\/blogdoeloiltoncajuhy.com.br\/site\/wp-json\/wp\/v2\/categories?post=64722"},{"taxonomy":"post_tag","embeddable":true,"href":"https:\/\/blogdoeloiltoncajuhy.com.br\/site\/wp-json\/wp\/v2\/tags?post=64722"}],"curies":[{"name":"wp","href":"https:\/\/api.w.org\/{rel}","templated":true}]}}