{"id":64719,"date":"2022-05-04T10:58:28","date_gmt":"2022-05-04T13:58:28","guid":{"rendered":"http:\/\/blogdoeloiltoncajuhy.com.br\/site\/?p=64719"},"modified":"2022-05-04T10:58:30","modified_gmt":"2022-05-04T13:58:30","slug":"vereador-e-pre-candidato-a-deputado-estadual-emerson-penalva-solicita-anistia-de-dividas-para-pequenos-agricultores","status":"publish","type":"post","link":"https:\/\/blogdoeloiltoncajuhy.com.br\/site\/vereador-e-pre-candidato-a-deputado-estadual-emerson-penalva-solicita-anistia-de-dividas-para-pequenos-agricultores\/","title":{"rendered":"Vereador e pr\u00e9 candidato a deputado estadual Emerson Penalva solicita anistia de d\u00edvidas para pequenos agricultores"},"content":{"rendered":"\n<div class=\"wp-block-image\"><figure class=\"aligncenter size-full\"><a href=\"https:\/\/i0.wp.com\/blogdoeloiltoncajuhy.com.br\/site\/wp-content\/uploads\/2022\/05\/IMG-20220504-WA0034.jpg\"><img data-recalc-dims=\"1\" fetchpriority=\"high\" decoding=\"async\" width=\"696\" height=\"522\" src=\"https:\/\/i0.wp.com\/blogdoeloiltoncajuhy.com.br\/site\/wp-content\/uploads\/2022\/05\/IMG-20220504-WA0034.jpg?resize=696%2C522\" alt=\"\" class=\"wp-image-64720\" srcset=\"https:\/\/i0.wp.com\/blogdoeloiltoncajuhy.com.br\/site\/wp-content\/uploads\/2022\/05\/IMG-20220504-WA0034.jpg?w=696&amp;ssl=1 696w, https:\/\/i0.wp.com\/blogdoeloiltoncajuhy.com.br\/site\/wp-content\/uploads\/2022\/05\/IMG-20220504-WA0034.jpg?resize=300%2C225&amp;ssl=1 300w\" sizes=\"(max-width: 696px) 100vw, 696px\" \/><\/a><\/figure><\/div>\n\n\n\n<p>O vereador de Salvador Emerson Penalva (PDT) solicitou ao governo federal anistia das d\u00edvidas dos micros, pequenos e m\u00e9dios agricultores do pa\u00eds, que sofreram, nos \u00faltimos meses, com preju\u00edzos causados pela seca ou pelas chuvas, principalmente na Bahia.<\/p>\n\n\n\n<p>O vereador sugere que aqueles que n\u00e3o t\u00eam condi\u00e7\u00e3o financeira para novos investimentos, tendo em vista um endividamento, possam renegociar as d\u00edvidas nos mesmos moldes do Fies Estudantil, que teve medida provis\u00f3ria editada em fevereiro deste ano. Com isso, os agricultores podem ter descontos em seus contratos e facilidade de parcelamento.<\/p>\n\n\n\n<p>\u201cA concess\u00e3o da anistia para os micros, pequenos e m\u00e9dios agricultores rurais \u00e9 de fundamental import\u00e2ncia para o fortalecimento e desenvolvimento do setor. A medida \u00e9 necess\u00e1ria e urgente para o retorno da produ\u00e7\u00e3o do agroneg\u00f3cio nacional\u201d, ressaltou o edil.<\/p>\n\n\n\n<p>Os pequenos agricultores, por exemplo, s\u00e3o respons\u00e1veis por 70% dos alimentos que os brasileiros consomem, sendo um dos setores mais importantes do pa\u00eds.<\/p>\n","protected":false},"excerpt":{"rendered":"<p>O vereador de Salvador Emerson Penalva (PDT) solicitou ao governo federal anistia das d\u00edvidas dos micros, pequenos e m\u00e9dios agricultores do pa\u00eds, que sofreram, nos \u00faltimos meses, com preju\u00edzos causados pela seca ou pelas chuvas, principalmente na Bahia. O vereador sugere que aqueles que n\u00e3o t\u00eam condi\u00e7\u00e3o financeira para novos investimentos, tendo em vista um [&hellip;]<\/p>\n","protected":false},"author":2,"featured_media":64720,"comment_status":"open","ping_status":"open","sticky":false,"template":"","format":"standard","meta":{"_acf_changed":false,"_monsterinsights_skip_tracking":false,"_monsterinsights_sitenote_active":false,"_monsterinsights_sitenote_note":"","_monsterinsights_sitenote_category":0,"_jetpack_memberships_contains_paid_content":false,"footnotes":"","jetpack_publicize_message":"","jetpack_publicize_feature_enabled":true,"jetpack_social_post_already_shared":true,"jetpack_social_options":{"image_generator_settings":{"template":"highway","default_image_id":0,"font":"","enabled":false},"version":2}},"categories":[3],"tags":[],"class_list":["post-64719","post","type-post","status-publish","format-standard","has-post-thumbnail","hentry","category-politica"],"acf":[],"jetpack_publicize_connections":[],"jetpack_featured_media_url":"https:\/\/i0.wp.com\/blogdoeloiltoncajuhy.com.br\/site\/wp-content\/uploads\/2022\/05\/IMG-20220504-WA0034.jpg?fit=696%2C522&ssl=1","jetpack_sharing_enabled":true,"publishpress_future_workflow_manual_trigger":{"enabledWorkflows":[]},"_links":{"self":[{"href":"https:\/\/blogdoeloiltoncajuhy.com.br\/site\/wp-json\/wp\/v2\/posts\/64719","targetHints":{"allow":["GET"]}}],"collection":[{"href":"https:\/\/blogdoeloiltoncajuhy.com.br\/site\/wp-json\/wp\/v2\/posts"}],"about":[{"href":"https:\/\/blogdoeloiltoncajuhy.com.br\/site\/wp-json\/wp\/v2\/types\/post"}],"author":[{"embeddable":true,"href":"https:\/\/blogdoeloiltoncajuhy.com.br\/site\/wp-json\/wp\/v2\/users\/2"}],"replies":[{"embeddable":true,"href":"https:\/\/blogdoeloiltoncajuhy.com.br\/site\/wp-json\/wp\/v2\/comments?post=64719"}],"version-history":[{"count":1,"href":"https:\/\/blogdoeloiltoncajuhy.com.br\/site\/wp-json\/wp\/v2\/posts\/64719\/revisions"}],"predecessor-version":[{"id":64721,"href":"https:\/\/blogdoeloiltoncajuhy.com.br\/site\/wp-json\/wp\/v2\/posts\/64719\/revisions\/64721"}],"wp:featuredmedia":[{"embeddable":true,"href":"https:\/\/blogdoeloiltoncajuhy.com.br\/site\/wp-json\/wp\/v2\/media\/64720"}],"wp:attachment":[{"href":"https:\/\/blogdoeloiltoncajuhy.com.br\/site\/wp-json\/wp\/v2\/media?parent=64719"}],"wp:term":[{"taxonomy":"category","embeddable":true,"href":"https:\/\/blogdoeloiltoncajuhy.com.br\/site\/wp-json\/wp\/v2\/categories?post=64719"},{"taxonomy":"post_tag","embeddable":true,"href":"https:\/\/blogdoeloiltoncajuhy.com.br\/site\/wp-json\/wp\/v2\/tags?post=64719"}],"curies":[{"name":"wp","href":"https:\/\/api.w.org\/{rel}","templated":true}]}}