{"id":64715,"date":"2022-05-04T09:41:51","date_gmt":"2022-05-04T12:41:51","guid":{"rendered":"http:\/\/blogdoeloiltoncajuhy.com.br\/site\/?p=64715"},"modified":"2022-05-04T09:41:53","modified_gmt":"2022-05-04T12:41:53","slug":"andorinha-renato-brandao-entrega-sede-propria-do-cras-de-medrado","status":"publish","type":"post","link":"https:\/\/blogdoeloiltoncajuhy.com.br\/site\/andorinha-renato-brandao-entrega-sede-propria-do-cras-de-medrado\/","title":{"rendered":"Andorinha: Renato Brand\u00e3o entrega sede pr\u00f3pria do CRAS de Medrado"},"content":{"rendered":"\n<p><strong>Ascom\/Prefeitura de Andorinha -BA<\/strong><\/p>\n\n\n\n<div class=\"wp-block-image\"><figure class=\"aligncenter size-large\"><a href=\"https:\/\/i0.wp.com\/blogdoeloiltoncajuhy.com.br\/site\/wp-content\/uploads\/2022\/05\/IMG-20220504-WA0023.jpg\"><img data-recalc-dims=\"1\" fetchpriority=\"high\" decoding=\"async\" width=\"800\" height=\"533\" src=\"https:\/\/i0.wp.com\/blogdoeloiltoncajuhy.com.br\/site\/wp-content\/uploads\/2022\/05\/IMG-20220504-WA0023.jpg?resize=800%2C533\" alt=\"\" class=\"wp-image-64716\" srcset=\"https:\/\/i0.wp.com\/blogdoeloiltoncajuhy.com.br\/site\/wp-content\/uploads\/2022\/05\/IMG-20220504-WA0023.jpg?resize=1024%2C682&amp;ssl=1 1024w, https:\/\/i0.wp.com\/blogdoeloiltoncajuhy.com.br\/site\/wp-content\/uploads\/2022\/05\/IMG-20220504-WA0023.jpg?resize=300%2C200&amp;ssl=1 300w, https:\/\/i0.wp.com\/blogdoeloiltoncajuhy.com.br\/site\/wp-content\/uploads\/2022\/05\/IMG-20220504-WA0023.jpg?resize=768%2C512&amp;ssl=1 768w, https:\/\/i0.wp.com\/blogdoeloiltoncajuhy.com.br\/site\/wp-content\/uploads\/2022\/05\/IMG-20220504-WA0023.jpg?w=1280&amp;ssl=1 1280w\" sizes=\"(max-width: 800px) 100vw, 800px\" \/><\/a><\/figure><\/div>\n\n\n\n<p>O Gestor Municipal, Renato Brand\u00e3o, realizou nesta ter\u00e7a-feira (03), acompanhado da Primeira Dama e Secret\u00e1ria de Assist\u00eancia Social, Maria Helena, a entrega da sede pr\u00f3pria do Centro de Refer\u00eancia da Assist\u00eancia Social (CRAS) do Medrado, que atender\u00e1 a popula\u00e7\u00e3o da comunidade e das regi\u00f5es vizinhas.<\/p>\n\n\n\n<p>O CRAS funciona como uma Unidade B\u00e1sica de Sa\u00fade (SUAS), sendo respons\u00e1vel por executar os servi\u00e7os, programas e projetos sociais. O CRAS \u00e9 especialmente destinado ao atendimento de fam\u00edlias que vivenciam situa\u00e7\u00f5es de vulnerabilidade social, pobreza, aus\u00eancia de renda, acesso prec\u00e1rio aos servi\u00e7os p\u00fablicos, fragiliza\u00e7\u00e3o dos v\u00ednculos familiares e comunit\u00e1rios.<\/p>\n\n\n\n<div class=\"wp-block-image\"><figure class=\"aligncenter size-large\"><a href=\"https:\/\/i0.wp.com\/blogdoeloiltoncajuhy.com.br\/site\/wp-content\/uploads\/2022\/05\/IMG-20220504-WA0025.jpg\"><img data-recalc-dims=\"1\" decoding=\"async\" width=\"800\" height=\"600\" src=\"https:\/\/i0.wp.com\/blogdoeloiltoncajuhy.com.br\/site\/wp-content\/uploads\/2022\/05\/IMG-20220504-WA0025.jpg?resize=800%2C600\" alt=\"\" class=\"wp-image-64717\" srcset=\"https:\/\/i0.wp.com\/blogdoeloiltoncajuhy.com.br\/site\/wp-content\/uploads\/2022\/05\/IMG-20220504-WA0025.jpg?resize=1024%2C768&amp;ssl=1 1024w, https:\/\/i0.wp.com\/blogdoeloiltoncajuhy.com.br\/site\/wp-content\/uploads\/2022\/05\/IMG-20220504-WA0025.jpg?resize=300%2C225&amp;ssl=1 300w, https:\/\/i0.wp.com\/blogdoeloiltoncajuhy.com.br\/site\/wp-content\/uploads\/2022\/05\/IMG-20220504-WA0025.jpg?resize=768%2C576&amp;ssl=1 768w, https:\/\/i0.wp.com\/blogdoeloiltoncajuhy.com.br\/site\/wp-content\/uploads\/2022\/05\/IMG-20220504-WA0025.jpg?resize=1536%2C1152&amp;ssl=1 1536w, https:\/\/i0.wp.com\/blogdoeloiltoncajuhy.com.br\/site\/wp-content\/uploads\/2022\/05\/IMG-20220504-WA0025.jpg?w=1600&amp;ssl=1 1600w\" sizes=\"(max-width: 800px) 100vw, 800px\" \/><\/a><\/figure><\/div>\n\n\n\n<p>\u201c\u00c9 com imensa felicidade que entregamos a sede pr\u00f3pria do CRAS para Medrado. Nosso objetivo \u00e9 garantir uma vida mais digna aos andorinhenses. A nova Unidade do CRAS, est\u00e1 linda e pronta para atender a popula\u00e7\u00e3o e tenho certeza que cada cidad\u00e3o que entrar aqui em busca de um servi\u00e7o, ser\u00e1 atendido com todo respeito e carinho\u201d, disse o Prefeito.<\/p>\n\n\n\n<p>A inaugura\u00e7\u00e3o contou com a presen\u00e7a do vice-prefeito, Jos\u00e9 Vitor, dos vereadores, secret\u00e1rios, funcion\u00e1rios, conselheiros municipais, popula\u00e7\u00e3o e autoridades.<\/p>\n\n\n\n<p>O CRAS \u00e9 da comunidade e para comunidade!<\/p>\n","protected":false},"excerpt":{"rendered":"<p>Ascom\/Prefeitura de Andorinha -BA O Gestor Municipal, Renato Brand\u00e3o, realizou nesta ter\u00e7a-feira (03), acompanhado da Primeira Dama e Secret\u00e1ria de Assist\u00eancia Social, Maria Helena, a entrega da sede pr\u00f3pria do Centro de Refer\u00eancia da Assist\u00eancia Social (CRAS) do Medrado, que atender\u00e1 a popula\u00e7\u00e3o da comunidade e das regi\u00f5es vizinhas. O CRAS funciona como uma Unidade [&hellip;]<\/p>\n","protected":false},"author":2,"featured_media":64717,"comment_status":"open","ping_status":"open","sticky":false,"template":"","format":"standard","meta":{"_acf_changed":false,"_monsterinsights_skip_tracking":false,"_monsterinsights_sitenote_active":false,"_monsterinsights_sitenote_note":"","_monsterinsights_sitenote_category":0,"_jetpack_memberships_contains_paid_content":false,"footnotes":"","jetpack_publicize_message":"","jetpack_publicize_feature_enabled":true,"jetpack_social_post_already_shared":true,"jetpack_social_options":{"image_generator_settings":{"template":"highway","default_image_id":0,"font":"","enabled":false},"version":2}},"categories":[11],"tags":[],"class_list":["post-64715","post","type-post","status-publish","format-standard","has-post-thumbnail","hentry","category-regional"],"acf":[],"jetpack_publicize_connections":[],"jetpack_featured_media_url":"https:\/\/i0.wp.com\/blogdoeloiltoncajuhy.com.br\/site\/wp-content\/uploads\/2022\/05\/IMG-20220504-WA0025.jpg?fit=1600%2C1200&ssl=1","jetpack_sharing_enabled":true,"publishpress_future_workflow_manual_trigger":{"enabledWorkflows":[]},"_links":{"self":[{"href":"https:\/\/blogdoeloiltoncajuhy.com.br\/site\/wp-json\/wp\/v2\/posts\/64715","targetHints":{"allow":["GET"]}}],"collection":[{"href":"https:\/\/blogdoeloiltoncajuhy.com.br\/site\/wp-json\/wp\/v2\/posts"}],"about":[{"href":"https:\/\/blogdoeloiltoncajuhy.com.br\/site\/wp-json\/wp\/v2\/types\/post"}],"author":[{"embeddable":true,"href":"https:\/\/blogdoeloiltoncajuhy.com.br\/site\/wp-json\/wp\/v2\/users\/2"}],"replies":[{"embeddable":true,"href":"https:\/\/blogdoeloiltoncajuhy.com.br\/site\/wp-json\/wp\/v2\/comments?post=64715"}],"version-history":[{"count":1,"href":"https:\/\/blogdoeloiltoncajuhy.com.br\/site\/wp-json\/wp\/v2\/posts\/64715\/revisions"}],"predecessor-version":[{"id":64718,"href":"https:\/\/blogdoeloiltoncajuhy.com.br\/site\/wp-json\/wp\/v2\/posts\/64715\/revisions\/64718"}],"wp:featuredmedia":[{"embeddable":true,"href":"https:\/\/blogdoeloiltoncajuhy.com.br\/site\/wp-json\/wp\/v2\/media\/64717"}],"wp:attachment":[{"href":"https:\/\/blogdoeloiltoncajuhy.com.br\/site\/wp-json\/wp\/v2\/media?parent=64715"}],"wp:term":[{"taxonomy":"category","embeddable":true,"href":"https:\/\/blogdoeloiltoncajuhy.com.br\/site\/wp-json\/wp\/v2\/categories?post=64715"},{"taxonomy":"post_tag","embeddable":true,"href":"https:\/\/blogdoeloiltoncajuhy.com.br\/site\/wp-json\/wp\/v2\/tags?post=64715"}],"curies":[{"name":"wp","href":"https:\/\/api.w.org\/{rel}","templated":true}]}}