{"id":64711,"date":"2022-05-04T09:06:08","date_gmt":"2022-05-04T12:06:08","guid":{"rendered":"http:\/\/blogdoeloiltoncajuhy.com.br\/site\/?p=64711"},"modified":"2022-05-04T09:06:09","modified_gmt":"2022-05-04T12:06:09","slug":"homem-e-preso-apos-ser-flagrado-com-122-mil-cigarros-contrabandeados-e-medicamentos-irregulares","status":"publish","type":"post","link":"https:\/\/blogdoeloiltoncajuhy.com.br\/site\/homem-e-preso-apos-ser-flagrado-com-122-mil-cigarros-contrabandeados-e-medicamentos-irregulares\/","title":{"rendered":"Homem \u00e9 preso ap\u00f3s ser flagrado com 122 mil cigarros contrabandeados e medicamentos irregulares"},"content":{"rendered":"\n<p>Caso aconteceu em Feira de Santana nesta ter\u00e7a-feira (3). Entre os itens encontrados, estavam rem\u00e9dios para pr\u00e1tica de aborto, disfun\u00e7\u00e3o er\u00e9til, estimulantes e analg\u00e9sicos.<\/p>\n\n\n\n<p><strong>Por g1 BA<\/strong><\/p>\n\n\n\n<div class=\"wp-block-image\"><figure class=\"aligncenter size-full\"><a href=\"https:\/\/i0.wp.com\/blogdoeloiltoncajuhy.com.br\/site\/wp-content\/uploads\/2022\/05\/whatsapp-image-2022-05-03-at-16.10.44.jpeg\"><img data-recalc-dims=\"1\" fetchpriority=\"high\" decoding=\"async\" width=\"800\" height=\"600\" src=\"https:\/\/i0.wp.com\/blogdoeloiltoncajuhy.com.br\/site\/wp-content\/uploads\/2022\/05\/whatsapp-image-2022-05-03-at-16.10.44.jpeg?resize=800%2C600\" alt=\"\" class=\"wp-image-64712\" srcset=\"https:\/\/i0.wp.com\/blogdoeloiltoncajuhy.com.br\/site\/wp-content\/uploads\/2022\/05\/whatsapp-image-2022-05-03-at-16.10.44.jpeg?w=984&amp;ssl=1 984w, https:\/\/i0.wp.com\/blogdoeloiltoncajuhy.com.br\/site\/wp-content\/uploads\/2022\/05\/whatsapp-image-2022-05-03-at-16.10.44.jpeg?resize=300%2C225&amp;ssl=1 300w, https:\/\/i0.wp.com\/blogdoeloiltoncajuhy.com.br\/site\/wp-content\/uploads\/2022\/05\/whatsapp-image-2022-05-03-at-16.10.44.jpeg?resize=768%2C576&amp;ssl=1 768w\" sizes=\"(max-width: 800px) 100vw, 800px\" \/><\/a><figcaption>Cerca de 120 mil cigarros contrabandeados tamb\u00e9m foram apreendidos. \u2014 Foto: Pol\u00edcia Civil<\/figcaption><\/figure><\/div>\n\n\n\n<p>Um homem foi preso nesta ter\u00e7a-feira (3), ap\u00f3s ser flagrado com 122 mil cigarros contrabandeados em um im\u00f3vel de Feira de Santana. Segundo a Pol\u00edcia Civil, as buscas no local foram feitas ap\u00f3s um mandado judicial.<\/p>\n\n\n\n<p>Al\u00e9m dos cigarros, centenas de medicamentos vendidos irregularmente para a pr\u00e1tica de aborto, disfun\u00e7\u00e3o er\u00e9til, estimulantes e analg\u00e9sicos foram achados no im\u00f3vel localizado no bairro Muchila e em uma loja do com\u00e9rcio popular da cidade. O endere\u00e7o da loja n\u00e3o foi informado.<\/p>\n\n\n\n<div class=\"wp-block-image\"><figure class=\"aligncenter size-full\"><a href=\"https:\/\/i0.wp.com\/blogdoeloiltoncajuhy.com.br\/site\/wp-content\/uploads\/2022\/05\/whatsapp-image-2022-05-03-at-16.10.44-1-.jpeg\"><img data-recalc-dims=\"1\" decoding=\"async\" width=\"800\" height=\"450\" src=\"https:\/\/i0.wp.com\/blogdoeloiltoncajuhy.com.br\/site\/wp-content\/uploads\/2022\/05\/whatsapp-image-2022-05-03-at-16.10.44-1-.jpeg?resize=800%2C450\" alt=\"\" class=\"wp-image-64713\" srcset=\"https:\/\/i0.wp.com\/blogdoeloiltoncajuhy.com.br\/site\/wp-content\/uploads\/2022\/05\/whatsapp-image-2022-05-03-at-16.10.44-1-.jpeg?w=984&amp;ssl=1 984w, https:\/\/i0.wp.com\/blogdoeloiltoncajuhy.com.br\/site\/wp-content\/uploads\/2022\/05\/whatsapp-image-2022-05-03-at-16.10.44-1-.jpeg?resize=300%2C169&amp;ssl=1 300w, https:\/\/i0.wp.com\/blogdoeloiltoncajuhy.com.br\/site\/wp-content\/uploads\/2022\/05\/whatsapp-image-2022-05-03-at-16.10.44-1-.jpeg?resize=768%2C432&amp;ssl=1 768w\" sizes=\"(max-width: 800px) 100vw, 800px\" \/><\/a><figcaption>Centenas de medicamentos irregulares foram apreendidos em Feira de Santana. \u2014 Foto: Pol\u00edcia Civil<\/figcaption><\/figure><\/div>\n\n\n\n<p>O comerciante respons\u00e1vel pelos medicamentos \u00e9 suspeito de falsifica\u00e7\u00e3o, corrup\u00e7\u00e3o e adultera\u00e7\u00e3o de produto destinado a fins terap\u00eauticos ou medicinais.<\/p>\n\n\n\n<p>De acordo com o delegado Roberto da Silva Leal, coordenador da 1\u00aa Coorpin\/Feira, o suspeito j\u00e1 era alvo de investiga\u00e7\u00f5es. Ainda de acordo com a pol\u00edcia, os agentes continuam com apura\u00e7\u00f5es sobre o caso.<\/p>\n","protected":false},"excerpt":{"rendered":"<p>Caso aconteceu em Feira de Santana nesta ter\u00e7a-feira (3). Entre os itens encontrados, estavam rem\u00e9dios para pr\u00e1tica de aborto, disfun\u00e7\u00e3o er\u00e9til, estimulantes e analg\u00e9sicos. Por g1 BA Um homem foi preso nesta ter\u00e7a-feira (3), ap\u00f3s ser flagrado com 122 mil cigarros contrabandeados em um im\u00f3vel de Feira de Santana. Segundo a Pol\u00edcia Civil, as buscas [&hellip;]<\/p>\n","protected":false},"author":2,"featured_media":64713,"comment_status":"open","ping_status":"open","sticky":false,"template":"","format":"standard","meta":{"_acf_changed":false,"_monsterinsights_skip_tracking":false,"_monsterinsights_sitenote_active":false,"_monsterinsights_sitenote_note":"","_monsterinsights_sitenote_category":0,"_jetpack_memberships_contains_paid_content":false,"footnotes":"","jetpack_publicize_message":"","jetpack_publicize_feature_enabled":true,"jetpack_social_post_already_shared":true,"jetpack_social_options":{"image_generator_settings":{"template":"highway","default_image_id":0,"font":"","enabled":false},"version":2}},"categories":[15],"tags":[],"class_list":["post-64711","post","type-post","status-publish","format-standard","has-post-thumbnail","hentry","category-policia"],"acf":[],"jetpack_publicize_connections":[],"jetpack_featured_media_url":"https:\/\/i0.wp.com\/blogdoeloiltoncajuhy.com.br\/site\/wp-content\/uploads\/2022\/05\/whatsapp-image-2022-05-03-at-16.10.44-1-.jpeg?fit=984%2C554&ssl=1","jetpack_sharing_enabled":true,"publishpress_future_workflow_manual_trigger":{"enabledWorkflows":[]},"_links":{"self":[{"href":"https:\/\/blogdoeloiltoncajuhy.com.br\/site\/wp-json\/wp\/v2\/posts\/64711","targetHints":{"allow":["GET"]}}],"collection":[{"href":"https:\/\/blogdoeloiltoncajuhy.com.br\/site\/wp-json\/wp\/v2\/posts"}],"about":[{"href":"https:\/\/blogdoeloiltoncajuhy.com.br\/site\/wp-json\/wp\/v2\/types\/post"}],"author":[{"embeddable":true,"href":"https:\/\/blogdoeloiltoncajuhy.com.br\/site\/wp-json\/wp\/v2\/users\/2"}],"replies":[{"embeddable":true,"href":"https:\/\/blogdoeloiltoncajuhy.com.br\/site\/wp-json\/wp\/v2\/comments?post=64711"}],"version-history":[{"count":1,"href":"https:\/\/blogdoeloiltoncajuhy.com.br\/site\/wp-json\/wp\/v2\/posts\/64711\/revisions"}],"predecessor-version":[{"id":64714,"href":"https:\/\/blogdoeloiltoncajuhy.com.br\/site\/wp-json\/wp\/v2\/posts\/64711\/revisions\/64714"}],"wp:featuredmedia":[{"embeddable":true,"href":"https:\/\/blogdoeloiltoncajuhy.com.br\/site\/wp-json\/wp\/v2\/media\/64713"}],"wp:attachment":[{"href":"https:\/\/blogdoeloiltoncajuhy.com.br\/site\/wp-json\/wp\/v2\/media?parent=64711"}],"wp:term":[{"taxonomy":"category","embeddable":true,"href":"https:\/\/blogdoeloiltoncajuhy.com.br\/site\/wp-json\/wp\/v2\/categories?post=64711"},{"taxonomy":"post_tag","embeddable":true,"href":"https:\/\/blogdoeloiltoncajuhy.com.br\/site\/wp-json\/wp\/v2\/tags?post=64711"}],"curies":[{"name":"wp","href":"https:\/\/api.w.org\/{rel}","templated":true}]}}