{"id":64708,"date":"2022-05-04T08:48:53","date_gmt":"2022-05-04T11:48:53","guid":{"rendered":"http:\/\/blogdoeloiltoncajuhy.com.br\/site\/?p=64708"},"modified":"2022-05-04T08:48:55","modified_gmt":"2022-05-04T11:48:55","slug":"na-disputa-por-indicacao-para-o-tse-advogada-baiana-ve-reconhecimento-mas-lamenta-o-inusitado-e-ser-negra","status":"publish","type":"post","link":"https:\/\/blogdoeloiltoncajuhy.com.br\/site\/na-disputa-por-indicacao-para-o-tse-advogada-baiana-ve-reconhecimento-mas-lamenta-o-inusitado-e-ser-negra\/","title":{"rendered":"Na disputa por indica\u00e7\u00e3o para o TSE, advogada baiana v\u00ea reconhecimento, mas lamenta: &#8216;o inusitado \u00e9 ser negra&#8217;"},"content":{"rendered":"\n<p>Vera L\u00facia Santana Ara\u00fajo disputa vaga na lista tr\u00edplice que deve definir novo ministro do Tribunal Superior Eleitoral.<\/p>\n\n\n\n<p><strong>Por Eric Luis Carvalho, g1 BA<\/strong><\/p>\n\n\n\n<div class=\"wp-block-image\"><figure class=\"aligncenter size-full is-resized\"><a href=\"https:\/\/i0.wp.com\/blogdoeloiltoncajuhy.com.br\/site\/wp-content\/uploads\/2022\/05\/vera-lucia.jpg\"><img data-recalc-dims=\"1\" fetchpriority=\"high\" decoding=\"async\" src=\"https:\/\/i0.wp.com\/blogdoeloiltoncajuhy.com.br\/site\/wp-content\/uploads\/2022\/05\/vera-lucia.jpg?resize=429%2C386\" alt=\"\" class=\"wp-image-64709\" width=\"429\" height=\"386\" srcset=\"https:\/\/i0.wp.com\/blogdoeloiltoncajuhy.com.br\/site\/wp-content\/uploads\/2022\/05\/vera-lucia.jpg?w=984&amp;ssl=1 984w, https:\/\/i0.wp.com\/blogdoeloiltoncajuhy.com.br\/site\/wp-content\/uploads\/2022\/05\/vera-lucia.jpg?resize=300%2C271&amp;ssl=1 300w, https:\/\/i0.wp.com\/blogdoeloiltoncajuhy.com.br\/site\/wp-content\/uploads\/2022\/05\/vera-lucia.jpg?resize=768%2C693&amp;ssl=1 768w\" sizes=\"(max-width: 429px) 100vw, 429px\" \/><\/a><figcaption>Vera L\u00facia Santana Ara\u00fajo \u00e9 um dos quatro nomes que v\u00e3o integrar a lista tr\u00edplice que poder\u00e1 definir novo ministro do TSE \u2014 Foto: Acervo pessoal<\/figcaption><\/figure><\/div>\n\n\n\n<p>Aos 18 anos, a jovem Vera L\u00facia Santana Ara\u00fajo deixou a pequena cidade de Livramento de Nossa Senhora, no sudoeste da Bahia, para seguir os passos da irm\u00e3 mais velha, que vivia em Bras\u00edlia. Mais de 40 anos depois, Vera L\u00facia agora \u00e9 uma senhora de 61 anos, advogada eleitoral respeitada no pa\u00eds e \u00e9 um dos quatro nomes que, nesta quarta-feira (4), disputam tr\u00eas vagas da lista tr\u00edplice que deve indicar um novo ministro do Tribunal Superior Eleitoral (TSE).<\/p>\n\n\n\n<p>A vaga de ministro substituto ficou aberta com a sa\u00edda de Carlos M\u00e1rio Velloso Filho, em mar\u00e7o. &#8220;N\u00e3o sendo uma pessoa que a fam\u00edlia tem hist\u00f3ria no mundo jur\u00eddico, eu tive uma carreira solit\u00e1ria, mas com muita sorte, eu tive muito gente que me apoiou, nos saberes, na \u00e9tica, no compromisso com as institui\u00e7\u00f5es democr\u00e1ticas. Meu primeiro voto foi em Bras\u00edlia, e eu j\u00e1 tinha 26 anos, cheguei com 18, e s\u00f3 oito anos depois. Depois eu entrei na universidade&#8221;, contou ao g1.<\/p>\n\n\n\n<p>&#8220;A partir daquela \u00e9poca que comecei com a carreira, eu vi a Justi\u00e7a Eleitoral se consolidar. Vivi o voto de papel, o come\u00e7o do uso das urnas eletr\u00f4nicas, o aperfei\u00e7oamento da seguran\u00e7a, e toda essa experi\u00eancia&#8221;, disse.<\/p>\n\n\n\n<figure class=\"wp-block-pullquote\"><blockquote><p>Nesse momento, concorrer a uma escolha t\u00e9cnica feita pelo STF \u00e9 de um reconhecimento de toda uma constru\u00e7\u00e3o&#8221;, diz Vera L\u00facia.<\/p><\/blockquote><\/figure>\n\n\n\n<p>Vera faz parte da Executiva Nacional da Associa\u00e7\u00e3o Brasileira de Juristas pela Democracia e da Frente de Mulheres Negras do DF e Entorno. A advogada baiana \u00e9 primeira mulher negra a figurar em uma lista do TSE. Ela concorre com Rog\u00e9ria Fagundes Dotti, Andr\u00e9 Ramos Tavares e Fabr\u00edcio Juliano Mendes Medeiros.<\/p>\n","protected":false},"excerpt":{"rendered":"<p>Vera L\u00facia Santana Ara\u00fajo disputa vaga na lista tr\u00edplice que deve definir novo ministro do Tribunal Superior Eleitoral. Por Eric Luis Carvalho, g1 BA Aos 18 anos, a jovem Vera L\u00facia Santana Ara\u00fajo deixou a pequena cidade de Livramento de Nossa Senhora, no sudoeste da Bahia, para seguir os passos da irm\u00e3 mais velha, que [&hellip;]<\/p>\n","protected":false},"author":2,"featured_media":64709,"comment_status":"open","ping_status":"open","sticky":false,"template":"","format":"standard","meta":{"_acf_changed":false,"_monsterinsights_skip_tracking":false,"_monsterinsights_sitenote_active":false,"_monsterinsights_sitenote_note":"","_monsterinsights_sitenote_category":0,"_jetpack_memberships_contains_paid_content":false,"footnotes":"","jetpack_publicize_message":"","jetpack_publicize_feature_enabled":true,"jetpack_social_post_already_shared":true,"jetpack_social_options":{"image_generator_settings":{"template":"highway","default_image_id":0,"font":"","enabled":false},"version":2}},"categories":[5],"tags":[],"class_list":["post-64708","post","type-post","status-publish","format-standard","has-post-thumbnail","hentry","category-cotidiano"],"acf":[],"jetpack_publicize_connections":[],"jetpack_featured_media_url":"https:\/\/i0.wp.com\/blogdoeloiltoncajuhy.com.br\/site\/wp-content\/uploads\/2022\/05\/vera-lucia.jpg?fit=984%2C888&ssl=1","jetpack_sharing_enabled":true,"publishpress_future_workflow_manual_trigger":{"enabledWorkflows":[]},"_links":{"self":[{"href":"https:\/\/blogdoeloiltoncajuhy.com.br\/site\/wp-json\/wp\/v2\/posts\/64708","targetHints":{"allow":["GET"]}}],"collection":[{"href":"https:\/\/blogdoeloiltoncajuhy.com.br\/site\/wp-json\/wp\/v2\/posts"}],"about":[{"href":"https:\/\/blogdoeloiltoncajuhy.com.br\/site\/wp-json\/wp\/v2\/types\/post"}],"author":[{"embeddable":true,"href":"https:\/\/blogdoeloiltoncajuhy.com.br\/site\/wp-json\/wp\/v2\/users\/2"}],"replies":[{"embeddable":true,"href":"https:\/\/blogdoeloiltoncajuhy.com.br\/site\/wp-json\/wp\/v2\/comments?post=64708"}],"version-history":[{"count":1,"href":"https:\/\/blogdoeloiltoncajuhy.com.br\/site\/wp-json\/wp\/v2\/posts\/64708\/revisions"}],"predecessor-version":[{"id":64710,"href":"https:\/\/blogdoeloiltoncajuhy.com.br\/site\/wp-json\/wp\/v2\/posts\/64708\/revisions\/64710"}],"wp:featuredmedia":[{"embeddable":true,"href":"https:\/\/blogdoeloiltoncajuhy.com.br\/site\/wp-json\/wp\/v2\/media\/64709"}],"wp:attachment":[{"href":"https:\/\/blogdoeloiltoncajuhy.com.br\/site\/wp-json\/wp\/v2\/media?parent=64708"}],"wp:term":[{"taxonomy":"category","embeddable":true,"href":"https:\/\/blogdoeloiltoncajuhy.com.br\/site\/wp-json\/wp\/v2\/categories?post=64708"},{"taxonomy":"post_tag","embeddable":true,"href":"https:\/\/blogdoeloiltoncajuhy.com.br\/site\/wp-json\/wp\/v2\/tags?post=64708"}],"curies":[{"name":"wp","href":"https:\/\/api.w.org\/{rel}","templated":true}]}}