{"id":64705,"date":"2022-05-04T08:32:24","date_gmt":"2022-05-04T11:32:24","guid":{"rendered":"http:\/\/blogdoeloiltoncajuhy.com.br\/site\/?p=64705"},"modified":"2022-05-04T08:32:25","modified_gmt":"2022-05-04T11:32:25","slug":"gente-que-faz-historia-hoje-e-aniversario-de-cicinho-de-assis","status":"publish","type":"post","link":"https:\/\/blogdoeloiltoncajuhy.com.br\/site\/gente-que-faz-historia-hoje-e-aniversario-de-cicinho-de-assis\/","title":{"rendered":"Gente que Faz Hist\u00f3ria: Hoje \u00e9 anivers\u00e1rio de Cicinho de Assis"},"content":{"rendered":"\n<p><strong>Por Minha Cidade &#8211; Senhor do Bonfim<\/strong><\/p>\n\n\n\n<div class=\"wp-block-image\"><figure class=\"aligncenter size-full is-resized\"><a href=\"https:\/\/i0.wp.com\/blogdoeloiltoncajuhy.com.br\/site\/wp-content\/uploads\/2022\/05\/IMG-20220504-WA0017.jpg\"><img data-recalc-dims=\"1\" fetchpriority=\"high\" decoding=\"async\" src=\"https:\/\/i0.wp.com\/blogdoeloiltoncajuhy.com.br\/site\/wp-content\/uploads\/2022\/05\/IMG-20220504-WA0017.jpg?resize=301%2C362\" alt=\"\" class=\"wp-image-64706\" width=\"301\" height=\"362\" srcset=\"https:\/\/i0.wp.com\/blogdoeloiltoncajuhy.com.br\/site\/wp-content\/uploads\/2022\/05\/IMG-20220504-WA0017.jpg?w=720&amp;ssl=1 720w, https:\/\/i0.wp.com\/blogdoeloiltoncajuhy.com.br\/site\/wp-content\/uploads\/2022\/05\/IMG-20220504-WA0017.jpg?resize=250%2C300&amp;ssl=1 250w\" sizes=\"(max-width: 301px) 100vw, 301px\" \/><\/a><\/figure><\/div>\n\n\n\n<p>O menino de Dona Maria e Seu Assis do Acordeon cresceu e, trazendo consigo a simplicidade do sertanejo, ganhou o mundo tocando a tradicional m\u00fasica nordestina. <\/p>\n\n\n\n<p>Reconhecido por grandes nomes da MPB, como Elba Ramalho, Dominguinhos, Ivete Sangalo, Targino Gondim, Daniela Mercury e Gilberto Gil, o m\u00fasico bonfinense Cicinho de Assis completa 48 anos sendo um dos grandes representantes do forr\u00f3 na Bahia.<\/p>\n\n\n\n<p>Foto: Divulga\u00e7\u00e3o<\/p>\n","protected":false},"excerpt":{"rendered":"<p>Por Minha Cidade &#8211; Senhor do Bonfim O menino de Dona Maria e Seu Assis do Acordeon cresceu e, trazendo consigo a simplicidade do sertanejo, ganhou o mundo tocando a tradicional m\u00fasica nordestina. Reconhecido por grandes nomes da MPB, como Elba Ramalho, Dominguinhos, Ivete Sangalo, Targino Gondim, Daniela Mercury e Gilberto Gil, o m\u00fasico bonfinense [&hellip;]<\/p>\n","protected":false},"author":2,"featured_media":64706,"comment_status":"open","ping_status":"open","sticky":false,"template":"","format":"standard","meta":{"_acf_changed":false,"_monsterinsights_skip_tracking":false,"_monsterinsights_sitenote_active":false,"_monsterinsights_sitenote_note":"","_monsterinsights_sitenote_category":0,"_jetpack_memberships_contains_paid_content":false,"footnotes":"","jetpack_publicize_message":"","jetpack_publicize_feature_enabled":true,"jetpack_social_post_already_shared":true,"jetpack_social_options":{"image_generator_settings":{"template":"highway","default_image_id":0,"font":"","enabled":false},"version":2}},"categories":[12],"tags":[],"class_list":["post-64705","post","type-post","status-publish","format-standard","has-post-thumbnail","hentry","category-gente-que-faz-a-nossa-historia"],"acf":[],"jetpack_publicize_connections":[],"jetpack_featured_media_url":"https:\/\/i0.wp.com\/blogdoeloiltoncajuhy.com.br\/site\/wp-content\/uploads\/2022\/05\/IMG-20220504-WA0017.jpg?fit=720%2C864&ssl=1","jetpack_sharing_enabled":true,"publishpress_future_workflow_manual_trigger":{"enabledWorkflows":[]},"_links":{"self":[{"href":"https:\/\/blogdoeloiltoncajuhy.com.br\/site\/wp-json\/wp\/v2\/posts\/64705","targetHints":{"allow":["GET"]}}],"collection":[{"href":"https:\/\/blogdoeloiltoncajuhy.com.br\/site\/wp-json\/wp\/v2\/posts"}],"about":[{"href":"https:\/\/blogdoeloiltoncajuhy.com.br\/site\/wp-json\/wp\/v2\/types\/post"}],"author":[{"embeddable":true,"href":"https:\/\/blogdoeloiltoncajuhy.com.br\/site\/wp-json\/wp\/v2\/users\/2"}],"replies":[{"embeddable":true,"href":"https:\/\/blogdoeloiltoncajuhy.com.br\/site\/wp-json\/wp\/v2\/comments?post=64705"}],"version-history":[{"count":1,"href":"https:\/\/blogdoeloiltoncajuhy.com.br\/site\/wp-json\/wp\/v2\/posts\/64705\/revisions"}],"predecessor-version":[{"id":64707,"href":"https:\/\/blogdoeloiltoncajuhy.com.br\/site\/wp-json\/wp\/v2\/posts\/64705\/revisions\/64707"}],"wp:featuredmedia":[{"embeddable":true,"href":"https:\/\/blogdoeloiltoncajuhy.com.br\/site\/wp-json\/wp\/v2\/media\/64706"}],"wp:attachment":[{"href":"https:\/\/blogdoeloiltoncajuhy.com.br\/site\/wp-json\/wp\/v2\/media?parent=64705"}],"wp:term":[{"taxonomy":"category","embeddable":true,"href":"https:\/\/blogdoeloiltoncajuhy.com.br\/site\/wp-json\/wp\/v2\/categories?post=64705"},{"taxonomy":"post_tag","embeddable":true,"href":"https:\/\/blogdoeloiltoncajuhy.com.br\/site\/wp-json\/wp\/v2\/tags?post=64705"}],"curies":[{"name":"wp","href":"https:\/\/api.w.org\/{rel}","templated":true}]}}