{"id":64697,"date":"2022-05-03T22:31:49","date_gmt":"2022-05-04T01:31:49","guid":{"rendered":"http:\/\/blogdoeloiltoncajuhy.com.br\/site\/?p=64697"},"modified":"2022-05-03T22:31:50","modified_gmt":"2022-05-04T01:31:50","slug":"idosa-de-121-anos-e-descoberta-apos-atendimento-medico-em-bom-jesus-da-lapa-e-pode-ser-a-mais-velha-do-mundo","status":"publish","type":"post","link":"https:\/\/blogdoeloiltoncajuhy.com.br\/site\/idosa-de-121-anos-e-descoberta-apos-atendimento-medico-em-bom-jesus-da-lapa-e-pode-ser-a-mais-velha-do-mundo\/","title":{"rendered":"Idosa de 121 anos \u00e9 &#8216;descoberta&#8217; ap\u00f3s atendimento m\u00e9dico em Bom Jesus da Lapa e pode ser a mais velha do mundo"},"content":{"rendered":"\n<p class=\"has-text-align-center\"><em>Maria Gomes dos Reis nasceu em 16 de junho de 1900.<\/em><\/p>\n\n\n\n<p><strong>Por g1 BA e TV Oeste<\/strong><\/p>\n\n\n\n<div class=\"wp-block-image\"><figure class=\"aligncenter size-large\"><a href=\"https:\/\/i0.wp.com\/blogdoeloiltoncajuhy.com.br\/site\/wp-content\/uploads\/2022\/05\/Dona-Maria-Gomes-Bom-Jesus-da-Lapa-01.png\"><img data-recalc-dims=\"1\" fetchpriority=\"high\" decoding=\"async\" width=\"800\" height=\"334\" src=\"https:\/\/i0.wp.com\/blogdoeloiltoncajuhy.com.br\/site\/wp-content\/uploads\/2022\/05\/Dona-Maria-Gomes-Bom-Jesus-da-Lapa-01.png?resize=800%2C334\" alt=\"\" class=\"wp-image-64698\" srcset=\"https:\/\/i0.wp.com\/blogdoeloiltoncajuhy.com.br\/site\/wp-content\/uploads\/2022\/05\/Dona-Maria-Gomes-Bom-Jesus-da-Lapa-01.png?resize=1024%2C428&amp;ssl=1 1024w, https:\/\/i0.wp.com\/blogdoeloiltoncajuhy.com.br\/site\/wp-content\/uploads\/2022\/05\/Dona-Maria-Gomes-Bom-Jesus-da-Lapa-01.png?resize=300%2C125&amp;ssl=1 300w, https:\/\/i0.wp.com\/blogdoeloiltoncajuhy.com.br\/site\/wp-content\/uploads\/2022\/05\/Dona-Maria-Gomes-Bom-Jesus-da-Lapa-01.png?resize=768%2C321&amp;ssl=1 768w, https:\/\/i0.wp.com\/blogdoeloiltoncajuhy.com.br\/site\/wp-content\/uploads\/2022\/05\/Dona-Maria-Gomes-Bom-Jesus-da-Lapa-01.png?w=1412&amp;ssl=1 1412w\" sizes=\"(max-width: 800px) 100vw, 800px\" \/><\/a><figcaption><sub>Baiana de 121 anos pode ser idosa mais velha do mundo &#8211; Reprodu\u00e7\u00e3o TV Bahia<\/sub><\/figcaption><\/figure><\/div>\n\n\n\n<p>A idosa <strong>Maria Gomes dos Reis<\/strong>, de 121 anos, foi &#8220;descoberta&#8221; pela Prefeitura de Bom Jesus da Lapa, no oeste da Bahia, ap\u00f3s passar mal e precisar de um atendimento do Servi\u00e7o de Atendimento M\u00f3vel de Urg\u00eancia (Samu). A baiana pode ser a pessoa mais velha do mundo.<\/p>\n\n\n\n<p>Segundo consta em sua certid\u00e3o de nascimento, Maria Gomes dos Reis nasceu em 16 de junho de 1900, no povoado Bela Vista, em Bom Jesus da Lapa, onde mora at\u00e9 hoje.<\/p>\n\n\n\n<p>Acamada, a aposentada mora com a neta C\u00e9lia Cristina, j\u00e1 que todos os filhos j\u00e1 morreram. \u201cDou comidinha na boca, n\u00f3s temos que fazer tudo, trocar faldas. A minha vida agora est\u00e1 resumida em cuidar dela\u201d, contou C\u00e9lia. A neta de Maria Gomes disse que a av\u00f3 \u00e9 bem ativa.<\/p>\n\n\n\n<figure class=\"wp-block-pullquote has-black-color has-text-color has-medium-font-size\"><blockquote><p><strong>\u201cEla criou os netos e bisnetos. Ela que cuidava de tudo. Era bem ativa at\u00e9 pouco tempo, cozinhava, lavava roupas\u201d, disse.<\/strong><\/p><\/blockquote><\/figure>\n\n\n\n<div class=\"wp-block-image\"><figure class=\"aligncenter size-large\"><a href=\"https:\/\/i0.wp.com\/blogdoeloiltoncajuhy.com.br\/site\/wp-content\/uploads\/2022\/05\/Dona-Maria-Gomes-Bom-Jesus-da-Lapa-02.png\"><img data-recalc-dims=\"1\" decoding=\"async\" width=\"800\" height=\"327\" src=\"https:\/\/i0.wp.com\/blogdoeloiltoncajuhy.com.br\/site\/wp-content\/uploads\/2022\/05\/Dona-Maria-Gomes-Bom-Jesus-da-Lapa-02.png?resize=800%2C327\" alt=\"\" class=\"wp-image-64699\" srcset=\"https:\/\/i0.wp.com\/blogdoeloiltoncajuhy.com.br\/site\/wp-content\/uploads\/2022\/05\/Dona-Maria-Gomes-Bom-Jesus-da-Lapa-02.png?resize=1024%2C418&amp;ssl=1 1024w, https:\/\/i0.wp.com\/blogdoeloiltoncajuhy.com.br\/site\/wp-content\/uploads\/2022\/05\/Dona-Maria-Gomes-Bom-Jesus-da-Lapa-02.png?resize=300%2C122&amp;ssl=1 300w, https:\/\/i0.wp.com\/blogdoeloiltoncajuhy.com.br\/site\/wp-content\/uploads\/2022\/05\/Dona-Maria-Gomes-Bom-Jesus-da-Lapa-02.png?resize=768%2C314&amp;ssl=1 768w, https:\/\/i0.wp.com\/blogdoeloiltoncajuhy.com.br\/site\/wp-content\/uploads\/2022\/05\/Dona-Maria-Gomes-Bom-Jesus-da-Lapa-02.png?w=1411&amp;ssl=1 1411w\" sizes=\"(max-width: 800px) 100vw, 800px\" \/><\/a><figcaption><sub>Baiana de 121 anos pode ser idosa mais velha do mundo &#8211; Reprodu\u00e7\u00e3o TV Bahia<\/sub><\/figcaption><\/figure><\/div>\n\n\n\n<p class=\"has-black-color has-text-color has-medium-font-size\"><strong>Francesa \u00e9 a mais velha, diz Guinness<\/strong><\/p>\n\n\n\n<p>A pessoa mais velha do mundo, reconhecida pelo &#8220;Guinness Book&#8221;, o Livro dos Recordes, era a japonesa Kane Tanaka, de 119 anos, que morreu no dia 19 de abril deste ano.<\/p>\n\n\n\n<p>Agora, o t\u00edtulo passou a ser da freira francesa Lucile Randon, de 118 anos, nascida em 11 de fevereiro de 1904. Embora nenhum \u00f3rg\u00e3o oficial atribua o t\u00edtulo, a irm\u00e3 Andr\u00e9s se tornou a pessoa mais velha e &#8220;de longe&#8221;, j\u00e1 que \u00e9 seguida por uma polonesa de 115 anos, disse Laurent Toussaint \u00e0 Ag\u00eancia France-Presse (AFP).<\/p>\n\n\n\n<figure class=\"wp-block-pullquote has-black-color has-text-color has-medium-font-size\"><blockquote><p><strong>\u201cA idade avan\u00e7ada a gente sabe que ela tem, mas saber que ela \u00e9 a mais velha do mundo? A gente fica at\u00e9 abismada\u201d, brincou a neta de Maria Gomes.<\/strong><\/p><\/blockquote><\/figure>\n\n\n\n<p class=\"has-black-color has-text-color has-medium-font-size\"><strong>Fam\u00edlia na quinta gera\u00e7\u00e3o<\/strong><\/p>\n\n\n\n<p>Apesar das delicadezas e dos cuidados, a idosa est\u00e1 acamada h\u00e1 pouco mais de oito anos. Antes disso, n\u00e3o faltava a uma missa.<\/p>\n\n\n\n<p>S\u00e3o 13 bisnetos, seis tataranetos e a fam\u00edlia tem a expectativa de que Maria Gomes veja a 5\u00aa gera\u00e7\u00e3o nascer.<\/p>\n\n\n\n<p>Al\u00e9m da neta C\u00e9lia Gomes, as bisnetas Vit\u00f3ria Stefani e Ivanilde Gomes cuidam de todas as burocracias que a aposentada precise.<\/p>\n\n\n\n<p>\u201cSou respons\u00e1vel por ela, porque ela n\u00e3o tem condi\u00e7\u00f5es de se locomover para fazer prova de vida. Eu que resolvo algumas coisas por ela\u201d, contou Vit\u00f3ria Stefani.<\/p>\n\n\n\n<p>A jovem afirma que a bisav\u00f3 ainda conversa com as pessoas, apesar das dificuldades e do esquecimento.<\/p>\n\n\n\n<div class=\"wp-block-image\"><figure class=\"aligncenter size-large\"><a href=\"https:\/\/i0.wp.com\/blogdoeloiltoncajuhy.com.br\/site\/wp-content\/uploads\/2022\/05\/Dona-Maria-Gomes-Bom-Jesus-da-Lapa-03.png\"><img data-recalc-dims=\"1\" decoding=\"async\" width=\"800\" height=\"372\" src=\"https:\/\/i0.wp.com\/blogdoeloiltoncajuhy.com.br\/site\/wp-content\/uploads\/2022\/05\/Dona-Maria-Gomes-Bom-Jesus-da-Lapa-03.png?resize=800%2C372\" alt=\"\" class=\"wp-image-64700\" srcset=\"https:\/\/i0.wp.com\/blogdoeloiltoncajuhy.com.br\/site\/wp-content\/uploads\/2022\/05\/Dona-Maria-Gomes-Bom-Jesus-da-Lapa-03.png?resize=1024%2C476&amp;ssl=1 1024w, https:\/\/i0.wp.com\/blogdoeloiltoncajuhy.com.br\/site\/wp-content\/uploads\/2022\/05\/Dona-Maria-Gomes-Bom-Jesus-da-Lapa-03.png?resize=300%2C139&amp;ssl=1 300w, https:\/\/i0.wp.com\/blogdoeloiltoncajuhy.com.br\/site\/wp-content\/uploads\/2022\/05\/Dona-Maria-Gomes-Bom-Jesus-da-Lapa-03.png?resize=768%2C357&amp;ssl=1 768w, https:\/\/i0.wp.com\/blogdoeloiltoncajuhy.com.br\/site\/wp-content\/uploads\/2022\/05\/Dona-Maria-Gomes-Bom-Jesus-da-Lapa-03.png?w=1264&amp;ssl=1 1264w\" sizes=\"(max-width: 800px) 100vw, 800px\" \/><\/a><figcaption><sub>Baiana de 121 anos pode ser idosa mais velha do mundo &#8211; Reprodu\u00e7\u00e3o TV Bahia<\/sub><\/figcaption><\/figure><\/div>\n\n\n\n<figure class=\"wp-block-pullquote has-black-color has-text-color has-medium-font-size\"><blockquote><p><strong>\u201cEla ainda tem no\u00e7\u00e3o de muita coisa, conversa com a gente, as vezes ela esquece quem \u00e9, agora que com mais frequ\u00eancia ela n\u00e3o est\u00e1 lembrando\u201d, contou Vit\u00f3ria.<\/strong><\/p><\/blockquote><\/figure>\n\n\n\n<p>Ivanilde foi morar com Maria quando tinha 6 anos e \u00e9 muito grata pela educa\u00e7\u00e3o e apoio oferecidos pela idosa.<\/p>\n\n\n\n<figure class=\"wp-block-pullquote has-black-color has-text-color has-medium-font-size\"><blockquote><p><strong>\u201cNunca me faltou nada, e ela sempre falava a seguinte frase, que eu levo para a minha vida: \u2018Vai estudar, menina\u2019. Se hoje eu consegui fazer uma gradua\u00e7\u00e3o foi gra\u00e7as ao incentivo que eu tive da minha bisav\u00f3\u201d, disse.<\/strong><\/p><\/blockquote><\/figure>\n","protected":false},"excerpt":{"rendered":"<p>Maria Gomes dos Reis nasceu em 16 de junho de 1900. Por g1 BA e TV Oeste A idosa Maria Gomes dos Reis, de 121 anos, foi &#8220;descoberta&#8221; pela Prefeitura de Bom Jesus da Lapa, no oeste da Bahia, ap\u00f3s passar mal e precisar de um atendimento do Servi\u00e7o de Atendimento M\u00f3vel de Urg\u00eancia (Samu). [&hellip;]<\/p>\n","protected":false},"author":2,"featured_media":64700,"comment_status":"open","ping_status":"open","sticky":false,"template":"","format":"standard","meta":{"_acf_changed":false,"_monsterinsights_skip_tracking":false,"_monsterinsights_sitenote_active":false,"_monsterinsights_sitenote_note":"","_monsterinsights_sitenote_category":0,"_jetpack_memberships_contains_paid_content":false,"footnotes":"","jetpack_publicize_message":"","jetpack_publicize_feature_enabled":true,"jetpack_social_post_already_shared":true,"jetpack_social_options":{"image_generator_settings":{"template":"highway","default_image_id":0,"font":"","enabled":false},"version":2}},"categories":[5],"tags":[],"class_list":["post-64697","post","type-post","status-publish","format-standard","has-post-thumbnail","hentry","category-cotidiano"],"acf":[],"jetpack_publicize_connections":[],"jetpack_featured_media_url":"https:\/\/i0.wp.com\/blogdoeloiltoncajuhy.com.br\/site\/wp-content\/uploads\/2022\/05\/Dona-Maria-Gomes-Bom-Jesus-da-Lapa-03.png?fit=1264%2C587&ssl=1","jetpack_sharing_enabled":true,"publishpress_future_workflow_manual_trigger":{"enabledWorkflows":[]},"_links":{"self":[{"href":"https:\/\/blogdoeloiltoncajuhy.com.br\/site\/wp-json\/wp\/v2\/posts\/64697","targetHints":{"allow":["GET"]}}],"collection":[{"href":"https:\/\/blogdoeloiltoncajuhy.com.br\/site\/wp-json\/wp\/v2\/posts"}],"about":[{"href":"https:\/\/blogdoeloiltoncajuhy.com.br\/site\/wp-json\/wp\/v2\/types\/post"}],"author":[{"embeddable":true,"href":"https:\/\/blogdoeloiltoncajuhy.com.br\/site\/wp-json\/wp\/v2\/users\/2"}],"replies":[{"embeddable":true,"href":"https:\/\/blogdoeloiltoncajuhy.com.br\/site\/wp-json\/wp\/v2\/comments?post=64697"}],"version-history":[{"count":1,"href":"https:\/\/blogdoeloiltoncajuhy.com.br\/site\/wp-json\/wp\/v2\/posts\/64697\/revisions"}],"predecessor-version":[{"id":64701,"href":"https:\/\/blogdoeloiltoncajuhy.com.br\/site\/wp-json\/wp\/v2\/posts\/64697\/revisions\/64701"}],"wp:featuredmedia":[{"embeddable":true,"href":"https:\/\/blogdoeloiltoncajuhy.com.br\/site\/wp-json\/wp\/v2\/media\/64700"}],"wp:attachment":[{"href":"https:\/\/blogdoeloiltoncajuhy.com.br\/site\/wp-json\/wp\/v2\/media?parent=64697"}],"wp:term":[{"taxonomy":"category","embeddable":true,"href":"https:\/\/blogdoeloiltoncajuhy.com.br\/site\/wp-json\/wp\/v2\/categories?post=64697"},{"taxonomy":"post_tag","embeddable":true,"href":"https:\/\/blogdoeloiltoncajuhy.com.br\/site\/wp-json\/wp\/v2\/tags?post=64697"}],"curies":[{"name":"wp","href":"https:\/\/api.w.org\/{rel}","templated":true}]}}