{"id":64671,"date":"2022-05-02T19:07:25","date_gmt":"2022-05-02T22:07:25","guid":{"rendered":"http:\/\/blogdoeloiltoncajuhy.com.br\/site\/?p=64671"},"modified":"2022-05-02T19:07:26","modified_gmt":"2022-05-02T22:07:26","slug":"pensamentos-de-medo-venca-esta-batalha-2","status":"publish","type":"post","link":"https:\/\/blogdoeloiltoncajuhy.com.br\/site\/pensamentos-de-medo-venca-esta-batalha-2\/","title":{"rendered":"Pensamentos de medo: ven\u00e7a esta batalha!"},"content":{"rendered":"\n<p><strong>Por Devocional Helio e Deise Peixoto<\/strong><\/p>\n\n\n\n<div class=\"wp-block-image\"><figure class=\"aligncenter size-full\"><a href=\"https:\/\/i0.wp.com\/blogdoeloiltoncajuhy.com.br\/site\/wp-content\/uploads\/2022\/05\/Pinterest_02052022.jpg\"><img data-recalc-dims=\"1\" fetchpriority=\"high\" decoding=\"async\" width=\"564\" height=\"564\" src=\"https:\/\/i0.wp.com\/blogdoeloiltoncajuhy.com.br\/site\/wp-content\/uploads\/2022\/05\/Pinterest_02052022.jpg?resize=564%2C564\" alt=\"\" class=\"wp-image-64672\" srcset=\"https:\/\/i0.wp.com\/blogdoeloiltoncajuhy.com.br\/site\/wp-content\/uploads\/2022\/05\/Pinterest_02052022.jpg?w=564&amp;ssl=1 564w, https:\/\/i0.wp.com\/blogdoeloiltoncajuhy.com.br\/site\/wp-content\/uploads\/2022\/05\/Pinterest_02052022.jpg?resize=300%2C300&amp;ssl=1 300w, https:\/\/i0.wp.com\/blogdoeloiltoncajuhy.com.br\/site\/wp-content\/uploads\/2022\/05\/Pinterest_02052022.jpg?resize=150%2C150&amp;ssl=1 150w\" sizes=\"(max-width: 564px) 100vw, 564px\" \/><\/a><\/figure><\/div>\n\n\n\n<p>Voc\u00ea sabia que n\u00e3o existe batalha mais real e dif\u00edcil do que a de pensamentos? Se estivermos em uma guerra e vermos o nosso inimigo, \u00e9 mais f\u00e1cil atac\u00e1-lo, porque ele est\u00e1 diante de n\u00f3s.<\/p>\n\n\n\n<p>Mas, como lutar contra aquilo que n\u00e3o vemos? E quando o nosso inimigo \u00e9 o medo, que tenta, sutilmente, se instalar no nosso interior?<\/p>\n\n\n\n<p>Eu sempre digo que a mais alta forma de escravid\u00e3o que o inferno tem sobre a vida do homem \u00e9 feita atrav\u00e9s da mente. Se ele lan\u00e7ar um pensamento temeroso, por exemplo, e a pessoa o aceitar, aquilo s\u00f3 crescer\u00e1 dentro dela.<\/p>\n\n\n\n<p>Ent\u00e3o, como controlar estes pensamentos? N\u00e3o permitindo que cres\u00e7am dentro de si aqueles que afirmam o contr\u00e1rio do que a Palavra de Deus diz.<\/p>\n\n\n\n<p>Eu sei que n\u00e3o fomos treinados para prestar aten\u00e7\u00e3o aos nossos pensamentos, mas precisamos aprender a faz\u00ea-lo, usando um filtro interior: selecionando bem o que assistimos, o que falamos, com quem conversamos, aonde andamos. Isso porque, da mesma forma que a f\u00e9 vem pelo ouvir, o medo tamb\u00e9m vem por aquilo que vemos e ouvimos, nos levando \u00e0s conclus\u00f5es que o inimigo quer.<\/p>\n\n\n\n<p>No que devemos pensar? Exatamente em tudo que est\u00e1 em Filipenses 4:8. Se o que estivermos pensando N\u00c3O for respeit\u00e1vel, justo, puro, am\u00e1vel, de boa fama, ou seja, sem virtude alguma, N\u00c3O devemos dar cr\u00e9dito!<\/p>\n\n\n\n<p>Sim, \u00e9 poss\u00edvel controlar os seus pensamentos! Tome as r\u00e9deas da sua vida ao direcionar a sua mente para aquilo que gera vida em voc\u00ea!<\/p>\n\n\n\n<p>Fazer este filtro pode parecer um pouco dif\u00edcil no in\u00edcio, mas, depois que voc\u00ea fizer disso uma pr\u00e1tica, ser\u00e1 natural e voc\u00ea ver\u00e1 como sua vida ficar\u00e1 muito melhor. Valer\u00e1 a pena!<\/p>\n","protected":false},"excerpt":{"rendered":"<p>Por Devocional Helio e Deise Peixoto Voc\u00ea sabia que n\u00e3o existe batalha mais real e dif\u00edcil do que a de pensamentos? Se estivermos em uma guerra e vermos o nosso inimigo, \u00e9 mais f\u00e1cil atac\u00e1-lo, porque ele est\u00e1 diante de n\u00f3s. Mas, como lutar contra aquilo que n\u00e3o vemos? E quando o nosso inimigo \u00e9 [&hellip;]<\/p>\n","protected":false},"author":2,"featured_media":64672,"comment_status":"open","ping_status":"open","sticky":false,"template":"","format":"standard","meta":{"_acf_changed":false,"_monsterinsights_skip_tracking":false,"_monsterinsights_sitenote_active":false,"_monsterinsights_sitenote_note":"","_monsterinsights_sitenote_category":0,"_jetpack_memberships_contains_paid_content":false,"footnotes":"","jetpack_publicize_message":"","jetpack_publicize_feature_enabled":true,"jetpack_social_post_already_shared":true,"jetpack_social_options":{"image_generator_settings":{"template":"highway","default_image_id":0,"font":"","enabled":false},"version":2}},"categories":[9],"tags":[],"class_list":["post-64671","post","type-post","status-publish","format-standard","has-post-thumbnail","hentry","category-reflexao"],"acf":[],"jetpack_publicize_connections":[],"jetpack_featured_media_url":"https:\/\/i0.wp.com\/blogdoeloiltoncajuhy.com.br\/site\/wp-content\/uploads\/2022\/05\/Pinterest_02052022.jpg?fit=564%2C564&ssl=1","jetpack_sharing_enabled":true,"publishpress_future_workflow_manual_trigger":{"enabledWorkflows":[]},"_links":{"self":[{"href":"https:\/\/blogdoeloiltoncajuhy.com.br\/site\/wp-json\/wp\/v2\/posts\/64671","targetHints":{"allow":["GET"]}}],"collection":[{"href":"https:\/\/blogdoeloiltoncajuhy.com.br\/site\/wp-json\/wp\/v2\/posts"}],"about":[{"href":"https:\/\/blogdoeloiltoncajuhy.com.br\/site\/wp-json\/wp\/v2\/types\/post"}],"author":[{"embeddable":true,"href":"https:\/\/blogdoeloiltoncajuhy.com.br\/site\/wp-json\/wp\/v2\/users\/2"}],"replies":[{"embeddable":true,"href":"https:\/\/blogdoeloiltoncajuhy.com.br\/site\/wp-json\/wp\/v2\/comments?post=64671"}],"version-history":[{"count":1,"href":"https:\/\/blogdoeloiltoncajuhy.com.br\/site\/wp-json\/wp\/v2\/posts\/64671\/revisions"}],"predecessor-version":[{"id":64673,"href":"https:\/\/blogdoeloiltoncajuhy.com.br\/site\/wp-json\/wp\/v2\/posts\/64671\/revisions\/64673"}],"wp:featuredmedia":[{"embeddable":true,"href":"https:\/\/blogdoeloiltoncajuhy.com.br\/site\/wp-json\/wp\/v2\/media\/64672"}],"wp:attachment":[{"href":"https:\/\/blogdoeloiltoncajuhy.com.br\/site\/wp-json\/wp\/v2\/media?parent=64671"}],"wp:term":[{"taxonomy":"category","embeddable":true,"href":"https:\/\/blogdoeloiltoncajuhy.com.br\/site\/wp-json\/wp\/v2\/categories?post=64671"},{"taxonomy":"post_tag","embeddable":true,"href":"https:\/\/blogdoeloiltoncajuhy.com.br\/site\/wp-json\/wp\/v2\/tags?post=64671"}],"curies":[{"name":"wp","href":"https:\/\/api.w.org\/{rel}","templated":true}]}}